{"id":221624,"date":"2025-08-11T09:46:07","date_gmt":"2025-08-11T12:46:07","guid":{"rendered":"https:\/\/corrientesdetarde.com\/?p=221624"},"modified":"2025-08-11T09:46:11","modified_gmt":"2025-08-11T12:46:11","slug":"18-anos-de-prision-a-un-hombre-por-homicidio-y-lesiones-gravisimas","status":"publish","type":"post","link":"https:\/\/corrientesdetarde.com\/index.php\/crimen-y-justicia\/18-anos-de-prision-a-un-hombre-por-homicidio-y-lesiones-gravisimas\/","title":{"rendered":"18 a\u00f1os de prisi\u00f3n a un hombre por homicidio \u00a0y lesiones grav\u00edsimas"},"content":{"rendered":"\n<p>El m\u00e1ximo tribunal de Corrientes rechaz\u00f3 por unanimidad el recurso de casaci\u00f3n presentado por la defensa de Diego Armando Rojas y ratific\u00f3 la condena por el crimen de Julio C\u00e9sar Altamirano y las graves heridas provocadas a Carlos Alberto Altamirano en 2018.<\/p>\n\n\n\n<p><\/p>\n\n\n\n<p><strong>El hecho<\/strong><\/p>\n\n\n\n<p>Seg\u00fan la sentencia, el 3 de octubre de 2018, alrededor de las 22:30 horas, en la ciudad de Bella Vista, se produjo un enfrentamiento entre miembros de las familias Rojas y Altamirano. Durante el altercado, Rojas efectu\u00f3 disparos con un arma calibre .22, causando la muerte de Julio C\u00e9sar Altamirano y provocando lesiones grav\u00edsimas a Carlos Alberto Altamirano, quien sufri\u00f3 una lesi\u00f3n medular irreversible que le gener\u00f3 paraplej\u00eda.<\/p>\n\n\n\n<p>El ataque se produjo minutos despu\u00e9s de una discusi\u00f3n previa en un local comercial, donde Rojas hab\u00eda sido amenazado. Tras retirarse a su domicilio y regresar en un veh\u00edculo acompa\u00f1ado por otras personas, se dirigi\u00f3 a la vivienda de la familia Altamirano, efectu\u00f3 disparos y luego se produjo el encuentro final frente a su casa, donde ocurrieron las lesiones y el homicidio.<\/p>\n\n\n\n<p><strong>Argumentos del Superior Tribunal<\/strong><\/p>\n\n\n\n<p>El ministro del STJ, doctor Alejandro Alberto Chain fue el primero en votar y propuso rechazar el recurso de casaci\u00f3n. Consider\u00f3 que la sentencia de primera instancia se encontraba debidamente fundada y basada en pruebas testimoniales y documentales que acreditaron la autor\u00eda de Rojas. Se\u00f1al\u00f3 que las cr\u00edticas de la defensa no lograban conmover lo resuelto y destac\u00f3 que la valoraci\u00f3n de los testimonios se realiz\u00f3 conforme a la sana cr\u00edtica racional, sin arbitrariedad.<\/p>\n\n\n\n<p>El ministro Eduardo Gilberto Panseri aclar\u00f3 que no compart\u00eda el orden de votaci\u00f3n establecido por Resoluci\u00f3n Administrativa N\u00ba 54\/25, pero coincidi\u00f3 con la relator\u00eda y la soluci\u00f3n propuesta por Chain, adhiriendo a su voto.<\/p>\n\n\n\n<p>Los ministros; doctores Guillermo Horacio Semhan, Luis Eduardo Rey V\u00e1zquez (presidente) y Fernando Augusto Niz tambi\u00e9n adhirieron al voto del doctor Chain, compartiendo sus fundamentos.<\/p>\n","protected":false},"excerpt":{"rendered":"<p>El m\u00e1ximo tribunal de Corrientes rechaz\u00f3 por unanimidad el recurso de casaci\u00f3n presentado por la defensa de Diego Armando Rojas y ratific\u00f3 la condena por el crimen de Julio C\u00e9sar&hellip; <\/p>\n","protected":false},"author":1,"featured_media":221629,"comment_status":"closed","ping_status":"open","sticky":false,"template":"","format":"standard","meta":{"footnotes":""},"categories":[5],"tags":[],"class_list":["post-221624","post","type-post","status-publish","format-standard","has-post-thumbnail","hentry","category-crimen-y-justicia"],"_links":{"self":[{"href":"https:\/\/corrientesdetarde.com\/index.php\/wp-json\/wp\/v2\/posts\/221624","targetHints":{"allow":["GET"]}}],"collection":[{"href":"https:\/\/corrientesdetarde.com\/index.php\/wp-json\/wp\/v2\/posts"}],"about":[{"href":"https:\/\/corrientesdetarde.com\/index.php\/wp-json\/wp\/v2\/types\/post"}],"author":[{"embeddable":true,"href":"https:\/\/corrientesdetarde.com\/index.php\/wp-json\/wp\/v2\/users\/1"}],"replies":[{"embeddable":true,"href":"https:\/\/corrientesdetarde.com\/index.php\/wp-json\/wp\/v2\/comments?post=221624"}],"version-history":[{"count":1,"href":"https:\/\/corrientesdetarde.com\/index.php\/wp-json\/wp\/v2\/posts\/221624\/revisions"}],"predecessor-version":[{"id":221630,"href":"https:\/\/corrientesdetarde.com\/index.php\/wp-json\/wp\/v2\/posts\/221624\/revisions\/221630"}],"wp:featuredmedia":[{"embeddable":true,"href":"https:\/\/corrientesdetarde.com\/index.php\/wp-json\/wp\/v2\/media\/221629"}],"wp:attachment":[{"href":"https:\/\/corrientesdetarde.com\/index.php\/wp-json\/wp\/v2\/media?parent=221624"}],"wp:term":[{"taxonomy":"category","embeddable":true,"href":"https:\/\/corrientesdetarde.com\/index.php\/wp-json\/wp\/v2\/categories?post=221624"},{"taxonomy":"post_tag","embeddable":true,"href":"https:\/\/corrientesdetarde.com\/index.php\/wp-json\/wp\/v2\/tags?post=221624"}],"curies":[{"name":"wp","href":"https:\/\/api.w.org\/{rel}","templated":true}]}}