{"id":221647,"date":"2025-08-11T11:15:54","date_gmt":"2025-08-11T14:15:54","guid":{"rendered":"https:\/\/corrientesdetarde.com\/?p=221647"},"modified":"2025-08-11T11:16:06","modified_gmt":"2025-08-11T14:16:06","slug":"educacion-trabajo-e-innovacion-nuevos-convenios-de-la-vicegobernacion","status":"publish","type":"post","link":"https:\/\/corrientesdetarde.com\/index.php\/eventos\/educacion-trabajo-e-innovacion-nuevos-convenios-de-la-vicegobernacion\/","title":{"rendered":"Educaci\u00f3n, trabajo e innovaci\u00f3n: nuevos convenios de la Vicegobernaci\u00f3n"},"content":{"rendered":"\n<p>Sal\u00f3n de Acuerdos<\/p>\n\n\n\n<p> Educaci\u00f3n, trabajo e innovaci\u00f3n: nuevos convenios de la Vicegobernaci\u00f3n<\/p>\n\n\n\n<p>El vicegobernador, Pedro Braillard Poccard, suscribi\u00f3 un convenio este lunes con el Colegio Secundario &#8220;Olga Cossettini&#8221; representado por su rector, profesor Jorge Ra\u00fal Meza, para formalizar un programa general de pasant\u00edas para los alumnos del 6to. a\u00f1o del establecimiento.<\/p>\n\n\n\n<p>A partir de esta firma, los alumnos llevar\u00e1n adelante pr\u00e1cticas complementarias a su formaci\u00f3n, que enriquezcan la propuesta curricular de los estudios que cursan, incorporen saberes, habilidades y actitudes vinculadas a situaciones reales del mundo del trabajo; y que adquieran conocimientos que contribuyan a mejorar sus posibilidades de inserci\u00f3n en el \u00e1mbito laboral.<\/p>\n\n\n\n<p>El programa estar\u00e1 bajo la coordinaci\u00f3n, seguimiento y evaluaci\u00f3n de la profesora de la instituci\u00f3n \u2013presente en la firma- Susana Malague\u00f1o, quien agradeci\u00f3 al vicegobernador por \u201cfacilitar este espacio de acercamiento a la valoraci\u00f3n del trabajo como elemento indispensable y dignificador para la vida\u201d.<\/p>\n\n\n\n<p>En tanto Braillard Poccard, al dirigirse a las autoridades, le agradeci\u00f3 por \u201cconfiarnos su tesoro m\u00e1s preciado que son los alumnos, y espero que sea una experiencia provechosa para todos\u201d, y a modo de consejo dijo a los estudiantes, \u201chagan lo que hagan, pongan toda su fuerza, si han llegado hasta ac\u00e1 van a llegar hasta donde quieran, el l\u00edmite se lo ponen ustedes\u201d.<\/p>\n\n\n\n<p>Convenio con la firma Aiweekend<\/p>\n\n\n\n<p>Luego se firm\u00f3 otro convenio de cooperaci\u00f3n, tambi\u00e9n entre la Vicegobernaci\u00f3n y la firma Aiweekend, representada por su cofundadora y COO del proyecto, Florencia Noem\u00ed Rosas y Alejandro Cruz Bacic cofundador y CMO de dicho proyecto.<\/p>\n\n\n\n<figure class=\"wp-block-image size-full\"><img loading=\"lazy\" decoding=\"async\" width=\"926\" height=\"657\" src=\"https:\/\/corrientesdetarde.com\/wp-content\/uploads\/2025\/08\/image-366.png\" alt=\"\" class=\"wp-image-221652\" srcset=\"https:\/\/corrientesdetarde.com\/wp-content\/uploads\/2025\/08\/image-366.png 926w, https:\/\/corrientesdetarde.com\/wp-content\/uploads\/2025\/08\/image-366-300x213.png 300w, https:\/\/corrientesdetarde.com\/wp-content\/uploads\/2025\/08\/image-366-768x545.png 768w\" sizes=\"auto, (max-width: 926px) 100vw, 926px\" \/><\/figure>\n\n\n\n<p>El convenio tiene como objetivo articular acciones para la colaboraci\u00f3n y apoyo rec\u00edproco para impulsar, desarrollar y difundir actividades relacionadas con la innovaci\u00f3n tecnol\u00f3gica, el talento joven, el desarrollo profesional en el \u00e1mbito acad\u00e9mico, de investigaci\u00f3n, extensi\u00f3n y transferencia tecnol\u00f3gica, emprendiendo acciones conjuntas a fin de incrementar los beneficios en favor de los firmantes y de sus actores como veh\u00edculos fundamentales de difusi\u00f3n y formaci\u00f3n.<\/p>\n\n\n\n<p>Adem\u00e1s, se comprometen a impulsar de forma conjunta la realizaci\u00f3n, organizaci\u00f3n y participaci\u00f3n de eventos, encuentros, jornadas, ferias o actividades similares, tanto en la provincia de Corrientes, como en otras regiones del pa\u00eds o en el exterior, con el objetivo de fomentar, visibilizar y potenciar el talento tecnol\u00f3gico de Corrientes, y promover la cultura de la innovaci\u00f3n y fortalecer las oportunidades de crecimiento profesional para j\u00f3venes y emprendedores tecnol\u00f3gicos.<\/p>\n\n\n\n<figure class=\"wp-block-image size-full\"><img loading=\"lazy\" decoding=\"async\" width=\"526\" height=\"591\" src=\"https:\/\/corrientesdetarde.com\/wp-content\/uploads\/2025\/08\/image-365.png\" alt=\"\" class=\"wp-image-221651\" srcset=\"https:\/\/corrientesdetarde.com\/wp-content\/uploads\/2025\/08\/image-365.png 526w, https:\/\/corrientesdetarde.com\/wp-content\/uploads\/2025\/08\/image-365-267x300.png 267w\" sizes=\"auto, (max-width: 526px) 100vw, 526px\" \/><\/figure>\n\n\n\n<figure class=\"wp-block-image size-full\"><img loading=\"lazy\" decoding=\"async\" width=\"991\" height=\"665\" src=\"https:\/\/corrientesdetarde.com\/wp-content\/uploads\/2025\/08\/image-367.png\" alt=\"\" class=\"wp-image-221653\" srcset=\"https:\/\/corrientesdetarde.com\/wp-content\/uploads\/2025\/08\/image-367.png 991w, https:\/\/corrientesdetarde.com\/wp-content\/uploads\/2025\/08\/image-367-300x201.png 300w, https:\/\/corrientesdetarde.com\/wp-content\/uploads\/2025\/08\/image-367-768x515.png 768w\" sizes=\"auto, (max-width: 991px) 100vw, 991px\" \/><\/figure>\n","protected":false},"excerpt":{"rendered":"<p>Sal\u00f3n de Acuerdos Educaci\u00f3n, trabajo e innovaci\u00f3n: nuevos convenios de la Vicegobernaci\u00f3n El vicegobernador, Pedro Braillard Poccard, suscribi\u00f3 un convenio este lunes con el Colegio Secundario &#8220;Olga Cossettini&#8221; representado por&hellip; <\/p>\n","protected":false},"author":1,"featured_media":221654,"comment_status":"closed","ping_status":"open","sticky":false,"template":"","format":"standard","meta":{"footnotes":""},"categories":[22],"tags":[],"class_list":["post-221647","post","type-post","status-publish","format-standard","has-post-thumbnail","hentry","category-eventos"],"_links":{"self":[{"href":"https:\/\/corrientesdetarde.com\/index.php\/wp-json\/wp\/v2\/posts\/221647","targetHints":{"allow":["GET"]}}],"collection":[{"href":"https:\/\/corrientesdetarde.com\/index.php\/wp-json\/wp\/v2\/posts"}],"about":[{"href":"https:\/\/corrientesdetarde.com\/index.php\/wp-json\/wp\/v2\/types\/post"}],"author":[{"embeddable":true,"href":"https:\/\/corrientesdetarde.com\/index.php\/wp-json\/wp\/v2\/users\/1"}],"replies":[{"embeddable":true,"href":"https:\/\/corrientesdetarde.com\/index.php\/wp-json\/wp\/v2\/comments?post=221647"}],"version-history":[{"count":1,"href":"https:\/\/corrientesdetarde.com\/index.php\/wp-json\/wp\/v2\/posts\/221647\/revisions"}],"predecessor-version":[{"id":221655,"href":"https:\/\/corrientesdetarde.com\/index.php\/wp-json\/wp\/v2\/posts\/221647\/revisions\/221655"}],"wp:featuredmedia":[{"embeddable":true,"href":"https:\/\/corrientesdetarde.com\/index.php\/wp-json\/wp\/v2\/media\/221654"}],"wp:attachment":[{"href":"https:\/\/corrientesdetarde.com\/index.php\/wp-json\/wp\/v2\/media?parent=221647"}],"wp:term":[{"taxonomy":"category","embeddable":true,"href":"https:\/\/corrientesdetarde.com\/index.php\/wp-json\/wp\/v2\/categories?post=221647"},{"taxonomy":"post_tag","embeddable":true,"href":"https:\/\/corrientesdetarde.com\/index.php\/wp-json\/wp\/v2\/tags?post=221647"}],"curies":[{"name":"wp","href":"https:\/\/api.w.org\/{rel}","templated":true}]}}