{"id":221659,"date":"2025-08-11T12:02:55","date_gmt":"2025-08-11T15:02:55","guid":{"rendered":"https:\/\/corrientesdetarde.com\/?p=221659"},"modified":"2025-08-11T12:03:18","modified_gmt":"2025-08-11T15:03:18","slug":"clausura-2025-defensa-y-riestra-cierran-la-fecha","status":"publish","type":"post","link":"https:\/\/corrientesdetarde.com\/index.php\/deportes\/clausura-2025-defensa-y-riestra-cierran-la-fecha\/","title":{"rendered":"CLAUSURA 2025: DEFENSA Y RIESTRA CIERRAN LA FECHA"},"content":{"rendered":"\n<p>(Nicol\u00e1s Reif) &#8211; El halc\u00f3n y el blanquinegro se miden est\u00e1 tarde en Varela.<br>La cuarta fecha del Clausura 2025 del f\u00fatbol argentino de primera divisi\u00f3n finalizar\u00e1 este lunes cuando Defensa y Justicia reciba Deportivo Riestra en el Estadio Norberto Tomaghello desde las 19 horas.<br>El equipo dirigido por Mariano Soso intentar\u00e1 volver a cosechar un triunfo como local para as\u00ed poder dejar atr\u00e1s la derrota sufrida en Santiago del Estero ante Central C\u00f3rdoba. Por su parte, el conjunto del bajo flores buscar\u00e1 hacer lo propio para recuperarse del duro rev\u00e9s sufrido por Copa Argentina ante Racing el domingo pasado.<br>Transmite ESPN Premium.<\/p>\n\n\n\n<p><\/p>\n","protected":false},"excerpt":{"rendered":"<p>(Nicol\u00e1s Reif) &#8211; El halc\u00f3n y el blanquinegro se miden est\u00e1 tarde en Varela.La cuarta fecha del Clausura 2025 del f\u00fatbol argentino de primera divisi\u00f3n finalizar\u00e1 este lunes cuando Defensa&hellip; <\/p>\n","protected":false},"author":11,"featured_media":221660,"comment_status":"closed","ping_status":"open","sticky":false,"template":"","format":"standard","meta":{"footnotes":""},"categories":[4],"tags":[],"class_list":["post-221659","post","type-post","status-publish","format-standard","has-post-thumbnail","hentry","category-deportes"],"_links":{"self":[{"href":"https:\/\/corrientesdetarde.com\/index.php\/wp-json\/wp\/v2\/posts\/221659","targetHints":{"allow":["GET"]}}],"collection":[{"href":"https:\/\/corrientesdetarde.com\/index.php\/wp-json\/wp\/v2\/posts"}],"about":[{"href":"https:\/\/corrientesdetarde.com\/index.php\/wp-json\/wp\/v2\/types\/post"}],"author":[{"embeddable":true,"href":"https:\/\/corrientesdetarde.com\/index.php\/wp-json\/wp\/v2\/users\/11"}],"replies":[{"embeddable":true,"href":"https:\/\/corrientesdetarde.com\/index.php\/wp-json\/wp\/v2\/comments?post=221659"}],"version-history":[{"count":1,"href":"https:\/\/corrientesdetarde.com\/index.php\/wp-json\/wp\/v2\/posts\/221659\/revisions"}],"predecessor-version":[{"id":221661,"href":"https:\/\/corrientesdetarde.com\/index.php\/wp-json\/wp\/v2\/posts\/221659\/revisions\/221661"}],"wp:featuredmedia":[{"embeddable":true,"href":"https:\/\/corrientesdetarde.com\/index.php\/wp-json\/wp\/v2\/media\/221660"}],"wp:attachment":[{"href":"https:\/\/corrientesdetarde.com\/index.php\/wp-json\/wp\/v2\/media?parent=221659"}],"wp:term":[{"taxonomy":"category","embeddable":true,"href":"https:\/\/corrientesdetarde.com\/index.php\/wp-json\/wp\/v2\/categories?post=221659"},{"taxonomy":"post_tag","embeddable":true,"href":"https:\/\/corrientesdetarde.com\/index.php\/wp-json\/wp\/v2\/tags?post=221659"}],"curies":[{"name":"wp","href":"https:\/\/api.w.org\/{rel}","templated":true}]}}