{"id":221662,"date":"2025-08-11T13:36:49","date_gmt":"2025-08-11T16:36:49","guid":{"rendered":"https:\/\/corrientesdetarde.com\/?p=221662"},"modified":"2025-08-11T13:36:52","modified_gmt":"2025-08-11T16:36:52","slug":"valdes-inauguro-una-nueva-comisaria-para-proteger-los-recursos-de-los-estudiantes","status":"publish","type":"post","link":"https:\/\/corrientesdetarde.com\/index.php\/locales\/valdes-inauguro-una-nueva-comisaria-para-proteger-los-recursos-de-los-estudiantes\/","title":{"rendered":"Vald\u00e9s inaugur\u00f3 una nueva comisar\u00eda \u201cpara proteger los recursos de los estudiantes\u201d"},"content":{"rendered":"\n<p>Este lunes, el gobernador Gustavo Vald\u00e9s encabez\u00f3 la apertura de la Comisar\u00eda N\u00b024, ubicada en la zona del Campus universitario de Corrientes. En este marco, el mandatario sostuvo que \u201cCorrientes creci\u00f3 gracias a la llegada de estudiantes que buscaron un mejor destino\u201d, por lo que \u201ctenemos que proteger esos recursos\u201d. Asimismo, inst\u00f3 a los efectivos policiales a que crezcan en valores, vocaci\u00f3n de servicio y profesionalismo.<\/p>\n\n\n\n<p>Esta nueva obra fue ejecutada por el Gobierno Provincial, se suma a la infraestructura edilicia provincial que tiene como objetivo principal garantizar las condiciones de trabajo del Personal Policial en pos de la Seguridad de todos los ciudadanos en todo el \u00e1mbito provincial y en especial, de este amplio sector, comprendiendo tambi\u00e9n los distintos grupos poblacionales y jurisdiccional, brindando m\u00e1s y mejor atenci\u00f3n a sus ciudadanos.<\/p>\n\n\n\n<p>La ubicaci\u00f3n de la obra nueva es en la capital de la provincia, sobre el \u201cCampus Universitario Deodoro Roca\u201d, en un espacio de 50&#215;50 m, sobre Av. Libertad, al este de la Facultad de Derecho y Ciencias Sociales y Pol\u00edticas.<\/p>\n\n\n\n<p>Se trata de una obra totalmente nueva, donde se realizar\u00e1n actividades administrativas, de atenci\u00f3n al p\u00fablico, y policiales en funci\u00f3n de los requerimientos y necesidades b\u00e1sicas para el funcionamiento institucional, se ha propuesto en la elaboraci\u00f3n del proyecto, la construcci\u00f3n de los siguientes locales: hall de acceso, sala de guardia y prevenci\u00f3n, oficinas para las dependencias de la Comisar\u00eda, n\u00facleos sanitarios, radio y log\u00edstica, dormitorio para el personal policial, cocina comedor, galer\u00eda semi cubierta, sector de celdas.<\/p>\n\n\n\n<p><strong>Toma de posesi\u00f3n del cargo<\/strong><\/p>\n\n\n\n<p>En la oportunidad, el director general de Seguridad y Prevenci\u00f3n del Delito, comisario general Jos\u00e9 Mario Galarza, puso en posesi\u00f3n del cargo&nbsp;como jefe de la unidad, al comisario Ra\u00fal Adri\u00e1n Mi\u00e9rez.<\/p>\n\n\n\n<p><strong>Vald\u00e9s<\/strong><\/p>\n\n\n\n<p>Durante su discurso, el mandatario record\u00f3 la colaboraci\u00f3n de la UNNE durante la pandemia, especialmente en el desarrollo de respiradores junto a la empresa Inventu para el Hospital de Campa\u00f1a. \u201cA ra\u00edz de esa ayuda, nos comprometimos a devolver con obras. Primero fue un gimnasio cubierto, y ahora esta comisar\u00eda que fue avalada por el Consejo Superior de la universidad\u201d, se\u00f1al\u00f3.<\/p>\n\n\n\n<p>Vald\u00e9s adelant\u00f3 que el trabajo conjunto con la casa de estudios continuar\u00e1 con la instalaci\u00f3n de un Centro de Tecnolog\u00eda y una estaci\u00f3n solar para reducir los costos energ\u00e9ticos de la instituci\u00f3n. En este sentido, destac\u00f3 la importancia de que los gobiernos provinciales mantengan una \u201csimbiosis\u201d con la universidad p\u00fablica, reconociendo el conocimiento y los aportes que esta brinda a la comunidad.<\/p>\n\n\n\n<p>En relaci\u00f3n a la obra, el gobernador enfatiz\u00f3 que se trata de una comisar\u00eda modelo construida por INVICO, con un dise\u00f1o arquitect\u00f3nico moderno y pensado para el confort tanto del personal policial como de quienes requieran sus servicios. No obstante, advirti\u00f3 que la seguridad no depende solo de la infraestructura: \u201cNecesitamos leyes, fiscales comprometidos y una comunidad que colabore con nuestra polic\u00eda\u201d.<\/p>\n\n\n\n<p>En esa l\u00ednea, mencion\u00f3 el proyecto de ley para combatir el narcomenudeo y el microdelito, que ya obtuvo media sanci\u00f3n en el Senado provincial, y volvi\u00f3 a reclamar a la C\u00e1mara de Diputados el tratamiento de la ley de arancelamiento hospitalario, \u201cque lleva a\u00f1os frenada\u201d.<\/p>\n\n\n\n<p>Finalmente, Vald\u00e9s pidi\u00f3 a los efectivos policiales que refuercen el cuidado de los estudiantes y de los vecinos de la zona, destacando el aporte que la poblaci\u00f3n universitaria hace a la vida social de la capital correntina. \u201cCorrientes creci\u00f3 gracias a la llegada de estudiantes que buscaron un mejor destino. Tenemos que proteger esos recursos\u201d, concluy\u00f3.<\/p>\n\n\n\n<p><strong>Brindar seguridad, apostar al futuro<\/strong><\/p>\n\n\n\n<p>Tras la entrega de&nbsp;llaves de&nbsp;nuevos veh\u00edculos \u2013 una camioneta Toyota 4&#215;4 y dos motos- que forman parte del equipamiento para prevenci\u00f3n y seguridad de la Comisar\u00eda N\u00ba 24, el Comisario General \u00c1ngel Leguizam\u00f3n, Jefe de la polic\u00eda de Corrientes, se dirigi\u00f3 a las autoridades y p\u00fablico presente y destac\u00f3 \u201cel gran orgullo\u201d que representa la convocatoria para \u201ccelebrar la inauguraci\u00f3n de una nueva comisar\u00eda, ubicada estrat\u00e9gicamente cerca del Campus universitario\u201d, dijo, en tanto calific\u00f3 el acontecimiento como \u201cun paso firme del Estado hacia (fortalecer) una polic\u00eda m\u00e1s cercana y comprometida con los ciudadanos, como son los estudiantes que transitan a diario por esta Casa de Estudios. Por eso, brindar seguridad es tambi\u00e9n apostar al futuro\u201d, consider\u00f3.<\/p>\n\n\n\n<p>Adem\u00e1s, destac\u00f3 las caracter\u00edsticas edilicias de la comisar\u00eda, como \u201cla primera en su tipo en la ciudad\u201d, ya que cuenta con \u201cdos plantas, oficina de atenci\u00f3n al p\u00fablico, un lugar de alojamiento para las personas privadas de su libertad que fue hecha conforme a los est\u00e1ndares de derechos humanos, adem\u00e1s de veh\u00edculos\u201d, describi\u00f3, a la vez que agradeci\u00f3 al gobernador Gustavo Vald\u00e9s por la inversi\u00f3n realizada \u201cen bien de la seguridad p\u00fablica\u201d e inst\u00f3 al personal que cumplir\u00e1 funciones en el lugar a \u201ccontinuar trabajando con decisi\u00f3n, compromiso y profesionalismo\u201d.<\/p>\n\n\n\n<p>\u201cSigamos trabajando juntos para una mejor seguridad de todos los correntinos y para quienes transitan por nuestro suelo, como los estudiantes que viven aqu\u00ed en forma temporal. Sepan que estamos aqu\u00ed para cuidarlos y brindarles seguridad\u201d, afirm\u00f3.<\/p>\n\n\n\n<p><strong>Capacitaci\u00f3n y compromiso<\/strong><\/p>\n\n\n\n<p>Alfredo Vallejos, Ministro de Seguridad de la provincia, record\u00f3 por su parte el reciente aniversario n\u00famero 54 de la polic\u00eda de Corrientes, y ratific\u00f3 el compromiso de la gesti\u00f3n del gobierno provincial respecto de tener en cuenta las demandas de la sociedad, en particular en lo relativo a la seguridad.<\/p>\n\n\n\n<p>\u201cEstamos completamente seguros de que contamos con hombres y mujeres en la fuerza que est\u00e1n dispuestos, son capaces y est\u00e1n formados para dar respuesta a esa demanda\u201d, enfatiz\u00f3, en tanto reconoci\u00f3 que en esa zona de la ciudad la necesidad de una comisar\u00eda estaba siendo requerida por los vecinos.<\/p>\n\n\n\n<p>Por otra parte, agradeci\u00f3 a la Universidad Nacional del Nordeste por haber cedido el predio. \u201cA partir de hoy, los vecinos de esta zona van a tener a disposici\u00f3n una moderna comisar\u00eda, que de acurdo a su tipolog\u00eda es una novedad en la ciudad. Solo hay otra de similares caracter\u00edsticas en Santa Rosa y una m\u00e1s en construcci\u00f3n\u201d, mencion\u00f3.&nbsp; A la vez que destac\u00f3 con \u00e9nfasis en \u201cel cambio de los \u00faltimos a\u00f1os en lo que se refiere a la formaci\u00f3n del personal policial. A partir de hoy, est\u00e1n a cargo de esta comisar\u00eda dos Licenciados en Seguridad P\u00fablica y Ciudadana, egresados de la Universidad Nacional del Nordeste. Esto tambi\u00e9n explica lo que se viene haciendo e invirtiendo en capacitaci\u00f3n y formaci\u00f3n\u201d, sostuvo.<\/p>\n\n\n\n<p>Al final inst\u00f3 a continuar el trabajo en pos de \u201cuna polic\u00eda que crezca en valores, vocaci\u00f3n de servicio y profesionalismo\u201d.<\/p>\n\n\n\n<p><strong>Pol\u00edticas p\u00fablicas conjuntas<\/strong><\/p>\n\n\n\n<p>Omar Larroza, Rector de la Universidad Nacional del Nordeste, consider\u00f3 el momento como \u201cun d\u00eda de alegr\u00eda\u201d, y record\u00f3 el compromiso p\u00fablico expresado por el gobernador Gustavo Vald\u00e9s de radicar en el Campus una comisar\u00eda durante la inauguraci\u00f3n del polideportivo de la UNNE, a la vez que valor\u00f3 a la decisi\u00f3n del Consejo Superior de la Universidad por la resoluci\u00f3n de ceder el predio, \u201centendiendo que la articulaci\u00f3n de pol\u00edticas p\u00fablicas tiene que ver con la obligaci\u00f3n indelegable (del Estado) de ocuparse de la seguridad y de proteger y cuidar los derechos de la ciudadan\u00eda\u201d, expres\u00f3.<\/p>\n\n\n\n<p>En ese sentido, remarc\u00f3 el trabajo conjunto articulado que sostiene la UNNE con el Gobierno provincial y destac\u00f3 el compromiso del gobernador Gustavo Vald\u00e9s \u201cno solo en expresiones, sino en acciones. Demuestra tambi\u00e9n que a la Universidad la necesitamos todos, as\u00ed como pol\u00edticas p\u00fablicas en seguridad, educaci\u00f3n, salud y justicia. Es lo que hoy la sociedad nos interpela y requiere: trabajar de manera conjunta, demostrar que quienes asumen la responsabilidad de dirigir las Instituciones lo hacen en bien de toda la sociedad\u201d, subray\u00f3.<\/p>\n\n\n\n<p><strong>Presencias<\/strong><\/p>\n\n\n\n<p>Acompa\u00f1aron a las autoridades, los ministros de: Desarrollo Social, Ad\u00e1n Gaya; de Obras P\u00fablicas, Claudio Polich;&nbsp; de Justicia; Juan Jos\u00e9 L\u00f3pez Desimoni; de Industria, Mariel Gabur; el fiscal de estado, Horacio Ortega; el intendente de Corrientes, Eduardo Tassano; funcionarios, legisladores, concejales, autoridades policiales y de la Unne.<\/p>\n\n\n\n<figure class=\"wp-block-image size-large\"><img loading=\"lazy\" decoding=\"async\" width=\"1024\" height=\"682\" src=\"https:\/\/corrientesdetarde.com\/wp-content\/uploads\/2025\/08\/image-369-1024x682.png\" alt=\"\" class=\"wp-image-221663\" srcset=\"https:\/\/corrientesdetarde.com\/wp-content\/uploads\/2025\/08\/image-369-1024x682.png 1024w, https:\/\/corrientesdetarde.com\/wp-content\/uploads\/2025\/08\/image-369-300x200.png 300w, https:\/\/corrientesdetarde.com\/wp-content\/uploads\/2025\/08\/image-369-768x512.png 768w, https:\/\/corrientesdetarde.com\/wp-content\/uploads\/2025\/08\/image-369.png 1280w\" sizes=\"auto, (max-width: 1024px) 100vw, 1024px\" \/><\/figure>\n\n\n\n<figure class=\"wp-block-image size-large\"><img loading=\"lazy\" decoding=\"async\" width=\"1024\" height=\"645\" src=\"https:\/\/corrientesdetarde.com\/wp-content\/uploads\/2025\/08\/image-370-1024x645.png\" alt=\"\" class=\"wp-image-221664\" srcset=\"https:\/\/corrientesdetarde.com\/wp-content\/uploads\/2025\/08\/image-370-1024x645.png 1024w, https:\/\/corrientesdetarde.com\/wp-content\/uploads\/2025\/08\/image-370-300x189.png 300w, https:\/\/corrientesdetarde.com\/wp-content\/uploads\/2025\/08\/image-370-768x484.png 768w, https:\/\/corrientesdetarde.com\/wp-content\/uploads\/2025\/08\/image-370.png 1201w\" sizes=\"auto, (max-width: 1024px) 100vw, 1024px\" \/><\/figure>\n\n\n\n<figure class=\"wp-block-image size-large\"><img loading=\"lazy\" decoding=\"async\" width=\"1024\" height=\"682\" src=\"https:\/\/corrientesdetarde.com\/wp-content\/uploads\/2025\/08\/image-371-1024x682.png\" alt=\"\" class=\"wp-image-221665\" srcset=\"https:\/\/corrientesdetarde.com\/wp-content\/uploads\/2025\/08\/image-371-1024x682.png 1024w, https:\/\/corrientesdetarde.com\/wp-content\/uploads\/2025\/08\/image-371-300x200.png 300w, https:\/\/corrientesdetarde.com\/wp-content\/uploads\/2025\/08\/image-371-768x512.png 768w, https:\/\/corrientesdetarde.com\/wp-content\/uploads\/2025\/08\/image-371.png 1280w\" sizes=\"auto, (max-width: 1024px) 100vw, 1024px\" \/><\/figure>\n\n\n\n<figure class=\"wp-block-image size-large\"><img loading=\"lazy\" decoding=\"async\" width=\"1024\" height=\"682\" src=\"https:\/\/corrientesdetarde.com\/wp-content\/uploads\/2025\/08\/image-372-1024x682.png\" alt=\"\" class=\"wp-image-221666\" srcset=\"https:\/\/corrientesdetarde.com\/wp-content\/uploads\/2025\/08\/image-372-1024x682.png 1024w, https:\/\/corrientesdetarde.com\/wp-content\/uploads\/2025\/08\/image-372-300x200.png 300w, https:\/\/corrientesdetarde.com\/wp-content\/uploads\/2025\/08\/image-372-768x512.png 768w, https:\/\/corrientesdetarde.com\/wp-content\/uploads\/2025\/08\/image-372.png 1280w\" sizes=\"auto, (max-width: 1024px) 100vw, 1024px\" \/><\/figure>\n\n\n\n<figure class=\"wp-block-image size-large\"><img loading=\"lazy\" decoding=\"async\" width=\"1024\" height=\"682\" src=\"https:\/\/corrientesdetarde.com\/wp-content\/uploads\/2025\/08\/image-373-1024x682.png\" alt=\"\" class=\"wp-image-221667\" srcset=\"https:\/\/corrientesdetarde.com\/wp-content\/uploads\/2025\/08\/image-373-1024x682.png 1024w, https:\/\/corrientesdetarde.com\/wp-content\/uploads\/2025\/08\/image-373-300x200.png 300w, https:\/\/corrientesdetarde.com\/wp-content\/uploads\/2025\/08\/image-373-768x512.png 768w, https:\/\/corrientesdetarde.com\/wp-content\/uploads\/2025\/08\/image-373.png 1280w\" sizes=\"auto, (max-width: 1024px) 100vw, 1024px\" \/><\/figure>\n\n\n\n<figure class=\"wp-block-image size-large\"><img loading=\"lazy\" decoding=\"async\" width=\"1024\" height=\"682\" src=\"https:\/\/corrientesdetarde.com\/wp-content\/uploads\/2025\/08\/image-374-1024x682.png\" alt=\"\" class=\"wp-image-221668\" srcset=\"https:\/\/corrientesdetarde.com\/wp-content\/uploads\/2025\/08\/image-374-1024x682.png 1024w, https:\/\/corrientesdetarde.com\/wp-content\/uploads\/2025\/08\/image-374-300x200.png 300w, https:\/\/corrientesdetarde.com\/wp-content\/uploads\/2025\/08\/image-374-768x512.png 768w, https:\/\/corrientesdetarde.com\/wp-content\/uploads\/2025\/08\/image-374.png 1280w\" sizes=\"auto, (max-width: 1024px) 100vw, 1024px\" \/><\/figure>\n\n\n\n<figure class=\"wp-block-image size-large\"><img loading=\"lazy\" decoding=\"async\" width=\"1024\" height=\"682\" src=\"https:\/\/corrientesdetarde.com\/wp-content\/uploads\/2025\/08\/image-375-1024x682.png\" alt=\"\" class=\"wp-image-221669\" srcset=\"https:\/\/corrientesdetarde.com\/wp-content\/uploads\/2025\/08\/image-375-1024x682.png 1024w, https:\/\/corrientesdetarde.com\/wp-content\/uploads\/2025\/08\/image-375-300x200.png 300w, https:\/\/corrientesdetarde.com\/wp-content\/uploads\/2025\/08\/image-375-768x512.png 768w, https:\/\/corrientesdetarde.com\/wp-content\/uploads\/2025\/08\/image-375.png 1280w\" sizes=\"auto, (max-width: 1024px) 100vw, 1024px\" \/><\/figure>\n\n\n\n<figure class=\"wp-block-image size-large\"><img loading=\"lazy\" decoding=\"async\" width=\"1024\" height=\"682\" src=\"https:\/\/corrientesdetarde.com\/wp-content\/uploads\/2025\/08\/image-376-1024x682.png\" alt=\"\" class=\"wp-image-221670\" srcset=\"https:\/\/corrientesdetarde.com\/wp-content\/uploads\/2025\/08\/image-376-1024x682.png 1024w, https:\/\/corrientesdetarde.com\/wp-content\/uploads\/2025\/08\/image-376-300x200.png 300w, https:\/\/corrientesdetarde.com\/wp-content\/uploads\/2025\/08\/image-376-768x512.png 768w, https:\/\/corrientesdetarde.com\/wp-content\/uploads\/2025\/08\/image-376.png 1280w\" sizes=\"auto, (max-width: 1024px) 100vw, 1024px\" \/><\/figure>\n\n\n\n<figure class=\"wp-block-image size-large\"><img loading=\"lazy\" decoding=\"async\" width=\"1024\" height=\"682\" src=\"https:\/\/corrientesdetarde.com\/wp-content\/uploads\/2025\/08\/image-377-1024x682.png\" alt=\"\" class=\"wp-image-221671\" srcset=\"https:\/\/corrientesdetarde.com\/wp-content\/uploads\/2025\/08\/image-377-1024x682.png 1024w, https:\/\/corrientesdetarde.com\/wp-content\/uploads\/2025\/08\/image-377-300x200.png 300w, https:\/\/corrientesdetarde.com\/wp-content\/uploads\/2025\/08\/image-377-768x512.png 768w, https:\/\/corrientesdetarde.com\/wp-content\/uploads\/2025\/08\/image-377.png 1280w\" sizes=\"auto, (max-width: 1024px) 100vw, 1024px\" \/><\/figure>\n","protected":false},"excerpt":{"rendered":"<p>Este lunes, el gobernador Gustavo Vald\u00e9s encabez\u00f3 la apertura de la Comisar\u00eda N\u00b024, ubicada en la zona del Campus universitario de Corrientes. En este marco, el mandatario sostuvo que \u201cCorrientes&hellip; <\/p>\n","protected":false},"author":8,"featured_media":221672,"comment_status":"closed","ping_status":"open","sticky":false,"template":"","format":"standard","meta":{"footnotes":""},"categories":[8],"tags":[],"class_list":["post-221662","post","type-post","status-publish","format-standard","has-post-thumbnail","hentry","category-locales"],"_links":{"self":[{"href":"https:\/\/corrientesdetarde.com\/index.php\/wp-json\/wp\/v2\/posts\/221662","targetHints":{"allow":["GET"]}}],"collection":[{"href":"https:\/\/corrientesdetarde.com\/index.php\/wp-json\/wp\/v2\/posts"}],"about":[{"href":"https:\/\/corrientesdetarde.com\/index.php\/wp-json\/wp\/v2\/types\/post"}],"author":[{"embeddable":true,"href":"https:\/\/corrientesdetarde.com\/index.php\/wp-json\/wp\/v2\/users\/8"}],"replies":[{"embeddable":true,"href":"https:\/\/corrientesdetarde.com\/index.php\/wp-json\/wp\/v2\/comments?post=221662"}],"version-history":[{"count":1,"href":"https:\/\/corrientesdetarde.com\/index.php\/wp-json\/wp\/v2\/posts\/221662\/revisions"}],"predecessor-version":[{"id":221673,"href":"https:\/\/corrientesdetarde.com\/index.php\/wp-json\/wp\/v2\/posts\/221662\/revisions\/221673"}],"wp:featuredmedia":[{"embeddable":true,"href":"https:\/\/corrientesdetarde.com\/index.php\/wp-json\/wp\/v2\/media\/221672"}],"wp:attachment":[{"href":"https:\/\/corrientesdetarde.com\/index.php\/wp-json\/wp\/v2\/media?parent=221662"}],"wp:term":[{"taxonomy":"category","embeddable":true,"href":"https:\/\/corrientesdetarde.com\/index.php\/wp-json\/wp\/v2\/categories?post=221662"},{"taxonomy":"post_tag","embeddable":true,"href":"https:\/\/corrientesdetarde.com\/index.php\/wp-json\/wp\/v2\/tags?post=221662"}],"curies":[{"name":"wp","href":"https:\/\/api.w.org\/{rel}","templated":true}]}}