{"id":221720,"date":"2025-08-11T15:13:54","date_gmt":"2025-08-11T18:13:54","guid":{"rendered":"https:\/\/corrientesdetarde.com\/?p=221720"},"modified":"2025-08-11T15:13:59","modified_gmt":"2025-08-11T18:13:59","slug":"mas-de-500-profesionales-eligen-hacer-sus-residencias-en-corrientes","status":"publish","type":"post","link":"https:\/\/corrientesdetarde.com\/index.php\/bienestar-y-salud\/mas-de-500-profesionales-eligen-hacer-sus-residencias-en-corrientes\/","title":{"rendered":"M\u00e1s de 500 profesionales eligen hacer sus residencias en Corrientes"},"content":{"rendered":"\n<p><em>La Provincia ofrece un sistema robustecido de formaci\u00f3n en salud. El ministro, Ricardo Cardozo, destac\u00f3 el desempe\u00f1o de todos los que forman parte de este trabajo.<\/em><\/p>\n\n\n\n<p>El Ministerio de Salud P\u00fablica destaca el s\u00f3lido sistema de residencias con el que cuenta la provincia. En este sentido, el ministro remarc\u00f3 el papel de los directores de nosocomios \u201cquienes dan el empuje, control y articulaci\u00f3n con distintos servicios\u201d y, tambi\u00e9n \u201ca los jefes de \u00e1reas y m\u00e9dicos de planta\u201d por la capacitaci\u00f3n constante que realizan.<\/p>\n\n\n\n<p>Para el titular de la cartera sanitaria, los residentes \u201cson el pulm\u00f3n, coraz\u00f3n y cerebro de los hospitales\u201d y agreg\u00f3 que conoce del sacrificio que tienen que cumplir con tareas de asistencia y formaci\u00f3n.<\/p>\n\n\n\n<p>&nbsp;\u201cTenemos, por a\u00f1o, 2 millones de consultas en el sistema p\u00fablico de salud en la provincia. Contamos con un sistema de residencias s\u00f3lido y, con el antecedente de ser los primeros en el NEA que llenamos los cargos. Eso habla bien de nuestro trabajo. Las residencias, son el mejor sistema de formaci\u00f3n de posgrado que tenemos\u201d, dijo el ministro de Salud.<\/p>\n\n\n\n<p>Por su parte, la directora de Formaci\u00f3n,&nbsp;Nora Ropelato, remarc\u00f3 que \u201cCorrientes siempre fue y ser\u00e1 un pilar de formaci\u00f3n profesional. El a\u00f1o pasado el 56% de los residentes eligi\u00f3 quedarse en la provincia. Esto se da porque se demostr\u00f3 que tenemos un sistema confiable y transparente\u201d, sostuvo.<\/p>\n\n\n\n<p>Al mismo tiempo, indic\u00f3 que \u201cse ofrece un sistema s\u00f3lido de formaci\u00f3n profesional donde se dan contenidos acad\u00e9micos y trabajos dentro de hospitales y otros centros de salud\u201d.<\/p>\n\n\n\n<p>En total hay 590 residentes, los profesionales que realizan estas residencias son m\u00e9dicos, enfermeros, kinesi\u00f3logos, bioqu\u00edmicos, obstetras, psic\u00f3logos, asistentes sociales, odont\u00f3logos, nutricionistas y veterinarios. Las sedes en Corrientes son 26.<\/p>\n\n\n\n<p>Cabe indicar que \u201cpor las instancias pendientes de adjudicaci\u00f3n, que son examen \u00fanico y segundo llamado provincial, esta semana se sumar\u00e1n m\u00e1s residentes\u201d.<\/p>\n\n\n\n<p><strong>Testimonio<\/strong><\/p>\n\n\n\n<p>\u201cSoy odont\u00f3loga y estoy haciendo la residencia en Epidemiolog\u00eda. Esta formaci\u00f3n me ayuda mucho en ampliar mis conocimientos. En mi profesi\u00f3n ahora puedo observar patolog\u00edas que antes no lo hac\u00eda y me ayuda a trabajar en prevenci\u00f3n\u201d, dijo la residente&nbsp;Laura Ben\u00edtez&nbsp;quien agradeci\u00f3 \u201cal Ministerio por esta oportunidad para todos los que nos seguimos formando en la provincia\u201d.<\/p>\n\n\n\n<p>Las sedes son: Hospital \u201c\u00c1ngela I. de Llano\u201d, Escuela \u201cGral. Jos\u00e9 F. de San Mart\u00edn\u201d, Pedi\u00e1trico \u201cJuan Pablo II\u201d, \u201cDr. Jos\u00e9 R. Vidal\u201d, Materno Neonatal \u201cEloisa T. de Vidal\u201d, \u201cSan Francisco de As\u00eds\u201d, Geri\u00e1trico \u201cJuan F. Cabral\u201d, \u201cDr. Camilo Muniagurria\u201d de Goya, \u201cSan Juan Bautista\u201d de Santo Tom\u00e9, \u201cLas Mercedes\u201d de Mercedes, \u201cSan Jos\u00e9\u201d de Paso de los Libres, \u201cPresidente Ra\u00fal Alfons\u00edn\u201d de Riachuelo, \u201cDr. Miguel Sussini\u201d de Virasoro, \u201cDr. Jaime M. D\u00e1vila\u201d de Empedrado, hospital de Campa\u00f1a \u201cEscuela Hogar\u201d, \u201cDr. Fernando Irastorza\u201d de Curuz\u00fa Cuati\u00e1, \u201cDr. Ricardo Billinghurst\u201d de Ituzaing\u00f3, \u201cDr. Samuel W. Robinson\u201d de Monte Caseros, \u201cMar\u00eda Auxiliadora\u201d de Saladas, \u201cSan Roque\u201d de Esquina, \u201cEl Salvador\u201d de Bella Vista, \u201cSan Vicente de Paul\u201d de Ca\u00e1 Cat\u00ed, Hospital \u201cDr. Julio C. Rivero\u201d de San Cosme y Centro de Salud \u201cDr. Arturo O\u00f1ativia\u201d de El Sombrero.<\/p>\n\n\n\n<p>Adem\u00e1s del Ministerio de Salud, Direcci\u00f3n de Epidemiolog\u00eda y el Laboratorio Central de Corrientes.<\/p>\n\n\n\n<figure class=\"wp-block-image size-large\"><img loading=\"lazy\" decoding=\"async\" width=\"1024\" height=\"683\" src=\"https:\/\/corrientesdetarde.com\/wp-content\/uploads\/2025\/08\/image-404-1024x683.png\" alt=\"\" class=\"wp-image-221723\" srcset=\"https:\/\/corrientesdetarde.com\/wp-content\/uploads\/2025\/08\/image-404-1024x683.png 1024w, https:\/\/corrientesdetarde.com\/wp-content\/uploads\/2025\/08\/image-404-300x200.png 300w, https:\/\/corrientesdetarde.com\/wp-content\/uploads\/2025\/08\/image-404-768x512.png 768w, https:\/\/corrientesdetarde.com\/wp-content\/uploads\/2025\/08\/image-404-1536x1024.png 1536w, https:\/\/corrientesdetarde.com\/wp-content\/uploads\/2025\/08\/image-404.png 1620w\" sizes=\"auto, (max-width: 1024px) 100vw, 1024px\" \/><\/figure>\n","protected":false},"excerpt":{"rendered":"<p>La Provincia ofrece un sistema robustecido de formaci\u00f3n en salud. El ministro, Ricardo Cardozo, destac\u00f3 el desempe\u00f1o de todos los que forman parte de este trabajo. El Ministerio de Salud&hellip; <\/p>\n","protected":false},"author":8,"featured_media":221722,"comment_status":"closed","ping_status":"open","sticky":false,"template":"","format":"standard","meta":{"footnotes":""},"categories":[16],"tags":[],"class_list":["post-221720","post","type-post","status-publish","format-standard","has-post-thumbnail","hentry","category-bienestar-y-salud"],"_links":{"self":[{"href":"https:\/\/corrientesdetarde.com\/index.php\/wp-json\/wp\/v2\/posts\/221720","targetHints":{"allow":["GET"]}}],"collection":[{"href":"https:\/\/corrientesdetarde.com\/index.php\/wp-json\/wp\/v2\/posts"}],"about":[{"href":"https:\/\/corrientesdetarde.com\/index.php\/wp-json\/wp\/v2\/types\/post"}],"author":[{"embeddable":true,"href":"https:\/\/corrientesdetarde.com\/index.php\/wp-json\/wp\/v2\/users\/8"}],"replies":[{"embeddable":true,"href":"https:\/\/corrientesdetarde.com\/index.php\/wp-json\/wp\/v2\/comments?post=221720"}],"version-history":[{"count":1,"href":"https:\/\/corrientesdetarde.com\/index.php\/wp-json\/wp\/v2\/posts\/221720\/revisions"}],"predecessor-version":[{"id":221724,"href":"https:\/\/corrientesdetarde.com\/index.php\/wp-json\/wp\/v2\/posts\/221720\/revisions\/221724"}],"wp:featuredmedia":[{"embeddable":true,"href":"https:\/\/corrientesdetarde.com\/index.php\/wp-json\/wp\/v2\/media\/221722"}],"wp:attachment":[{"href":"https:\/\/corrientesdetarde.com\/index.php\/wp-json\/wp\/v2\/media?parent=221720"}],"wp:term":[{"taxonomy":"category","embeddable":true,"href":"https:\/\/corrientesdetarde.com\/index.php\/wp-json\/wp\/v2\/categories?post=221720"},{"taxonomy":"post_tag","embeddable":true,"href":"https:\/\/corrientesdetarde.com\/index.php\/wp-json\/wp\/v2\/tags?post=221720"}],"curies":[{"name":"wp","href":"https:\/\/api.w.org\/{rel}","templated":true}]}}