{"id":221822,"date":"2025-08-12T08:27:54","date_gmt":"2025-08-12T11:27:54","guid":{"rendered":"https:\/\/corrientesdetarde.com\/?p=221822"},"modified":"2025-08-12T08:28:06","modified_gmt":"2025-08-12T11:28:06","slug":"tres-siniestros-en-un-arranque-complicado-de-semana-dejo-un-muerto-y-heridos-graves","status":"publish","type":"post","link":"https:\/\/corrientesdetarde.com\/index.php\/policiales\/tres-siniestros-en-un-arranque-complicado-de-semana-dejo-un-muerto-y-heridos-graves\/","title":{"rendered":"Tres siniestros en un arranque complicado de semana, dej\u00f3 un muerto y heridos graves"},"content":{"rendered":"\n<p>Al menos tres siniestros viales ocurridos, dos en la capital correntina y un tercero en la ciudad de Saladas, dej\u00f3 como saldo un fallecido y otras cinco personas gravemente heridas, entre ellas una gendarme quien sufri\u00f3 la amputaci\u00f3n de una de sus piernas y una ni\u00f1a de 7 a\u00f1os que viajaba como acompa\u00f1ante de su madre cuando iban a la escuela.<\/p>\n\n\n\n<figure class=\"wp-block-image size-full\"><img loading=\"lazy\" decoding=\"async\" width=\"790\" height=\"500\" src=\"https:\/\/corrientesdetarde.com\/wp-content\/uploads\/2025\/08\/image-431.png\" alt=\"\" class=\"wp-image-221827\" srcset=\"https:\/\/corrientesdetarde.com\/wp-content\/uploads\/2025\/08\/image-431.png 790w, https:\/\/corrientesdetarde.com\/wp-content\/uploads\/2025\/08\/image-431-300x190.png 300w, https:\/\/corrientesdetarde.com\/wp-content\/uploads\/2025\/08\/image-431-768x486.png 768w\" sizes=\"auto, (max-width: 790px) 100vw, 790px\" \/><\/figure>\n\n\n\n<p><\/p>\n\n\n\n<p>El primer de los hechos justamente sucedi\u00f3 en Saladas, poco antes de las 7:30, sobre la avenida Juan Gregorio Pujol y Juan Ram\u00f3n Vidal, donde por causas que se tratan de establecer chocaron frontalmente dos motocicletas Honda Wave de 110 cc. La primera de ellas, era conducida por un hombre identificado como Jorge E. G\u00f3mez da Silva, de 35 a\u00f1os; mientras que el segundo veh\u00edculo iba al mando de Antonella A. Chavez Leyez, de 28 a\u00f1os, que iba acompa\u00f1ada de su hija de 7 a\u00f1os, a quien llevaba a la escuela. Los dos conductores de las motos absorbieron la violencia del impacto sufriendo las heridas m\u00e1s graves. El hombre sufri\u00f3 politraumatismos varios; mientras que la joven tuvo fracturas del maxilar y del f\u00e9mur. Su hija tambi\u00e9n sufri\u00f3 politraumatismos. Todos fueron trasladados hacia la capital correntina.<\/p>\n\n\n\n<p>Un dato alarmante es que ninguno de los conductores llevaba colocado su casco de seguridad. El siniestro vial ocurri\u00f3 sobre una avenida tristemente conocida por otros hechos viales fatales. El m\u00e1s reciente ocurrido a pocos metros a fines del mes de junio y que tambi\u00e9n protagonizaron dos motociclistas.<\/p>\n\n\n\n<p>Casi al mismo momento, pero en la capital correntina, por avenida Cazadores Correntinos y Reconquista, una mala maniobra de repentino giro en &#8220;U&#8221; del conductor de un autom\u00f3vil, provoc\u00f3 que el motociclista, que guiaba una Honda CG Titan de 150 cc., que circulaba en el mismo sentido lo impactara en uno de sus laterales. El conductor del rodado peque\u00f1o, identificado como Maximiliano U. Soto, sufri\u00f3 una fractura expuesta en su pierna derecha y debi\u00f3 ser trasladado de urgencia hasta el Hospital Escuela en el que qued\u00f3 internado.<\/p>\n\n\n\n<p>Solo unos minutos m\u00e1s tarde, ocurri\u00f3 el tercero de los siniestros viales, sobre Ruta Nacional N\u00b012, frente a la Escuela ERAGIA, donde por causas que se tratan de establecer, chocaron frontalmente dos motocicletas dejando a los dos protagonistas en estado grav\u00edsimo.<\/p>\n\n\n\n<p>Seg\u00fan indicaron fuentes oficiales, una de las motocicletas era conducida por Carlos R. Borba, de 22 a\u00f1os, quien falleci\u00f3 por sufrir fracturas en sus extremidades y traumatismos varios; mientras que el otro veh\u00edculo era guiado por Viviana Marlene Rodas, de 36 a\u00f1os, integrante de la Gendarmer\u00eda Nacional, quien sufri\u00f3 la amputaci\u00f3n de una de sus piernas; adem\u00e1s de otras lesiones de consideraci\u00f3n.<\/p>\n\n\n\n<p>Ambos fueron auxiliados y trasladados r\u00e1pidamente hasta el Hospital Escuela donde quedaron internados en terapia intensiva con pron\u00f3stico reservado.<\/p>\n","protected":false},"excerpt":{"rendered":"<p>Al menos tres siniestros viales ocurridos, dos en la capital correntina y un tercero en la ciudad de Saladas, dej\u00f3 como saldo un fallecido y otras cinco personas gravemente heridas,&hellip; <\/p>\n","protected":false},"author":1,"featured_media":221826,"comment_status":"closed","ping_status":"open","sticky":false,"template":"","format":"standard","meta":{"footnotes":""},"categories":[33],"tags":[],"class_list":["post-221822","post","type-post","status-publish","format-standard","has-post-thumbnail","hentry","category-policiales"],"_links":{"self":[{"href":"https:\/\/corrientesdetarde.com\/index.php\/wp-json\/wp\/v2\/posts\/221822","targetHints":{"allow":["GET"]}}],"collection":[{"href":"https:\/\/corrientesdetarde.com\/index.php\/wp-json\/wp\/v2\/posts"}],"about":[{"href":"https:\/\/corrientesdetarde.com\/index.php\/wp-json\/wp\/v2\/types\/post"}],"author":[{"embeddable":true,"href":"https:\/\/corrientesdetarde.com\/index.php\/wp-json\/wp\/v2\/users\/1"}],"replies":[{"embeddable":true,"href":"https:\/\/corrientesdetarde.com\/index.php\/wp-json\/wp\/v2\/comments?post=221822"}],"version-history":[{"count":1,"href":"https:\/\/corrientesdetarde.com\/index.php\/wp-json\/wp\/v2\/posts\/221822\/revisions"}],"predecessor-version":[{"id":221828,"href":"https:\/\/corrientesdetarde.com\/index.php\/wp-json\/wp\/v2\/posts\/221822\/revisions\/221828"}],"wp:featuredmedia":[{"embeddable":true,"href":"https:\/\/corrientesdetarde.com\/index.php\/wp-json\/wp\/v2\/media\/221826"}],"wp:attachment":[{"href":"https:\/\/corrientesdetarde.com\/index.php\/wp-json\/wp\/v2\/media?parent=221822"}],"wp:term":[{"taxonomy":"category","embeddable":true,"href":"https:\/\/corrientesdetarde.com\/index.php\/wp-json\/wp\/v2\/categories?post=221822"},{"taxonomy":"post_tag","embeddable":true,"href":"https:\/\/corrientesdetarde.com\/index.php\/wp-json\/wp\/v2\/tags?post=221822"}],"curies":[{"name":"wp","href":"https:\/\/api.w.org\/{rel}","templated":true}]}}