{"id":221836,"date":"2025-08-12T08:44:06","date_gmt":"2025-08-12T11:44:06","guid":{"rendered":"https:\/\/corrientesdetarde.com\/?p=221836"},"modified":"2025-08-12T08:44:10","modified_gmt":"2025-08-12T11:44:10","slug":"marixa-balli-recibio-un-boton-antipanico-tras-denunciar-amenazas-de-un-grupo-de-rescatistas-de-animales","status":"publish","type":"post","link":"https:\/\/corrientesdetarde.com\/index.php\/espectaculos\/marixa-balli-recibio-un-boton-antipanico-tras-denunciar-amenazas-de-un-grupo-de-rescatistas-de-animales\/","title":{"rendered":"Marixa Balli recibi\u00f3 un bot\u00f3n antip\u00e1nico tras denunciar amenazas de un grupo de rescatistas de animales"},"content":{"rendered":"\n<p>&#8220;Bueno, llegando a la comisaria a pedido del fiscal&#8221;, se la escuch\u00f3 decir en un video que comparti\u00f3 en sus historias de Instagram.<\/p>\n\n\n\n<p><br>Acto seguido, explic\u00f3: &#8220;Estoy recibiendo amenazas tremendas de las que se hacen llamar rescatistas y tienen p\u00e1ginas (de defensa animal)&#8221;. &#8220;Ya realizamos la denuncia penal&#8221;, advirti\u00f3 junto a una copia de la presentaci\u00f3n judicial.<\/p>\n\n\n\n<p>&nbsp; &nbsp;&nbsp;<br>Asimismo, se\u00f1al\u00f3: &#8220;Hoy me entregan el bot\u00f3n antip\u00e1nico. Pedido del fiscal por el grado de amenazas&#8221;. &#8220;Todo por Lola. Carlos cuidate&#8221;, cerr\u00f3.<\/p>\n\n\n\n<p><strong>Qu\u00e9 le pas\u00f3 a Marixa Balli y por qu\u00e9 le dieron un bot\u00f3n antip\u00e1nico<\/strong><\/p>\n\n\n\n<p><br>En los \u00faltimos d\u00edas, Marixa Balli colabor\u00f3 para que Carlos, un se\u00f1or en situaci\u00f3n de calle, se reencontrara con su mascota, pero ahora ella recibe amenazas.<\/p>\n\n\n\n<p>Este lunes, al aire de \u00c1ngel responde (Bondi), contaron que conversaron con Marixa Balli quien dio detalles de lo ocurrido. &#8220;Me dijo que est\u00e1 bajo amenazas por el tema de Lola, la perra que ayud\u00f3 a rescatar y que la pudieron llevar a un refugio con su due\u00f1o&#8221;, contextualiz\u00f3 Juli Argenta.<\/p>\n\n\n\n<p>&#8220;Estaba refeliz, pero ahora est\u00e1 con amenazas. Yo entiendo o interpreto que debe ser por parte de las chicas que hab\u00edan tenido en tr\u00e1nsito a la perra o de alg\u00fan grupo que est\u00e1 enojado con esta decisi\u00f3n que fue de la Justicia. As\u00ed que le dan el bot\u00f3n antip\u00e1nico&#8221;, dijo la columnista. Y agreg\u00f3: &#8220;Y tambi\u00e9n amenazaron con fuego al se\u00f1or de la calle&#8221;.<\/p>\n\n\n\n<p>Acto seguido, pusieron al aire un audio de la artista hablando del tema. &#8220;Vine a buscar el bot\u00f3n antip\u00e1nico por las amenazas terribles que me est\u00e1n haciendo por el tema de Lola, de la perrita, todas estas mujeres que no s\u00e9 qu\u00e9 les pasa&#8221;, dijo. Y explic\u00f3: &#8220;As\u00ed que se hizo una denuncia penal y autom\u00e1ticamente el fiscal pidi\u00f3 por favor que no ande sola por la calle y que tenga bot\u00f3n antip\u00e1nico&#8230; Ellos analizan las denuncias y son de alto contenido&#8221;.<\/p>\n\n\n\n<p>Esta no es la primera vez que la cantante y exvedette se ve involucrada en una situaci\u00f3n tensa por interceder en cuestiones vinculadas al rescate de animales.<\/p>\n\n\n\n<p><\/p>\n","protected":false},"excerpt":{"rendered":"<p>&#8220;Bueno, llegando a la comisaria a pedido del fiscal&#8221;, se la escuch\u00f3 decir en un video que comparti\u00f3 en sus historias de Instagram. Acto seguido, explic\u00f3: &#8220;Estoy recibiendo amenazas tremendas&hellip; <\/p>\n","protected":false},"author":1,"featured_media":221838,"comment_status":"closed","ping_status":"open","sticky":false,"template":"","format":"standard","meta":{"footnotes":""},"categories":[19],"tags":[],"class_list":["post-221836","post","type-post","status-publish","format-standard","has-post-thumbnail","hentry","category-espectaculos"],"_links":{"self":[{"href":"https:\/\/corrientesdetarde.com\/index.php\/wp-json\/wp\/v2\/posts\/221836","targetHints":{"allow":["GET"]}}],"collection":[{"href":"https:\/\/corrientesdetarde.com\/index.php\/wp-json\/wp\/v2\/posts"}],"about":[{"href":"https:\/\/corrientesdetarde.com\/index.php\/wp-json\/wp\/v2\/types\/post"}],"author":[{"embeddable":true,"href":"https:\/\/corrientesdetarde.com\/index.php\/wp-json\/wp\/v2\/users\/1"}],"replies":[{"embeddable":true,"href":"https:\/\/corrientesdetarde.com\/index.php\/wp-json\/wp\/v2\/comments?post=221836"}],"version-history":[{"count":1,"href":"https:\/\/corrientesdetarde.com\/index.php\/wp-json\/wp\/v2\/posts\/221836\/revisions"}],"predecessor-version":[{"id":221839,"href":"https:\/\/corrientesdetarde.com\/index.php\/wp-json\/wp\/v2\/posts\/221836\/revisions\/221839"}],"wp:featuredmedia":[{"embeddable":true,"href":"https:\/\/corrientesdetarde.com\/index.php\/wp-json\/wp\/v2\/media\/221838"}],"wp:attachment":[{"href":"https:\/\/corrientesdetarde.com\/index.php\/wp-json\/wp\/v2\/media?parent=221836"}],"wp:term":[{"taxonomy":"category","embeddable":true,"href":"https:\/\/corrientesdetarde.com\/index.php\/wp-json\/wp\/v2\/categories?post=221836"},{"taxonomy":"post_tag","embeddable":true,"href":"https:\/\/corrientesdetarde.com\/index.php\/wp-json\/wp\/v2\/tags?post=221836"}],"curies":[{"name":"wp","href":"https:\/\/api.w.org\/{rel}","templated":true}]}}