{"id":221858,"date":"2025-08-12T11:24:00","date_gmt":"2025-08-12T14:24:00","guid":{"rendered":"https:\/\/corrientesdetarde.com\/?p=221858"},"modified":"2025-08-12T11:24:11","modified_gmt":"2025-08-12T14:24:11","slug":"jueves-14-a-las-20-horas-se-realizara-la-muestra-de-arte-joven-en-la-legislatura","status":"publish","type":"post","link":"https:\/\/corrientesdetarde.com\/index.php\/eventos\/jueves-14-a-las-20-horas-se-realizara-la-muestra-de-arte-joven-en-la-legislatura\/","title":{"rendered":"Jueves 14 a las 20 horas se realizar\u00e1 la Muestra de \u201cArte Joven\u201d en la Legislatura"},"content":{"rendered":"\n<p><\/p>\n\n\n\n<p>El vicegobernador, Pedro Braillard Poccard, invita a la inauguraci\u00f3n de la muestra \u201cArte Joven\u201d que se llevar\u00e1 a cabo este jueves 14 de agosto a las 20 horas en el Sal\u00f3n de los Pasos Perdidos de la Legislatura.<\/p>\n\n\n\n<p>Con la coordinaci\u00f3n del \u00e1rea Cultura Senado, la muestra tiene como protagonistas a j\u00f3venes artistas correntinos: Florencia Canevaro Obreg\u00f3n, Carlos Zalazar Guzm\u00e1n y Sof\u00eda Holowaty.<\/p>\n\n\n\n<p>En esta oportunidad, el p\u00fablico podr\u00e1 recorrer diversas obras en esta actividad que busca brindar visibilidad a los nuevos talentos.<\/p>\n\n\n\n<p>Adem\u00e1s, la art\u00edstica de la noche ser\u00e1 de la mano de Carmelo Lacava, un joven cantante correntino.<\/p>\n\n\n\n<p>Homenaje a Tarrag\u00f3 Ros<\/p>\n\n\n\n<p>En el marco del d\u00eda del Folclore, el pr\u00f3ximo viernes 22 de agosto a las 20 horas, el Vicegobernador har\u00e1 entrega de la distinci\u00f3n \u201cLibertador Gral. San Mart\u00edn\u201d a Antonio Tarrag\u00f3 Ros.<\/p>\n\n\n\n<p>El artista brindar\u00e1 un concierto en las escalinatas de la Legislatura y ser\u00e1 condecorado con el m\u00e1ximo galard\u00f3n que entrega el Senado de la provincia.<\/p>\n\n\n\n<p>El evento ser\u00e1 de acceso libre y gratuito.<\/p>\n\n\n\n<figure class=\"wp-block-image size-large\"><img decoding=\"async\" src=\"https:\/\/corrientesdetarde.com\/wp-content\/uploads\/2025\/08\/Imagen-de-WhatsApp-2025-08-12-a-las-10.49.22_d625e414-838x1024.jpg\" alt=\"\" class=\"wp-image-221859\"\/><\/figure>\n","protected":false},"excerpt":{"rendered":"<p>El vicegobernador, Pedro Braillard Poccard, invita a la inauguraci\u00f3n de la muestra \u201cArte Joven\u201d que se llevar\u00e1 a cabo este jueves 14 de agosto a las 20 horas en el&hellip; <\/p>\n","protected":false},"author":1,"featured_media":221859,"comment_status":"closed","ping_status":"open","sticky":false,"template":"","format":"standard","meta":{"footnotes":""},"categories":[22],"tags":[],"class_list":["post-221858","post","type-post","status-publish","format-standard","has-post-thumbnail","hentry","category-eventos"],"_links":{"self":[{"href":"https:\/\/corrientesdetarde.com\/index.php\/wp-json\/wp\/v2\/posts\/221858","targetHints":{"allow":["GET"]}}],"collection":[{"href":"https:\/\/corrientesdetarde.com\/index.php\/wp-json\/wp\/v2\/posts"}],"about":[{"href":"https:\/\/corrientesdetarde.com\/index.php\/wp-json\/wp\/v2\/types\/post"}],"author":[{"embeddable":true,"href":"https:\/\/corrientesdetarde.com\/index.php\/wp-json\/wp\/v2\/users\/1"}],"replies":[{"embeddable":true,"href":"https:\/\/corrientesdetarde.com\/index.php\/wp-json\/wp\/v2\/comments?post=221858"}],"version-history":[{"count":1,"href":"https:\/\/corrientesdetarde.com\/index.php\/wp-json\/wp\/v2\/posts\/221858\/revisions"}],"predecessor-version":[{"id":221860,"href":"https:\/\/corrientesdetarde.com\/index.php\/wp-json\/wp\/v2\/posts\/221858\/revisions\/221860"}],"wp:featuredmedia":[{"embeddable":true,"href":"https:\/\/corrientesdetarde.com\/index.php\/wp-json\/wp\/v2\/media\/221859"}],"wp:attachment":[{"href":"https:\/\/corrientesdetarde.com\/index.php\/wp-json\/wp\/v2\/media?parent=221858"}],"wp:term":[{"taxonomy":"category","embeddable":true,"href":"https:\/\/corrientesdetarde.com\/index.php\/wp-json\/wp\/v2\/categories?post=221858"},{"taxonomy":"post_tag","embeddable":true,"href":"https:\/\/corrientesdetarde.com\/index.php\/wp-json\/wp\/v2\/tags?post=221858"}],"curies":[{"name":"wp","href":"https:\/\/api.w.org\/{rel}","templated":true}]}}