{"id":221869,"date":"2025-08-12T13:27:48","date_gmt":"2025-08-12T16:27:48","guid":{"rendered":"https:\/\/corrientesdetarde.com\/?p=221869"},"modified":"2025-08-12T13:27:53","modified_gmt":"2025-08-12T16:27:53","slug":"cultura-inicia-un-ciclo-de-cine-con-tres-peliculas-dedicadas-a-san-martin","status":"publish","type":"post","link":"https:\/\/corrientesdetarde.com\/index.php\/cultura\/cultura-inicia-un-ciclo-de-cine-con-tres-peliculas-dedicadas-a-san-martin\/","title":{"rendered":"Cultura inicia un ciclo de cine con\u00a0tres pel\u00edculas dedicadas a San Mart\u00edn"},"content":{"rendered":"\n<p>A d\u00edas de conmemorarse el Paso a la Inmortalidad del Padre la Patria, el Instituto de Cultura de Corrientes (ICC) llevar\u00e1 adelante el Ciclo de Cine Sanmartiniano, con tres pel\u00edculas sobre momentos trascendentales en la vida del General Jos\u00e9 de San Mart\u00edn. Las mismas se proyectar\u00e1n del 13 al 15 de agosto en tres museos de la ciudad, con acceso libre y gratuito.<\/p>\n\n\n\n<p>Este ciclo organizado por el ICC, que encabeza Beatriz Kunin, tiene como prop\u00f3sito honrar el legado del Libertador. Para ello, el mi\u00e9rcoles 13, a las 18, se proyectar\u00e1 \u201cSan Mart\u00edn, el \u00faltimo viaje\u201d en el Centro Cultural Sanmartiniano (25 de Mayo 1406). Un flamante espacio museogr\u00e1fico dedicado al pr\u00f3cer, que ofrece una experiencia inmersiva para los visitantes. En este caso, se trata de un documental sobre la vida de San Mart\u00edn en el exilio, del reconocido cineasta Diego D&#8217;Angelo.<\/p>\n\n\n\n<p>El jueves 14 se ofrecer\u00e1n dos funciones: una a las 15, y otra a las 18, en el Museo Arqueol\u00f3gico y Antropol\u00f3gico, ex Casa Mart\u00ednez (Quintana 971). En este caso, se proyectar\u00e1 la pel\u00edcula \u201cRevoluci\u00f3n, el cruce de los Andes\u201d, que aborda la figura de uno de los hombres m\u00e1s importantes de la historia argentina, el Gral. Jos\u00e9 de San Mart\u00edn, a trav\u00e9s de la reconstrucci\u00f3n de la gesta \u00e9pica m\u00e1s trascendente en la liberaci\u00f3n de Latinoam\u00e9rica.<\/p>\n\n\n\n<p>La \u00faltima actividad se desarrollar\u00e1 el viernes 15, a las 17.30, con la proyecci\u00f3n de &#8220;El Santo de la Espada\u201d, en el Museo Hist\u00f3rico de Corrientes Tte. Gobernador Manuel Cabral de Melo y Alpoin (9 de Julio 1044). En este caso particular, la pel\u00edcula trata la vida de Jos\u00e9 de Mart\u00edn, desde su regreso de Europa en 1812, hasta su exilio definitivo, tras la entrevista en Guayaquil.<\/p>\n\n\n\n<figure class=\"wp-block-image size-large\"><img loading=\"lazy\" decoding=\"async\" width=\"576\" height=\"1024\" src=\"https:\/\/corrientesdetarde.com\/wp-content\/uploads\/2025\/08\/image-446-576x1024.png\" alt=\"\" class=\"wp-image-221871\" srcset=\"https:\/\/corrientesdetarde.com\/wp-content\/uploads\/2025\/08\/image-446-576x1024.png 576w, https:\/\/corrientesdetarde.com\/wp-content\/uploads\/2025\/08\/image-446-169x300.png 169w, https:\/\/corrientesdetarde.com\/wp-content\/uploads\/2025\/08\/image-446.png 720w\" sizes=\"auto, (max-width: 576px) 100vw, 576px\" \/><\/figure>\n\n\n\n<figure class=\"wp-block-image size-large\"><img loading=\"lazy\" decoding=\"async\" width=\"819\" height=\"1024\" src=\"https:\/\/corrientesdetarde.com\/wp-content\/uploads\/2025\/08\/image-447-819x1024.png\" alt=\"\" class=\"wp-image-221872\" srcset=\"https:\/\/corrientesdetarde.com\/wp-content\/uploads\/2025\/08\/image-447-819x1024.png 819w, https:\/\/corrientesdetarde.com\/wp-content\/uploads\/2025\/08\/image-447-240x300.png 240w, https:\/\/corrientesdetarde.com\/wp-content\/uploads\/2025\/08\/image-447-768x960.png 768w, https:\/\/corrientesdetarde.com\/wp-content\/uploads\/2025\/08\/image-447.png 1024w\" sizes=\"auto, (max-width: 819px) 100vw, 819px\" \/><\/figure>\n","protected":false},"excerpt":{"rendered":"<p>A d\u00edas de conmemorarse el Paso a la Inmortalidad del Padre la Patria, el Instituto de Cultura de Corrientes (ICC) llevar\u00e1 adelante el Ciclo de Cine Sanmartiniano, con tres pel\u00edculas&hellip; <\/p>\n","protected":false},"author":8,"featured_media":221870,"comment_status":"closed","ping_status":"open","sticky":false,"template":"","format":"standard","meta":{"footnotes":""},"categories":[15],"tags":[],"class_list":["post-221869","post","type-post","status-publish","format-standard","has-post-thumbnail","hentry","category-cultura"],"_links":{"self":[{"href":"https:\/\/corrientesdetarde.com\/index.php\/wp-json\/wp\/v2\/posts\/221869","targetHints":{"allow":["GET"]}}],"collection":[{"href":"https:\/\/corrientesdetarde.com\/index.php\/wp-json\/wp\/v2\/posts"}],"about":[{"href":"https:\/\/corrientesdetarde.com\/index.php\/wp-json\/wp\/v2\/types\/post"}],"author":[{"embeddable":true,"href":"https:\/\/corrientesdetarde.com\/index.php\/wp-json\/wp\/v2\/users\/8"}],"replies":[{"embeddable":true,"href":"https:\/\/corrientesdetarde.com\/index.php\/wp-json\/wp\/v2\/comments?post=221869"}],"version-history":[{"count":1,"href":"https:\/\/corrientesdetarde.com\/index.php\/wp-json\/wp\/v2\/posts\/221869\/revisions"}],"predecessor-version":[{"id":221873,"href":"https:\/\/corrientesdetarde.com\/index.php\/wp-json\/wp\/v2\/posts\/221869\/revisions\/221873"}],"wp:featuredmedia":[{"embeddable":true,"href":"https:\/\/corrientesdetarde.com\/index.php\/wp-json\/wp\/v2\/media\/221870"}],"wp:attachment":[{"href":"https:\/\/corrientesdetarde.com\/index.php\/wp-json\/wp\/v2\/media?parent=221869"}],"wp:term":[{"taxonomy":"category","embeddable":true,"href":"https:\/\/corrientesdetarde.com\/index.php\/wp-json\/wp\/v2\/categories?post=221869"},{"taxonomy":"post_tag","embeddable":true,"href":"https:\/\/corrientesdetarde.com\/index.php\/wp-json\/wp\/v2\/tags?post=221869"}],"curies":[{"name":"wp","href":"https:\/\/api.w.org\/{rel}","templated":true}]}}