{"id":221894,"date":"2025-08-12T13:53:50","date_gmt":"2025-08-12T16:53:50","guid":{"rendered":"https:\/\/corrientesdetarde.com\/?p=221894"},"modified":"2025-08-12T13:54:02","modified_gmt":"2025-08-12T16:54:02","slug":"guerra-comercial-trump-prorrogo-por-90-dias-el-acuerdo-con-china-por-los-aranceles","status":"publish","type":"post","link":"https:\/\/corrientesdetarde.com\/index.php\/internacionales\/guerra-comercial-trump-prorrogo-por-90-dias-el-acuerdo-con-china-por-los-aranceles\/","title":{"rendered":"Guerra comercial: Trump prorrog\u00f3 por 90 d\u00edas el acuerdo con China por los aranceles"},"content":{"rendered":"\n<p>En un mensaje en las redes sociales, el presidente estadounidense dijo que firm\u00f3 un decreto para extender la suspensi\u00f3n de la tregua con el gigante asi\u00e1tico.<\/p>\n\n\n\n<p>El presidente de Estados Unidos,&nbsp;<strong>Donald Trump<\/strong>, anunci\u00f3 este lunes que prolong\u00f3 90 d\u00edas la tregua arancelaria con China. La informaci\u00f3n tambi\u00e9n fue confirmada por Beijing.<\/p>\n\n\n\n<p>En un mensaje en su red Truth Social, Trump dijo que firm\u00f3 \u201cun decreto que extender\u00e1 la suspensi\u00f3n arancelaria a China por 90 d\u00edas m\u00e1s\u201d.&nbsp;<strong>Los elementos del acuerdo \u201cpermanecer\u00e1n sin cambios\u201d<\/strong><em>,&nbsp;<\/em>a\u00f1adi\u00f3.<\/p>\n\n\n\n<p>Despu\u00e9s de semanas de escalada arancelaria, las dos grandes potencias alcanzaron un acuerdo en mayo en Ginebra que redujo los aranceles respectivos al 10% sobre los productos estadounidenses y al 30% sobre los chinos.<\/p>\n\n\n\n<p>Desde Beijing, el Ministerio de Comercio de China confirm\u00f3 la extensi\u00f3n de la tregua arancelaria a partir de hoy tras las negociaciones mantenidas entre ambas potencias en Londres y Estocolmo en junio y julio, respectivamente.<\/p>\n\n\n\n<h2 class=\"wp-block-heading\">La tregua era esperada tras una nueva ronda de negociaciones<\/h2>\n\n\n\n<p>Trump firm\u00f3 este lunes una orden ejecutiva para prorrogar otros 90 d\u00edas la entrada en vigor de los aranceles para China mientras siguen las negociaciones entre las dos superpotencias.<\/p>\n\n\n\n<p>El presidente republicano firm\u00f3 el decreto apenas horas antes de la medianoche, cuando deb\u00eda expirar la pausa en los aranceles para el gigante asi\u00e1tico.<\/p>\n\n\n\n<figure class=\"wp-block-image\"><img decoding=\"async\" src=\"https:\/\/tn.com.ar\/resizer\/v2\/el-presidente-estadounidense-donald-trump-foto-reutersjonathan-ernst-HR3DFXQOO5DPPXVD4M4D2YR3CI.jpg?auth=43c7507ddee80f1b3547126decd7d918ee07d18c98cf687b5619ef0945d03617&amp;width=767\" alt=\"El presidente estadounidense, Donald Trump (Foto: REUTERS\/Jonathan Ernst)\"\/><\/figure>\n\n\n\n<p>La nueva pr\u00f3rroga arancelaria era el resultado esperado tras la \u00faltima ronda de negociaciones entre Estados Unidos y China que se llev\u00f3 a cabo en Estocolmo (Suecia) a finales de julio.<\/p>\n\n\n\n<p>Como parte de la guerra comercial desatada por Trump, Estados Unidos lleg\u00f3 a imponer en abril pasado aranceles del 145 % a los productos chinos, mientras que China elev\u00f3 al 125 % los suyos sobre las importaciones estadounidenses.<\/p>\n\n\n\n<p>En mayo, ambas partes acordaron en Ginebra una reducci\u00f3n de los grav\u00e1menes \u0097Washington los baj\u00f3 al 30 % y Pek\u00edn al 10 %\u0097 y pactaron una tregua de 90 d\u00edas, que conclu\u00eda este 12 de agosto.<\/p>\n\n\n\n<p>Despu\u00e9s de una primera reuni\u00f3n en Ginebra y una llamada entre Trump y su hom\u00f3logo chino,&nbsp;<strong>Xi Jinping<\/strong>, los negociadores de ambos bandos pa\u00edses se citaron en Londres.<\/p>\n\n\n\n<p>En la capital brit\u00e1nica, China aprob\u00f3 la exportaci\u00f3n de tierras raras a Estados Unidos, que cancel\u00f3 por su parte \u201cmedidas restrictivas\u201d sobre Beijing como los controles a la exportaci\u00f3n de chips.<\/p>\n\n\n\n<p>Los negociadores se encontraron una tercera vez en Estocolmo el mes pasado, desde donde expresaron la voluntad de extender el plazo en las negociaciones.<\/p>\n\n\n\n<p>Entretanto, Trump inst\u00f3 el domingo a China a que cuadruplique sus compras de soja al pa\u00eds norteamericano. En los \u00faltimos d\u00edas tambi\u00e9n entr\u00f3 en escena una hipot\u00e9tica sanci\u00f3n a Beijing por importar petr\u00f3leo de Rusia ante la negativa del Kremlin a detener la guerra en Ucrania.<\/p>\n\n\n\n<p>El pa\u00eds asi\u00e1tico defiende su derecho a mantener relaciones normales con el resto de sus socios comerciales y rechaza la presi\u00f3n de Trump, que el viernes mantendr\u00e1 una hist\u00f3rica reuni\u00f3n con Putin en Alaska.<\/p>\n","protected":false},"excerpt":{"rendered":"<p>En un mensaje en las redes sociales, el presidente estadounidense dijo que firm\u00f3 un decreto para extender la suspensi\u00f3n de la tregua con el gigante asi\u00e1tico. El presidente de Estados&hellip; <\/p>\n","protected":false},"author":8,"featured_media":221895,"comment_status":"closed","ping_status":"open","sticky":false,"template":"","format":"standard","meta":{"footnotes":""},"categories":[11],"tags":[],"class_list":["post-221894","post","type-post","status-publish","format-standard","has-post-thumbnail","hentry","category-internacionales"],"_links":{"self":[{"href":"https:\/\/corrientesdetarde.com\/index.php\/wp-json\/wp\/v2\/posts\/221894","targetHints":{"allow":["GET"]}}],"collection":[{"href":"https:\/\/corrientesdetarde.com\/index.php\/wp-json\/wp\/v2\/posts"}],"about":[{"href":"https:\/\/corrientesdetarde.com\/index.php\/wp-json\/wp\/v2\/types\/post"}],"author":[{"embeddable":true,"href":"https:\/\/corrientesdetarde.com\/index.php\/wp-json\/wp\/v2\/users\/8"}],"replies":[{"embeddable":true,"href":"https:\/\/corrientesdetarde.com\/index.php\/wp-json\/wp\/v2\/comments?post=221894"}],"version-history":[{"count":1,"href":"https:\/\/corrientesdetarde.com\/index.php\/wp-json\/wp\/v2\/posts\/221894\/revisions"}],"predecessor-version":[{"id":221896,"href":"https:\/\/corrientesdetarde.com\/index.php\/wp-json\/wp\/v2\/posts\/221894\/revisions\/221896"}],"wp:featuredmedia":[{"embeddable":true,"href":"https:\/\/corrientesdetarde.com\/index.php\/wp-json\/wp\/v2\/media\/221895"}],"wp:attachment":[{"href":"https:\/\/corrientesdetarde.com\/index.php\/wp-json\/wp\/v2\/media?parent=221894"}],"wp:term":[{"taxonomy":"category","embeddable":true,"href":"https:\/\/corrientesdetarde.com\/index.php\/wp-json\/wp\/v2\/categories?post=221894"},{"taxonomy":"post_tag","embeddable":true,"href":"https:\/\/corrientesdetarde.com\/index.php\/wp-json\/wp\/v2\/tags?post=221894"}],"curies":[{"name":"wp","href":"https:\/\/api.w.org\/{rel}","templated":true}]}}