{"id":221897,"date":"2025-08-12T14:02:05","date_gmt":"2025-08-12T17:02:05","guid":{"rendered":"https:\/\/corrientesdetarde.com\/?p=221897"},"modified":"2025-08-12T14:02:17","modified_gmt":"2025-08-12T17:02:17","slug":"milei-dio-un-paso-clave-para-blindar-el-deficit-cero-le-prohibio-a-economia-que-financie-el-gasto-con-emision","status":"publish","type":"post","link":"https:\/\/corrientesdetarde.com\/index.php\/politica\/milei-dio-un-paso-clave-para-blindar-el-deficit-cero-le-prohibio-a-economia-que-financie-el-gasto-con-emision\/","title":{"rendered":"Milei dio un paso clave para blindar el d\u00e9ficit cero: le prohibi\u00f3 a Econom\u00eda que financie el gasto con emisi\u00f3n"},"content":{"rendered":"\n<p>Seg\u00fan pudo saber , el Presidente firm\u00f3 anoche el documento dirigido al Palacio de Hacienda. Es parte de la disputa con la oposici\u00f3n en el Congreso<a href=\"https:\/\/tn.com.ar\/autor\/Isalerno\/\"><\/a><\/p>\n\n\n\n<p><strong>Javier Milei<\/strong>\u00a0ya firm\u00f3 una de las medidas para\u00a0<strong>blindar el d\u00e9ficit cero<\/strong>, que anunci\u00f3 en la cadena nacional del viernes. Seg\u00fan pudo saber\u00a0, el Presidente refrend\u00f3 anoche una instrucci\u00f3n al Ministerio de Econom\u00eda, que preside Luis Caputo, para\u00a0<strong>prohibirle<\/strong>\u00a0de manera formal\u00a0<strong>al Tesoro financiar el gasto<\/strong>\u00a0primario con\u00a0<strong>emisi\u00f3n monetaria<\/strong>.<\/p>\n\n\n\n<p>En la Casa Rosada sostienen que&nbsp;<strong>est\u00e1n preparando el env\u00edo de una nota formal al Ministerio&nbsp;<\/strong>con el documento que firm\u00f3 el jefe de Estado, que saldr\u00e1 en las pr\u00f3ximas horas. \u201cEl Tesoro nacional no podr\u00e1 solicitar dinero prestado al Banco Central para financiar su gasto. Esta es una medida que, si bien en la pr\u00e1ctica ya implementamos, hoy lo estamos formalizando\u201d, enfatiz\u00f3 Milei en la cadena nacional del viernes.<\/p>\n\n\n\n<p>Los equipos t\u00e9cnicos de Balcarce 50&nbsp;<strong>est\u00e1n preparando tambi\u00e9n el env\u00edo de un proyecto de ley al Congreso<\/strong>&nbsp;para intentar penalizar la aprobaci\u00f3n de presupuestos nacionales con d\u00e9ficit fiscal. \u201cEste proyecto establece una regla fiscal estricta que le exige al sector p\u00fablico nacional obtener un resultado financiero con equilibrio o super\u00e1vit\u201d, agreg\u00f3 el presidente.<\/p>\n\n\n\n<p><strong>Se trata de uno de los puntos de la \u201cLey anti-casta\u201d que Milei anunci\u00f3 en la apertura de sesiones ordinarias de 2024<\/strong>. El documento propon\u00eda la penalizaci\u00f3n por ley al presidente, ministro de Econom\u00eda, funcionarios del Banco Central, diputados y senadores que voten \u201caprobar un presupuesto que contemple financiar d\u00e9ficit fiscal con emisi\u00f3n monetaria\u201d con sanci\u00f3n similar a un delito de lesa humanidad.<\/p>\n\n\n\n<figure class=\"wp-block-image\"><img decoding=\"async\" src=\"https:\/\/tn.com.ar\/resizer\/v2\/javier-milei-ya-anuncio-el-envio-de-un-proyecto-que-penalice-la-sancion-de-un-presupuesto-con-deficit-en-la-apertura-de-sesiones-ordinarias-de-2024-foto-presidencia-73PQHQHKDBAE5PDXSTGKEFFIRU.jpg?auth=60cce447b45481ecd50b624ba6ca90abbb485805f9759cacff00795b379d868e&amp;width=767\" alt=\"Javier Milei ya anunci\u00f3 el env\u00edo de un proyecto que penalice la sanci\u00f3n de un presupuesto con d\u00e9ficit en la apertura de sesiones ordinarias de 2024 (Foto: Presidencia).\"\/><\/figure>\n\n\n\n<p>El proyecto&nbsp;<strong>conten\u00eda tambi\u00e9n la eliminaci\u00f3n del financiamiento p\u00fablico de los partidos pol\u00edticos&nbsp;<\/strong>-de forma que tendr\u00edan que sustentarse con aportes voluntarios- junto con la eliminaci\u00f3n de las jubilaciones de privilegio para presidente y vicepresidente. La iniciativa nunca lleg\u00f3 a tener los apoyos necesarios para lograr una media sanci\u00f3n.<\/p>\n\n\n\n<p><strong>Milei oficializ\u00f3 este lunes la prohibici\u00f3n de que el Tesoro financie el gasto con emisi\u00f3n del Banco Central en medio de tensiones con el Congreso<\/strong>&nbsp;por la aprobaci\u00f3n en la C\u00e1mara de Diputados del financiamiento universitario y de la iniciativa que aumenta los fondos destinados al Hospital Garrahan.<\/p>\n\n\n\n<p>El Gobierno mantiene la postura de que&nbsp;<strong>agotar\u00e1 todas las variables en carpeta<\/strong>&nbsp;para&nbsp;<strong>llegar a las elecciones legislativas sin realizar la erogaci\u00f3n presupuestaria<\/strong>&nbsp;de las leyes que impuls\u00f3 el Congreso, en caso de que no logre sostener los vetos. Lo mismo aplica para el rechazo al aumento jubilatorio y a la emergencia en discapacidad.<\/p>\n\n\n\n<p>El Ejecutivo&nbsp;<strong>busca evitar que la debilidad parlamentaria del bloque de La Libertad Avanza impacte en la expectativa financiera<\/strong>. En Naci\u00f3n ponen como ejemplo la forma en la que puede reaccionar el mercado a cambios en las cuentas fiscales a ra\u00edz de la ca\u00edda de un veto en ambas c\u00e1maras. \u201cLo que queremos es llegar a octubre sin temblores\u201d, agregan.<\/p>\n\n\n\n<p>La Casa Rosada&nbsp;<strong>no tiene previsto impulsar una judicializaci\u00f3n del rechazo a las medidas que eliminaron y reformaron organismos&nbsp;<\/strong>en caso de que el Senado sancione el rechazo a los decretos delegados que reforman organismos. Se trata de la Direcci\u00f3n Nacional de Vialidad, los institutos de Tecnolog\u00eda Agropecuaria (INTA) y Tecnolog\u00eda Industrial (INTI), la Marina Mercante y dependencias de la secretar\u00eda de Cultura.<\/p>\n\n\n\n<p>La mesa pol\u00edtica de Balcarce 50&nbsp;<strong>busca profundizar la campa\u00f1a por las elecciones legislativas en la provincia de Buenos Aires<\/strong>, junto con la nacional. El oficialismo apunta a polarizar con el kirchnerismo y quiere atribuirle las derrotas legislativas de la semana pasada a un \u201dc\u00e1lculo electoral&#8221; de la oposici\u00f3n.<\/p>\n","protected":false},"excerpt":{"rendered":"<p>Seg\u00fan pudo saber , el Presidente firm\u00f3 anoche el documento dirigido al Palacio de Hacienda. Es parte de la disputa con la oposici\u00f3n en el Congreso Javier Milei\u00a0ya firm\u00f3 una&hellip; <\/p>\n","protected":false},"author":8,"featured_media":221898,"comment_status":"closed","ping_status":"open","sticky":false,"template":"","format":"standard","meta":{"footnotes":""},"categories":[3],"tags":[],"class_list":["post-221897","post","type-post","status-publish","format-standard","has-post-thumbnail","hentry","category-politica"],"_links":{"self":[{"href":"https:\/\/corrientesdetarde.com\/index.php\/wp-json\/wp\/v2\/posts\/221897","targetHints":{"allow":["GET"]}}],"collection":[{"href":"https:\/\/corrientesdetarde.com\/index.php\/wp-json\/wp\/v2\/posts"}],"about":[{"href":"https:\/\/corrientesdetarde.com\/index.php\/wp-json\/wp\/v2\/types\/post"}],"author":[{"embeddable":true,"href":"https:\/\/corrientesdetarde.com\/index.php\/wp-json\/wp\/v2\/users\/8"}],"replies":[{"embeddable":true,"href":"https:\/\/corrientesdetarde.com\/index.php\/wp-json\/wp\/v2\/comments?post=221897"}],"version-history":[{"count":1,"href":"https:\/\/corrientesdetarde.com\/index.php\/wp-json\/wp\/v2\/posts\/221897\/revisions"}],"predecessor-version":[{"id":221900,"href":"https:\/\/corrientesdetarde.com\/index.php\/wp-json\/wp\/v2\/posts\/221897\/revisions\/221900"}],"wp:featuredmedia":[{"embeddable":true,"href":"https:\/\/corrientesdetarde.com\/index.php\/wp-json\/wp\/v2\/media\/221898"}],"wp:attachment":[{"href":"https:\/\/corrientesdetarde.com\/index.php\/wp-json\/wp\/v2\/media?parent=221897"}],"wp:term":[{"taxonomy":"category","embeddable":true,"href":"https:\/\/corrientesdetarde.com\/index.php\/wp-json\/wp\/v2\/categories?post=221897"},{"taxonomy":"post_tag","embeddable":true,"href":"https:\/\/corrientesdetarde.com\/index.php\/wp-json\/wp\/v2\/tags?post=221897"}],"curies":[{"name":"wp","href":"https:\/\/api.w.org\/{rel}","templated":true}]}}