{"id":221901,"date":"2025-08-12T14:34:29","date_gmt":"2025-08-12T17:34:29","guid":{"rendered":"https:\/\/corrientesdetarde.com\/?p=221901"},"modified":"2025-08-12T14:34:34","modified_gmt":"2025-08-12T17:34:34","slug":"misas-mensuales-y-obras-de-refaccion-y-restauracion-en-el-cementerio-san-juan-bautista","status":"publish","type":"post","link":"https:\/\/corrientesdetarde.com\/index.php\/informacion-general\/misas-mensuales-y-obras-de-refaccion-y-restauracion-en-el-cementerio-san-juan-bautista\/","title":{"rendered":"Misas mensuales y obras de refacci\u00f3n y restauraci\u00f3n en el cementerio San Juan Bautista\u00a0"},"content":{"rendered":"\n<p><em>La Municipalidad de Corrientes avanza con distintas acciones para brindar mayor seguridad y transitabilidad en el camposanto local, para&nbsp;los&nbsp;deudos de familiares fallecidos. Se trabaja en nuevos senderos asfaltados, muros perimetrales, pintura, restauraci\u00f3n de panteones y esculturas. Adem\u00e1s, se incorpor\u00f3 el servicio de una misa mensual por los fieles difuntos, el tercer domingo de cada mes, a las 11.<\/em><\/p>\n\n\n\n<p>La Municipalidad de Corrientes lleva adelante diferentes frentes de obras en el cementerio San Juan Bautista con el objetivo de brindar mejores condiciones de transitabilidad y seguridad para los deudos que visiten a sus seres queridos fallecidos. Adem\u00e1s, se incorpor\u00f3 el servicio de una misa el tercer domingo de mes, para quienes deseen elevar oraciones por el eterno descanso del alma de sus familiares. Este domingo 17, a las 11, se realizar\u00e1 la correspondiente a agosto.<br><br>Al respecto, la directora general de Defunciones del municipio, Yasm\u00edn Ifr\u00e1n, se\u00f1al\u00f3 que en materia de seguridad \u201ca lo largo y ancho del cementerio se levantaron muros con concertinas -espiral de alambre de p\u00faas-, y se podaron \u00e1rboles que utilizaban para&nbsp;trepar e ingresar al cementerio, esto ayud\u00f3 para que se reduzca la inseguridad\u201d.<br><br>Adem\u00e1s, \u201cse est\u00e1n asfaltando senderos que antes eran de tierra para que los vecinos tengan un mejor tr\u00e1nsito al momento de visitar a sus familiares, y se est\u00e1n incorporando rampas para que las personas con discapacidad o con movilidad reducida, tengan un mejor acceso\u201d, detall\u00f3.<br>&nbsp;<br>Por otra parte, la funcionaria record\u00f3 que como parte de las propuestas tur\u00edsticas que ofrece la ciudad \u201clos domingos hay visitas guiadas al cementerio, con gran afluencia de personas completando los cupos disponibles cada fin de semana, tanto de vecinos como turistas\u201d, interesados en conocer sobre la historia de los mausoleos y las historias de personas fallecidas reconocidas cuyos cuerpos yacen en el camposanto local.<br>&nbsp;<br>Ifr\u00e1n record\u00f3 que \u201cel cementerio est\u00e1 abierto a partir de las 7 de la ma\u00f1ana y hasta las 19 para visitas, tambi\u00e9n para hacer tr\u00e1mites, entre otras solicitudes como inhumaci\u00f3n, introducci\u00f3n de cenizas, entre otras gestiones\u201d.<br>&nbsp;<br>Por otra parte, remarc\u00f3: \u201cContamos con el servicio de cremaci\u00f3n gratuita. Aquellos vecinos que tengan bajos recursos pueden acercarse a la Direcci\u00f3n de Defunciones y lo podemos asesorar sobre qu\u00e9 documentaci\u00f3n necesita para realizar dicho tr\u00e1mite\u201d, detall\u00f3. \u201cEs muy importante que el ciudadano sepa que la Municipalidad no lo deja solo, sino que cuenta con ese servicio\u201d, remarc\u00f3.<br>&nbsp;<br>OBRAS, PATRIMONIO Y RESTAURACI\u00d3N<br>&nbsp;<br>La arquitecta Erika Lagra\u00f1a, a cargo de todos los trabajos en el predio del cementerio San Juan Bautista indic\u00f3 que, en materia de seguridad, \u201cse trabaj\u00f3 en 880 metros lineales de segurizaci\u00f3n perimetral en las cuatro caras del predio\u201d y en relaci\u00f3n a las mejoras en transitabilidad, \u201cse incorporaron m\u00e1s de 300 metros lineales de senderos nuevos. Son caminos internos que permiten que los vecinos puedan acceder de forma m\u00e1s segura hasta donde se encuentren sus familiares fallecidos\u201d. En este marco, tambi\u00e9n se mejor\u00f3 la iluminaci\u00f3n con la incorporaci\u00f3n de luces LED.<br>&nbsp;<br>En cuanto a las obras en la capilla, que se ubica en el acceso principal al camposanto, la arquitecta coment\u00f3: \u201cSe restauraron los vitrales de los ventanales, el retablo, se incorpor\u00f3 un nuevo altar, se agreg\u00f3 un atril y se est\u00e1 trabajando tambi\u00e9n en la restauraci\u00f3n de los bancos existentes, como la incorporaci\u00f3n de otros nuevos\u201d; entre otras mejoras.<br>&nbsp;<br>Dentro del \u00e1rea administrativa, Lagra\u00f1a indic\u00f3 que \u201cse refaccionaron las oficinas del personal\u201d, mientras que \u201cseguimos trabajando en el monitoreo de los espacios restaurados y lo que ya se fueron trabajando. Dentro de los servicios, se incorporaron ba\u00f1os para personas con discapacidad y se mejoraron los sanitarios existentes, se restaur\u00f3 la fachada y continuamos atendiendo las demandas de los vecinos\u201d.<br>&nbsp;<br>Por otra parte, agreg\u00f3: \u201cVenimos trabajando sobre dos panteones hist\u00f3ricos: uno es el de Fonseca y el otro de Dante; en el primero se realizaron trabajos en la planta alta y en el subsuelo, restaurando la marmoler\u00eda, herrer\u00eda, tambi\u00e9n se agreg\u00f3 iluminaci\u00f3n, se trabaj\u00f3 con los elementos de valor que tiene cada pante\u00f3n. En el caso del segundo se restauraron las urnas originales que pertenec\u00edan a la familia y en el de Dante se hizo la restauraci\u00f3n de todos los interiores con sus vitrales, m\u00e1s la azotea\u201d.<br>&nbsp;<br>MISAS MENSUALES<br>&nbsp;<br>El padre Mart\u00edn, capell\u00e1n del cementerio San Juan Bautista desde el 2005, destac\u00f3 que \u201cal cumplirse el 150 aniversario del cementerio el a\u00f1o pasado, el municipio hizo una renovaci\u00f3n \u00edntegra de toda la capilla con im\u00e1genes nuevas con una proporci\u00f3n adecuada al altar\u201d.<br>&nbsp;<br>Tambi\u00e9n habl\u00f3 sobre el nuevo servicio que suman desde este mes. El capell\u00e1n se\u00f1al\u00f3 que, si bien \u201csiempre celebramos la misa por los difuntos, cuando la feligres\u00eda, los deudos lo piden; hace un tiempo dispusimos renovar esta invitaci\u00f3n para que se acerquen el tercer domingo de cada mes, a las 11 de la ma\u00f1ana, para participar de este oficio religioso\u201d. La celebraci\u00f3n de agosto ser\u00e1 este domingo 18.<br><br><a href=\"https:\/\/ciudaddecorrientes.us12.list-manage.com\/track\/click?u=253e4bcff71216c6af771c3c9&amp;id=edac6ecb39&amp;e=17643edfa8\" target=\"_blank\" rel=\"noreferrer noopener\">NOTA TV.<\/a><br>Yasm\u00edn Ifr\u00e1n, directora general de Defunciones del municipio; Erika Lagra\u00f1a, arquitecta; padre Mart\u00edn; capell\u00e1n del cementerio.<\/p>\n\n\n\n<figure class=\"wp-block-image size-large\"><img loading=\"lazy\" decoding=\"async\" width=\"1024\" height=\"768\" src=\"https:\/\/corrientesdetarde.com\/wp-content\/uploads\/2025\/08\/image-467-1024x768.png\" alt=\"\" class=\"wp-image-221902\" srcset=\"https:\/\/corrientesdetarde.com\/wp-content\/uploads\/2025\/08\/image-467-1024x768.png 1024w, https:\/\/corrientesdetarde.com\/wp-content\/uploads\/2025\/08\/image-467-300x225.png 300w, https:\/\/corrientesdetarde.com\/wp-content\/uploads\/2025\/08\/image-467-768x576.png 768w, https:\/\/corrientesdetarde.com\/wp-content\/uploads\/2025\/08\/image-467.png 1280w\" sizes=\"auto, (max-width: 1024px) 100vw, 1024px\" \/><\/figure>\n\n\n\n<figure class=\"wp-block-image size-large\"><img loading=\"lazy\" decoding=\"async\" width=\"1024\" height=\"768\" src=\"https:\/\/corrientesdetarde.com\/wp-content\/uploads\/2025\/08\/image-468-1024x768.png\" alt=\"\" class=\"wp-image-221903\" srcset=\"https:\/\/corrientesdetarde.com\/wp-content\/uploads\/2025\/08\/image-468-1024x768.png 1024w, https:\/\/corrientesdetarde.com\/wp-content\/uploads\/2025\/08\/image-468-300x225.png 300w, https:\/\/corrientesdetarde.com\/wp-content\/uploads\/2025\/08\/image-468-768x576.png 768w, https:\/\/corrientesdetarde.com\/wp-content\/uploads\/2025\/08\/image-468.png 1280w\" sizes=\"auto, (max-width: 1024px) 100vw, 1024px\" \/><\/figure>\n\n\n\n<figure class=\"wp-block-image size-large\"><img loading=\"lazy\" decoding=\"async\" width=\"768\" height=\"1024\" src=\"https:\/\/corrientesdetarde.com\/wp-content\/uploads\/2025\/08\/image-469-768x1024.png\" alt=\"\" class=\"wp-image-221904\" srcset=\"https:\/\/corrientesdetarde.com\/wp-content\/uploads\/2025\/08\/image-469-768x1024.png 768w, https:\/\/corrientesdetarde.com\/wp-content\/uploads\/2025\/08\/image-469-225x300.png 225w, https:\/\/corrientesdetarde.com\/wp-content\/uploads\/2025\/08\/image-469.png 960w\" sizes=\"auto, (max-width: 768px) 100vw, 768px\" \/><\/figure>\n\n\n\n<figure class=\"wp-block-image size-large\"><img loading=\"lazy\" decoding=\"async\" width=\"768\" height=\"1024\" src=\"https:\/\/corrientesdetarde.com\/wp-content\/uploads\/2025\/08\/image-470-768x1024.png\" alt=\"\" class=\"wp-image-221905\" srcset=\"https:\/\/corrientesdetarde.com\/wp-content\/uploads\/2025\/08\/image-470-768x1024.png 768w, https:\/\/corrientesdetarde.com\/wp-content\/uploads\/2025\/08\/image-470-225x300.png 225w, https:\/\/corrientesdetarde.com\/wp-content\/uploads\/2025\/08\/image-470.png 960w\" sizes=\"auto, (max-width: 768px) 100vw, 768px\" \/><\/figure>\n\n\n\n<figure class=\"wp-block-image size-large\"><img loading=\"lazy\" decoding=\"async\" width=\"1024\" height=\"576\" src=\"https:\/\/corrientesdetarde.com\/wp-content\/uploads\/2025\/08\/image-471-1024x576.png\" alt=\"\" class=\"wp-image-221906\" srcset=\"https:\/\/corrientesdetarde.com\/wp-content\/uploads\/2025\/08\/image-471-1024x576.png 1024w, https:\/\/corrientesdetarde.com\/wp-content\/uploads\/2025\/08\/image-471-300x169.png 300w, https:\/\/corrientesdetarde.com\/wp-content\/uploads\/2025\/08\/image-471-768x432.png 768w, https:\/\/corrientesdetarde.com\/wp-content\/uploads\/2025\/08\/image-471-1536x864.png 1536w, https:\/\/corrientesdetarde.com\/wp-content\/uploads\/2025\/08\/image-471.png 1599w\" sizes=\"auto, (max-width: 1024px) 100vw, 1024px\" \/><\/figure>\n\n\n\n<figure class=\"wp-block-image size-large\"><img loading=\"lazy\" decoding=\"async\" width=\"1024\" height=\"576\" src=\"https:\/\/corrientesdetarde.com\/wp-content\/uploads\/2025\/08\/image-472-1024x576.png\" alt=\"\" class=\"wp-image-221907\" srcset=\"https:\/\/corrientesdetarde.com\/wp-content\/uploads\/2025\/08\/image-472-1024x576.png 1024w, https:\/\/corrientesdetarde.com\/wp-content\/uploads\/2025\/08\/image-472-300x169.png 300w, https:\/\/corrientesdetarde.com\/wp-content\/uploads\/2025\/08\/image-472-768x432.png 768w, https:\/\/corrientesdetarde.com\/wp-content\/uploads\/2025\/08\/image-472-1536x864.png 1536w, https:\/\/corrientesdetarde.com\/wp-content\/uploads\/2025\/08\/image-472.png 1599w\" sizes=\"auto, (max-width: 1024px) 100vw, 1024px\" \/><\/figure>\n\n\n\n<figure class=\"wp-block-image size-large\"><img loading=\"lazy\" decoding=\"async\" width=\"1024\" height=\"576\" src=\"https:\/\/corrientesdetarde.com\/wp-content\/uploads\/2025\/08\/image-473-1024x576.png\" alt=\"\" class=\"wp-image-221908\" srcset=\"https:\/\/corrientesdetarde.com\/wp-content\/uploads\/2025\/08\/image-473-1024x576.png 1024w, https:\/\/corrientesdetarde.com\/wp-content\/uploads\/2025\/08\/image-473-300x169.png 300w, https:\/\/corrientesdetarde.com\/wp-content\/uploads\/2025\/08\/image-473-768x432.png 768w, https:\/\/corrientesdetarde.com\/wp-content\/uploads\/2025\/08\/image-473-1536x864.png 1536w, https:\/\/corrientesdetarde.com\/wp-content\/uploads\/2025\/08\/image-473.png 1599w\" sizes=\"auto, (max-width: 1024px) 100vw, 1024px\" \/><\/figure>\n\n\n\n<figure class=\"wp-block-image size-large\"><img loading=\"lazy\" decoding=\"async\" width=\"768\" height=\"1024\" src=\"https:\/\/corrientesdetarde.com\/wp-content\/uploads\/2025\/08\/image-474-768x1024.png\" alt=\"\" class=\"wp-image-221909\" srcset=\"https:\/\/corrientesdetarde.com\/wp-content\/uploads\/2025\/08\/image-474-768x1024.png 768w, https:\/\/corrientesdetarde.com\/wp-content\/uploads\/2025\/08\/image-474-225x300.png 225w, https:\/\/corrientesdetarde.com\/wp-content\/uploads\/2025\/08\/image-474.png 960w\" sizes=\"auto, (max-width: 768px) 100vw, 768px\" \/><\/figure>\n","protected":false},"excerpt":{"rendered":"<p>La Municipalidad de Corrientes avanza con distintas acciones para brindar mayor seguridad y transitabilidad en el camposanto local, para&nbsp;los&nbsp;deudos de familiares fallecidos. Se trabaja en nuevos senderos asfaltados, muros perimetrales,&hellip; <\/p>\n","protected":false},"author":8,"featured_media":221906,"comment_status":"closed","ping_status":"open","sticky":false,"template":"","format":"standard","meta":{"footnotes":""},"categories":[1],"tags":[],"class_list":["post-221901","post","type-post","status-publish","format-standard","has-post-thumbnail","hentry","category-informacion-general"],"_links":{"self":[{"href":"https:\/\/corrientesdetarde.com\/index.php\/wp-json\/wp\/v2\/posts\/221901","targetHints":{"allow":["GET"]}}],"collection":[{"href":"https:\/\/corrientesdetarde.com\/index.php\/wp-json\/wp\/v2\/posts"}],"about":[{"href":"https:\/\/corrientesdetarde.com\/index.php\/wp-json\/wp\/v2\/types\/post"}],"author":[{"embeddable":true,"href":"https:\/\/corrientesdetarde.com\/index.php\/wp-json\/wp\/v2\/users\/8"}],"replies":[{"embeddable":true,"href":"https:\/\/corrientesdetarde.com\/index.php\/wp-json\/wp\/v2\/comments?post=221901"}],"version-history":[{"count":1,"href":"https:\/\/corrientesdetarde.com\/index.php\/wp-json\/wp\/v2\/posts\/221901\/revisions"}],"predecessor-version":[{"id":221910,"href":"https:\/\/corrientesdetarde.com\/index.php\/wp-json\/wp\/v2\/posts\/221901\/revisions\/221910"}],"wp:featuredmedia":[{"embeddable":true,"href":"https:\/\/corrientesdetarde.com\/index.php\/wp-json\/wp\/v2\/media\/221906"}],"wp:attachment":[{"href":"https:\/\/corrientesdetarde.com\/index.php\/wp-json\/wp\/v2\/media?parent=221901"}],"wp:term":[{"taxonomy":"category","embeddable":true,"href":"https:\/\/corrientesdetarde.com\/index.php\/wp-json\/wp\/v2\/categories?post=221901"},{"taxonomy":"post_tag","embeddable":true,"href":"https:\/\/corrientesdetarde.com\/index.php\/wp-json\/wp\/v2\/tags?post=221901"}],"curies":[{"name":"wp","href":"https:\/\/api.w.org\/{rel}","templated":true}]}}