{"id":221926,"date":"2025-08-12T14:46:55","date_gmt":"2025-08-12T17:46:55","guid":{"rendered":"https:\/\/corrientesdetarde.com\/?p=221926"},"modified":"2025-08-12T14:47:06","modified_gmt":"2025-08-12T17:47:06","slug":"el-mensaje-de-la-campora-en-medio-de-las-tensiones-en-el-pj-por-la-estrategia-de-campana-cristina-kirchner-es-la-que-mas-mide-en-pba","status":"publish","type":"post","link":"https:\/\/corrientesdetarde.com\/index.php\/politica\/el-mensaje-de-la-campora-en-medio-de-las-tensiones-en-el-pj-por-la-estrategia-de-campana-cristina-kirchner-es-la-que-mas-mide-en-pba\/","title":{"rendered":"El mensaje de La C\u00e1mpora en medio de las tensiones en el PJ por la estrategia de campa\u00f1a: &#8220;Cristina Kirchner es la que m\u00e1s mide en PBA&#8221;"},"content":{"rendered":"\n<p>Desde&nbsp;<strong>La C\u00e1mpora&nbsp;<\/strong>enviaron un fuerte mensaje en medio de las tensiones en el Partido Justicialista (PJ) por la estrategia de campa\u00f1a para las elecciones legislativas:&nbsp;<strong>&#8220;Cristina Kirchner<\/strong>&nbsp;es la que&nbsp;<strong>m\u00e1s mide<\/strong>&nbsp;en provincia de Buenos Aires&#8221;.<\/p>\n\n\n\n<p>El jefe de bloque K en la Legislatura bonaerense,&nbsp;<strong>Facundo Tignanelli,<\/strong>&nbsp;uno de los l\u00edderes de la organizaci\u00f3n que lidera&nbsp;<strong>M\u00e1ximo Kirchner,<\/strong>&nbsp;cuestion\u00f3 a los candidatos y dirigentes peronistas que&nbsp;<strong>evitan hacer referencia<\/strong>&nbsp;a la detenci\u00f3n domiciliaria de la expresidenta por la causa Vialidad.<\/p>\n\n\n\n<p>El dirigente, que responde a M\u00e1ximo Kirchner, plante\u00f3: &#8220;Como dec\u00eda&nbsp;<strong>Agust\u00edn Rossi,&nbsp;<\/strong>hay m\u00e1s kirchnerismo<strong>&nbsp;en la gente que en dirigentes.&nbsp;<\/strong>A veces determinados dirigentes, en funci\u00f3n de un determinado posicionamiento medi\u00e1tico, p\u00fablico, que cree que los comprometen,&nbsp;<strong>condicionan&nbsp;<\/strong>lo que piensan o aspiran a representar&#8221;.<\/p>\n\n\n\n<p>Tignanelli dijo en declaraciones a&nbsp;<em>CNN Radio y FM Delta:<\/em>&nbsp;&#8220;En las recorridas con&nbsp;<strong>Mayra Mendoza<\/strong>&nbsp;mucha gente nos pregunta c\u00f3mo est\u00e1 Cristina Kirchner, nos piden que la banquemos. No vemos otra cosa, ella est\u00e1 detenida injustamente, proscripta,&nbsp;<strong>es necesario visibilizar eso.&nbsp;<\/strong>Es la que m\u00e1s mide en PBA, aun estando presa y proscripta, es la que tiene<strong>&nbsp;mayor intenci\u00f3n de voto,<\/strong>&nbsp;rinde mucho&#8221;.<\/p>\n\n\n\n<p>El legislador dijo que &#8220;hay intendentes e intendentas&#8221; que plantean la situaci\u00f3n de la exmandataria y que&nbsp;<strong>&#8220;habr\u00e1 otros que no, pero all\u00e1 ellos&#8221;.<\/strong>&nbsp;El dirigente K diojo que &#8220;la mejor manera de buscar el voto peronista es representar a los que las pasan mal y de CFK, presa por defender los intereses del pueblo&#8221;.<\/p>\n\n\n\n<p>Para el referente de La C\u00e1mpora &#8220;es ineludible la referencia que Cristina Kirchner tiene dentro del peronismo&#8221;: &#8220;La aptitud para comprender qu\u00e9 demandan los sectores que aspiramos a representar. Es indudable que tiene opini\u00f3n, participaci\u00f3n y definici\u00f3n en las situaciones, desde nuestro punto de vista&#8221;.<\/p>\n\n\n\n<p><\/p>\n","protected":false},"excerpt":{"rendered":"<p>Desde&nbsp;La C\u00e1mpora&nbsp;enviaron un fuerte mensaje en medio de las tensiones en el Partido Justicialista (PJ) por la estrategia de campa\u00f1a para las elecciones legislativas:&nbsp;&#8220;Cristina Kirchner&nbsp;es la que&nbsp;m\u00e1s mide&nbsp;en provincia de&hellip; <\/p>\n","protected":false},"author":8,"featured_media":221927,"comment_status":"closed","ping_status":"open","sticky":false,"template":"","format":"standard","meta":{"footnotes":""},"categories":[3],"tags":[],"class_list":["post-221926","post","type-post","status-publish","format-standard","has-post-thumbnail","hentry","category-politica"],"_links":{"self":[{"href":"https:\/\/corrientesdetarde.com\/index.php\/wp-json\/wp\/v2\/posts\/221926","targetHints":{"allow":["GET"]}}],"collection":[{"href":"https:\/\/corrientesdetarde.com\/index.php\/wp-json\/wp\/v2\/posts"}],"about":[{"href":"https:\/\/corrientesdetarde.com\/index.php\/wp-json\/wp\/v2\/types\/post"}],"author":[{"embeddable":true,"href":"https:\/\/corrientesdetarde.com\/index.php\/wp-json\/wp\/v2\/users\/8"}],"replies":[{"embeddable":true,"href":"https:\/\/corrientesdetarde.com\/index.php\/wp-json\/wp\/v2\/comments?post=221926"}],"version-history":[{"count":1,"href":"https:\/\/corrientesdetarde.com\/index.php\/wp-json\/wp\/v2\/posts\/221926\/revisions"}],"predecessor-version":[{"id":221928,"href":"https:\/\/corrientesdetarde.com\/index.php\/wp-json\/wp\/v2\/posts\/221926\/revisions\/221928"}],"wp:featuredmedia":[{"embeddable":true,"href":"https:\/\/corrientesdetarde.com\/index.php\/wp-json\/wp\/v2\/media\/221927"}],"wp:attachment":[{"href":"https:\/\/corrientesdetarde.com\/index.php\/wp-json\/wp\/v2\/media?parent=221926"}],"wp:term":[{"taxonomy":"category","embeddable":true,"href":"https:\/\/corrientesdetarde.com\/index.php\/wp-json\/wp\/v2\/categories?post=221926"},{"taxonomy":"post_tag","embeddable":true,"href":"https:\/\/corrientesdetarde.com\/index.php\/wp-json\/wp\/v2\/tags?post=221926"}],"curies":[{"name":"wp","href":"https:\/\/api.w.org\/{rel}","templated":true}]}}