{"id":221945,"date":"2025-08-12T15:46:20","date_gmt":"2025-08-12T18:46:20","guid":{"rendered":"https:\/\/corrientesdetarde.com\/?p=221945"},"modified":"2025-08-12T15:46:35","modified_gmt":"2025-08-12T18:46:35","slug":"rugby-championship-2025-cuando-debutan-los-pumas-contra-los-all-blacks-y-donde-verlo","status":"publish","type":"post","link":"https:\/\/corrientesdetarde.com\/index.php\/deportes\/rugby-championship-2025-cuando-debutan-los-pumas-contra-los-all-blacks-y-donde-verlo\/","title":{"rendered":"Rugby Championship 2025: cu\u00e1ndo debutan Los Pumas contra los All Blacks y d\u00f3nde verlo"},"content":{"rendered":"\n<p>La Selecci\u00f3n argentina de Rugby har\u00e1 su debut en el certamen contra los All Blacks en el Estadio Mario Alberto Kempes.<\/p>\n\n\n\n<p>Esta semana dar\u00e1 inicio el\u00a0<strong>Rugby Championship 2025<\/strong>, el tradicional torneo anual que re\u00fane a las potencias del hemisferio sur:\u00a0<strong>Argentina<\/strong>,\u00a0<strong>Sud\u00e1frica<\/strong>,\u00a0<strong>Nueva Zelanda\u00a0<\/strong>y\u00a0<strong>Australia<\/strong>. En esta edici\u00f3n,\u00a0<strong>Los Pumas<\/strong>, bajo la conducci\u00f3n de Felipe Contepomi, debutar\u00e1n con un exigente desaf\u00edo: enfrentar a los\u00a0<strong>All Blacks<\/strong>\u00a0en las dos primeras jornadas.<\/p>\n\n\n\n<h2 class=\"wp-block-heading\">Cu\u00e1ndo juegan Los Pumas contra los All Blacks por el Rugby Championship<\/h2>\n\n\n\n<p>El debut de Los Pumas ser\u00e1 este&nbsp;<strong>s\u00e1bado 16 de agosto a las 18:10&nbsp;<\/strong>ante el conjunto neozeland\u00e9s. El partido se llevar\u00e1 a cabo en el&nbsp;<strong>Estadio Mario Alberto Kempes<\/strong>, ubicado en la ciudad de C\u00f3rdoba.<\/p>\n\n\n\n<p>Una semana m\u00e1s tarde,&nbsp;<strong>el 23 del mes<\/strong>, Argentina se ver\u00e1 nuevamente la cara contra los All Blacks, pero&nbsp;<strong>en la cancha de V\u00e9lez<\/strong>.<\/p>\n\n\n\n<figure class=\"wp-block-image\"><img decoding=\"async\" src=\"https:\/\/tn.com.ar\/resizer\/v2\/los-pumas-haran-su-debut-contra-los-all-blacks-en-el-kempes-foto-ap-CBLBAPXSNVEW5JYC622UKOCPCA.jpg?auth=a6b2414256880ec8d44be08975d2fa9eb016360dc930c5e076006e6d24e1ca42&amp;width=767\" alt=\"Los Pumas har\u00e1n su debut contra los All Blacks en el Kempes. (Foto: AP).\"\/><\/figure>\n\n\n\n<p>Luego, los dirigidos por Contempomi<strong>&nbsp;visitar\u00e1n a Australia el 6 y 13 de septiembre<\/strong>, y cerrar\u00e1n su participaci\u00f3n en la competencia con los duelos contra&nbsp;<strong>Sud\u00e1frica<\/strong>, que se disputar\u00e1n&nbsp;<strong>el 27 de septiembre y el 10 de octubre<\/strong>.<\/p>\n\n\n\n<h2 class=\"wp-block-heading\">D\u00f3nde ver Los Pumas vs. All Blacks por el Rugby Championship<\/h2>\n\n\n\n<p>Todos los partidos de Los Pumas en el Rugby Championship se podr\u00e1n ver por el<strong>&nbsp;canal de cable de&nbsp;<\/strong><em><strong>ESPN<\/strong><\/em>, o con una suscripci\u00f3n a la&nbsp;<strong>plataforma de streaming&nbsp;<\/strong><em><strong>Disney+ Premium<\/strong><\/em>.<\/p>\n\n\n\n<h2 class=\"wp-block-heading\">El plantel de Los Pumas para recibir a los All Blacks<\/h2>\n\n\n\n<h3 class=\"wp-block-heading\"><strong>FORWARDS<\/strong><\/h3>\n\n\n\n<ol class=\"wp-block-list\">\n<li>Bautista\u00a0<strong>Bernasconi<\/strong><\/li>\n\n\n\n<li>Francisco\u00a0<strong>Coria Marchetti<\/strong><\/li>\n\n\n\n<li>Nicol\u00e1s<strong>\u00a0D\u2019Amorim<\/strong><\/li>\n\n\n\n<li>Pedro\u00a0<strong>Delgado<\/strong><\/li>\n\n\n\n<li>Juan Mart\u00edn\u00a0<strong>Gonz\u00e1lez<\/strong><\/li>\n\n\n\n<li>Santiago\u00a0<strong>Grondona<\/strong><\/li>\n\n\n\n<li>Marcos\u00a0<strong>Kremer<\/strong><\/li>\n\n\n\n<li>Pablo\u00a0<strong>Matera<\/strong><\/li>\n\n\n\n<li>Franco\u00a0<strong>Molina<\/strong><\/li>\n\n\n\n<li>Juli\u00e1n\u00a0<strong>Montoya<\/strong><\/li>\n\n\n\n<li>Joaqu\u00edn\u00a0<strong>Oviedo<\/strong><\/li>\n\n\n\n<li>Lucas\u00a0<strong>Paulos<\/strong><\/li>\n\n\n\n<li>Guido\u00a0<strong>Petti<\/strong><\/li>\n\n\n\n<li>Pedro\u00a0<strong>Rubiolo<\/strong><\/li>\n\n\n\n<li>Ignacio\u00a0<strong>Ruiz<\/strong><\/li>\n\n\n\n<li>Joel\u00a0<strong>Sclavi<\/strong><\/li>\n\n\n\n<li>Nahuel\u00a0<strong>Tetaz Chaparro<\/strong><\/li>\n\n\n\n<li>Mayco\u00a0<strong>Vivas<\/strong><\/li>\n\n\n\n<li>Boris\u00a0<strong>Wenger<\/strong><\/li>\n<\/ol>\n\n\n\n<h3 class=\"wp-block-heading\"><strong>BACKS<\/strong><\/h3>\n\n\n\n<ol class=\"wp-block-list\">\n<li>Tom\u00e1s\u00a0<strong>Albornoz<\/strong><\/li>\n\n\n\n<li>Sim\u00f3n\u00a0<strong>Ben\u00edtez Cruz<\/strong><\/li>\n\n\n\n<li>Mateo\u00a0<strong>Carreras<\/strong><\/li>\n\n\n\n<li>Santiago\u00a0<strong>Carreras<\/strong><\/li>\n\n\n\n<li>Santiago\u00a0<strong>Chocobares<\/strong><\/li>\n\n\n\n<li>Lucio\u00a0<strong>Cinti<\/strong><\/li>\n\n\n\n<li>Bautista\u00a0<strong>Delguy<\/strong><\/li>\n\n\n\n<li>Benjam\u00edn\u00a0<strong>Elizalde<\/strong><\/li>\n\n\n\n<li>Gonzalo\u00a0<strong>Garc\u00eda<\/strong><\/li>\n\n\n\n<li>Rodrigo\u00a0<strong>Isgr\u00f3<\/strong><\/li>\n\n\n\n<li>Juan Cruz\u00a0<strong>Mall\u00eda<\/strong><\/li>\n\n\n\n<li>Ignacio\u00a0<strong>Mendy<\/strong><\/li>\n\n\n\n<li>Agust\u00edn\u00a0<strong>Moyano<\/strong><\/li>\n\n\n\n<li>Justo\u00a0<strong>Piccardo<\/strong><\/li>\n\n\n\n<li>Ger\u00f3nimo\u00a0<strong>Prisciantelli<\/strong><\/li>\n<\/ol>\n\n\n\n<p><\/p>\n","protected":false},"excerpt":{"rendered":"<p>La Selecci\u00f3n argentina de Rugby har\u00e1 su debut en el certamen contra los All Blacks en el Estadio Mario Alberto Kempes. Esta semana dar\u00e1 inicio el\u00a0Rugby Championship 2025, el tradicional&hellip; <\/p>\n","protected":false},"author":8,"featured_media":221946,"comment_status":"closed","ping_status":"open","sticky":false,"template":"","format":"standard","meta":{"footnotes":""},"categories":[4],"tags":[],"class_list":["post-221945","post","type-post","status-publish","format-standard","has-post-thumbnail","hentry","category-deportes"],"_links":{"self":[{"href":"https:\/\/corrientesdetarde.com\/index.php\/wp-json\/wp\/v2\/posts\/221945","targetHints":{"allow":["GET"]}}],"collection":[{"href":"https:\/\/corrientesdetarde.com\/index.php\/wp-json\/wp\/v2\/posts"}],"about":[{"href":"https:\/\/corrientesdetarde.com\/index.php\/wp-json\/wp\/v2\/types\/post"}],"author":[{"embeddable":true,"href":"https:\/\/corrientesdetarde.com\/index.php\/wp-json\/wp\/v2\/users\/8"}],"replies":[{"embeddable":true,"href":"https:\/\/corrientesdetarde.com\/index.php\/wp-json\/wp\/v2\/comments?post=221945"}],"version-history":[{"count":1,"href":"https:\/\/corrientesdetarde.com\/index.php\/wp-json\/wp\/v2\/posts\/221945\/revisions"}],"predecessor-version":[{"id":221947,"href":"https:\/\/corrientesdetarde.com\/index.php\/wp-json\/wp\/v2\/posts\/221945\/revisions\/221947"}],"wp:featuredmedia":[{"embeddable":true,"href":"https:\/\/corrientesdetarde.com\/index.php\/wp-json\/wp\/v2\/media\/221946"}],"wp:attachment":[{"href":"https:\/\/corrientesdetarde.com\/index.php\/wp-json\/wp\/v2\/media?parent=221945"}],"wp:term":[{"taxonomy":"category","embeddable":true,"href":"https:\/\/corrientesdetarde.com\/index.php\/wp-json\/wp\/v2\/categories?post=221945"},{"taxonomy":"post_tag","embeddable":true,"href":"https:\/\/corrientesdetarde.com\/index.php\/wp-json\/wp\/v2\/tags?post=221945"}],"curies":[{"name":"wp","href":"https:\/\/api.w.org\/{rel}","templated":true}]}}