{"id":221948,"date":"2025-08-12T15:49:13","date_gmt":"2025-08-12T18:49:13","guid":{"rendered":"https:\/\/corrientesdetarde.com\/?p=221948"},"modified":"2025-08-12T15:49:25","modified_gmt":"2025-08-12T18:49:25","slug":"el-nuevo-siri-de-apple-permitiria-usar-aplicaciones-con-la-voz-que-cambiara","status":"publish","type":"post","link":"https:\/\/corrientesdetarde.com\/index.php\/tecnologia\/el-nuevo-siri-de-apple-permitiria-usar-aplicaciones-con-la-voz-que-cambiara\/","title":{"rendered":"El nuevo Siri de Apple permitir\u00eda usar aplicaciones con la voz: \u00bfqu\u00e9 cambiar\u00e1?"},"content":{"rendered":"\n<p>Los detalles de App Intents, una propuesta que maquillar\u00eda el opaco presente del asistente digital de los iPhone.<\/p>\n\n\n\n<p>Recientemente,\u00a0el CEO de\u00a0<strong>Apple<\/strong>, Tim Cook, adelant\u00f3 que prev\u00e9n realizar inversiones de fuste para ganar terreno en el negocio de la\u00a0<strong>Inteligencia Artificial<\/strong>, en el que la compa\u00f1\u00eda est\u00e1 evidentemente relegada. Seg\u00fan\u00a0<em>CNBC<\/em>, Cook dijo est\u00e1n dispuestos a concretar compras de compa\u00f1\u00edas especializadas en ese sector, o bien avanzar con fusiones.<\/p>\n\n\n\n<p>M\u00e1s all\u00e1 de las sociedades que concret\u00f3 para sumar IA en sus servicios \u2014lo ha hecho con OpenAI, para el entorno Intelligence\u2014, tambi\u00e9n se esperan&nbsp;<strong>mejoras en Siri<\/strong>, un asistente digital legendario que ha perdido brillo en una era dominada por propuestas como ChatGPT.<\/p>\n\n\n\n<figure class=\"wp-block-image\"><img decoding=\"async\" src=\"https:\/\/tn.com.ar\/resizer\/v2\/apple-se-esfuerza-por-recuperar-terreno-en-el-negocio-de-la-ia-en-el-que-esta-relegado-foto-reutersmike-segar-HIX63KHCN5D7TFR3UZDEXOPH3U.jpg?auth=30240e913641500d334bfd5e36308b450e8e34e86339758cfe4d05ae209fc087&amp;width=767\" alt=\"Apple se esfuerza por recuperar terreno en el negocio de la IA, en el que est\u00e1 relegado. (Foto: Reuters\/Mike Segar)\"\/><\/figure>\n\n\n\n<p>El a\u00f1o pasado, la compa\u00f1\u00eda de la manzana mordida prometi\u00f3 que una&nbsp;<strong>nueva versi\u00f3n de Siri se fusionar\u00eda con las aplicaciones&nbsp;<\/strong>del tel\u00e9fono. Pero esos cambios todav\u00eda no vieron la luz y diversos reportes dieron cuenta de retrasos en esos planes. Ahora, nuevos informes traen buenas noticias para los usuarios de equipos de la marca, al revelar un posible&nbsp;<strong>superpoder que agregar\u00eda el asistente virtual del iPhone<\/strong>.<\/p>\n\n\n\n<h2 class=\"wp-block-heading\">Apple Siri permitir\u00eda controlar aplicaciones con la voz<\/h2>\n\n\n\n<p>De acuerdo a un reporte de la publicaci\u00f3n&nbsp;<em>Bloomberg<\/em>, la empresa californiana prueba una&nbsp;<strong>versi\u00f3n de Siri que realiza acciones en nombre de usuario, mediante comandos de voz<\/strong>. En la pr\u00e1ctica, permitir\u00eda interactuar con&nbsp;<em>apps&nbsp;<\/em>del tel\u00e9fono e&nbsp;<em>inmiscuirse&nbsp;<\/em>en ellas con indicaciones en voz alta.<\/p>\n\n\n\n<figure class=\"wp-block-image\"><img decoding=\"async\" src=\"https:\/\/tn.com.ar\/resizer\/v2\/siri-debuto-en-el-ano-2011-en-el-iphone-4s-es-tiempo-de-cambios-foto-adobe-stock-XCQNDWI6VZBX3DKX2BTMI7LY4Y.jpeg?auth=34e007f409417ca731a0ef3773694396c1395f6c7b51a872d697f9f9e314e8c4&amp;width=767\" alt=\"Siri debut\u00f3 en el a\u00f1o 2011, en el iPhone 4s: es tiempo de cambios. (Foto: Adobe Stock)\"\/><\/figure>\n\n\n\n<p>La fuente detalla que ese cambio llegar\u00eda en un renovado App Intents, un conjunto de herramientas para que los desarrolladores permitan estos nuevos usos.<\/p>\n\n\n\n<p>\u00bfPara qu\u00e9 servir\u00eda, en la pr\u00e1ctica? Es decir, \u00bfqu\u00e9 se podr\u00eda hacer? Por ejemplo,&nbsp;<strong>ser\u00eda posible que un usuario le pida a Siri que busque una foto, la edite y la env\u00ede a un contacto, todo con la voz<\/strong>. O que publique un comentario en una red social. Tambi\u00e9n podr\u00eda emplearse para iniciar sesi\u00f3n en una plataforma, sin necesidad de tipear.<\/p>\n\n\n\n<p>En el informe se indica que&nbsp;<strong>Apple est\u00e1 probando esta caracter\u00edstica de Siri con diversas aplicaciones<\/strong>, entre ellas YouTube, Facebook, Uber, Temu, Amazon y Threads, entre otras.<\/p>\n\n\n\n<p>Am\u00e9n de esta noticia que entusiasma, la&nbsp;<em>no tan buena&nbsp;<\/em>es que los usuarios deber\u00e1n armarse de paciencia. Los&nbsp;<strong>cambios en Siri&nbsp;<\/strong>reci\u00e9n se lanzar\u00edan en el 2026, en el oto\u00f1o del hemisferio sur.<\/p>\n\n\n\n<p><\/p>\n","protected":false},"excerpt":{"rendered":"<p>Los detalles de App Intents, una propuesta que maquillar\u00eda el opaco presente del asistente digital de los iPhone. Recientemente,\u00a0el CEO de\u00a0Apple, Tim Cook, adelant\u00f3 que prev\u00e9n realizar inversiones de fuste&hellip; <\/p>\n","protected":false},"author":8,"featured_media":221949,"comment_status":"closed","ping_status":"open","sticky":false,"template":"","format":"standard","meta":{"footnotes":""},"categories":[24],"tags":[],"class_list":["post-221948","post","type-post","status-publish","format-standard","has-post-thumbnail","hentry","category-tecnologia"],"_links":{"self":[{"href":"https:\/\/corrientesdetarde.com\/index.php\/wp-json\/wp\/v2\/posts\/221948","targetHints":{"allow":["GET"]}}],"collection":[{"href":"https:\/\/corrientesdetarde.com\/index.php\/wp-json\/wp\/v2\/posts"}],"about":[{"href":"https:\/\/corrientesdetarde.com\/index.php\/wp-json\/wp\/v2\/types\/post"}],"author":[{"embeddable":true,"href":"https:\/\/corrientesdetarde.com\/index.php\/wp-json\/wp\/v2\/users\/8"}],"replies":[{"embeddable":true,"href":"https:\/\/corrientesdetarde.com\/index.php\/wp-json\/wp\/v2\/comments?post=221948"}],"version-history":[{"count":1,"href":"https:\/\/corrientesdetarde.com\/index.php\/wp-json\/wp\/v2\/posts\/221948\/revisions"}],"predecessor-version":[{"id":221950,"href":"https:\/\/corrientesdetarde.com\/index.php\/wp-json\/wp\/v2\/posts\/221948\/revisions\/221950"}],"wp:featuredmedia":[{"embeddable":true,"href":"https:\/\/corrientesdetarde.com\/index.php\/wp-json\/wp\/v2\/media\/221949"}],"wp:attachment":[{"href":"https:\/\/corrientesdetarde.com\/index.php\/wp-json\/wp\/v2\/media?parent=221948"}],"wp:term":[{"taxonomy":"category","embeddable":true,"href":"https:\/\/corrientesdetarde.com\/index.php\/wp-json\/wp\/v2\/categories?post=221948"},{"taxonomy":"post_tag","embeddable":true,"href":"https:\/\/corrientesdetarde.com\/index.php\/wp-json\/wp\/v2\/tags?post=221948"}],"curies":[{"name":"wp","href":"https:\/\/api.w.org\/{rel}","templated":true}]}}