{"id":221958,"date":"2025-08-12T16:15:35","date_gmt":"2025-08-12T19:15:35","guid":{"rendered":"https:\/\/corrientesdetarde.com\/?p=221958"},"modified":"2025-08-12T16:15:40","modified_gmt":"2025-08-12T19:15:40","slug":"el-kirchnerismo-presiona-en-el-senado-para-avanzar-con-proyectos-incomodos-para-el-gobierno-de-milei","status":"publish","type":"post","link":"https:\/\/corrientesdetarde.com\/index.php\/politica\/el-kirchnerismo-presiona-en-el-senado-para-avanzar-con-proyectos-incomodos-para-el-gobierno-de-milei\/","title":{"rendered":"El kirchnerismo presiona en el Senado para avanzar con proyectos inc\u00f3modos para el gobierno de Milei"},"content":{"rendered":"\n<p>El bloque de Uni\u00f3n por la Patria busca sesionar esta semana y podr\u00eda recurrir a una autoconvocatoria legislativa. Intentar\u00e1 aprobar las iniciativas que ya tienen media sanci\u00f3n en Diputados: el financiamiento universitario y la emergencia pedi\u00e1trica, que aumenta los fondos para el Hospital Garrahan.<a href=\"https:\/\/tn.com.ar\/autor\/Ffraquelli\/\"><\/a><\/p>\n\n\n\n<p>El\u00a0<strong>kirchnerismo<\/strong> no le da tregua en el\u00a0<strong>Senado<\/strong> al gobierno de\u00a0<strong>Javier Milei<\/strong>\u00a0y ya planifica la sesi\u00f3n que podr\u00eda convertir en ley el\u00a0financiamiento a las universidades nacionales y al Hospital Garrahan, a partir de la declaraci\u00f3n de emergencia sanitaria en la salud pedi\u00e1trica. Tambi\u00e9n impulsa la\u00a0<strong>derogaci\u00f3n de cinco decretos<\/strong>\u00a0de legislaci\u00f3n delegada del Congreso al Poder Ejecutivo.<\/p>\n\n\n\n<p>La aspiraci\u00f3n del jefe de la bancada de&nbsp;<strong>Uni\u00f3n por la Patria<\/strong>&nbsp;(UxP),&nbsp;<strong>Jos\u00e9 Mayans<\/strong>, era sesionar este&nbsp;<strong>jueves<\/strong>. Pero los&nbsp;<strong>cierres de candidaturas<\/strong>&nbsp;en cada provincia para las elecciones nacionales del pr\u00f3ximo 26 de octubre no le garantizan al legislador lograr que los&nbsp;<strong>37 senadores<\/strong>&nbsp;est\u00e9n en sus bancas para alcanzar el&nbsp;<strong>qu\u00f3rum reglamentario<\/strong>&nbsp;y de ese modo abrir el recinto de la C\u00e1mara Alta.<\/p>\n\n\n\n<p>Mayans evalu\u00f3, en alg\u00fan momento, realizar una&nbsp;<strong>autoconvocatoria legislativa<\/strong>, similar a la concretada el 10 de julio, cuando se aprobaron -por amplia mayor\u00eda- los proyectos sobre cambios en la coparticipaci\u00f3n que consensuaron los gobernadores. Si no est\u00e1n los n\u00fameros, UxP quiere que se discutan los proyectos en las&nbsp;<strong>comisiones<\/strong>.<\/p>\n\n\n\n<p>\u201cEsta semana, de acuerdo con lo que nos informaron desde el bloque,<strong>\u00a0no habr\u00e1 sesi\u00f3n, como se pens\u00f3 al comienzo<\/strong>. Pero ser\u00e1 la semana pr\u00f3xima cuando tengamos toda la documentaci\u00f3n de Diputados y podamos hacer una sesi\u00f3n donde ratifiquemos estas resoluciones de la C\u00e1mara Baja\u201d, le confirm\u00f3 <strong>\u00a0<\/strong>la senadora\u00a0<strong>Florencia L\u00f3pez<\/strong>, luego de homenajear al artista riojano Alfredo Narv\u00e1ez.<\/p>\n\n\n\n<figure class=\"wp-block-image\"><img decoding=\"async\" src=\"https:\/\/tn.com.ar\/resizer\/v2\/los-senadores-fernando-rejal-y-florencia-lopez-de-uxp-distinguieron-con-el-diploma-de-honor-al-artista-de-la-rioja-alfredo-narvaez-en-reconocimiento-por-su-trayectoria-foto-comunicacion-senado-celeste-salguero-Q3NDDBZS45EN5OQC6J575HMQ5E.JPG?auth=f66034d8b5cb8c9dbc891f97f90cbdd190225080127753249796d370080679d3&amp;width=767\" alt=\"Los senadores Fernando Rejal y Florencia L\u00f3pez, de UxP, distinguieron con el diploma de honor al artista de La Rioja Alfredo Narv\u00e1ez, en reconocimiento por su trayectoria. (Foto: Comunicaci\u00f3n Senado \/ Celeste Salguero)\"\/><\/figure>\n\n\n\n<p>En ese sentido, uno de los decretos que Uni\u00f3n por la Patria busca derogar es el 345\/25, que establece la reestructuraci\u00f3n de organismos culturales. \u201cVemos a un Gobierno nacional que ha restringido los aportes a la cultura, por eso&nbsp;<strong>vamos a apoyar la iniciativa de Diputados<\/strong>&nbsp;y daremos de baja este decreto que pone un l\u00edmite y que recorta todo el financiamiento a la cultura del pa\u00eds\u201d, se\u00f1al\u00f3 L\u00f3pez.<\/p>\n\n\n\n<p>En tanto, el senador\u00a0<strong>Fernando Rejal<\/strong>, de la bancada Convicci\u00f3n Federal, le dijo\u00a0que su bloque hace \u201clo posible\u201d para que el Senado trate los proyectos de ley que ya tienen media sanci\u00f3n de Diputados. \u201cSon fundamentales para reconocer los derechos de gran parte de la ciudadan\u00eda que han sido privados, y son los m\u00e1s sensibles: nuestros discapacitados, los jubilados, los enfermos\u201d, explic\u00f3.<\/p>\n\n\n\n<h2 class=\"wp-block-heading\">La sanci\u00f3n de Diputados<\/h2>\n\n\n\n<p>El presidente de la C\u00e1mara de Diputados,&nbsp;<strong>Mart\u00edn Menem<\/strong>, cerr\u00f3 este lunes envi\u00e1ndole a la titular del Senado,&nbsp;<strong>Victoria Villarruel<\/strong>, las iniciativas sancionadas por los diputados el pasado mi\u00e9rcoles, en una sesi\u00f3n hist\u00f3rica, ante la gran cantidad de votaciones que la oposici\u00f3n le aprob\u00f3 al oficialismo.&nbsp;<strong>Fueron 12 los proyectos que se votaron en contra<\/strong>&nbsp;de los intereses de La Libertad Avanza.<\/p>\n\n\n\n<p>Adem\u00e1s de los ya mencionados proyectos de financiamiento para las universidades p\u00fablicas y para el Garrahan, est\u00e1n los decretos delegados que firm\u00f3 el presidente Javier Milei: el 462\/25, de reestructuraci\u00f3n del INTI y el INTA; el 351\/25, de quita de autonom\u00eda del Banco Nacional de Datos Gen\u00e9ticos; el 340\/25, de r\u00e9gimen de excepci\u00f3n de la Marina Mercante Nacional; el 461\/25, de disoluci\u00f3n de Vialidad; y el 345\/25, de reestructuraci\u00f3n de organismos culturales.<\/p>\n\n\n\n<p><\/p>\n","protected":false},"excerpt":{"rendered":"<p>El bloque de Uni\u00f3n por la Patria busca sesionar esta semana y podr\u00eda recurrir a una autoconvocatoria legislativa. Intentar\u00e1 aprobar las iniciativas que ya tienen media sanci\u00f3n en Diputados: el&hellip; <\/p>\n","protected":false},"author":8,"featured_media":221959,"comment_status":"closed","ping_status":"open","sticky":false,"template":"","format":"standard","meta":{"footnotes":""},"categories":[3],"tags":[],"class_list":["post-221958","post","type-post","status-publish","format-standard","has-post-thumbnail","hentry","category-politica"],"_links":{"self":[{"href":"https:\/\/corrientesdetarde.com\/index.php\/wp-json\/wp\/v2\/posts\/221958","targetHints":{"allow":["GET"]}}],"collection":[{"href":"https:\/\/corrientesdetarde.com\/index.php\/wp-json\/wp\/v2\/posts"}],"about":[{"href":"https:\/\/corrientesdetarde.com\/index.php\/wp-json\/wp\/v2\/types\/post"}],"author":[{"embeddable":true,"href":"https:\/\/corrientesdetarde.com\/index.php\/wp-json\/wp\/v2\/users\/8"}],"replies":[{"embeddable":true,"href":"https:\/\/corrientesdetarde.com\/index.php\/wp-json\/wp\/v2\/comments?post=221958"}],"version-history":[{"count":1,"href":"https:\/\/corrientesdetarde.com\/index.php\/wp-json\/wp\/v2\/posts\/221958\/revisions"}],"predecessor-version":[{"id":221960,"href":"https:\/\/corrientesdetarde.com\/index.php\/wp-json\/wp\/v2\/posts\/221958\/revisions\/221960"}],"wp:featuredmedia":[{"embeddable":true,"href":"https:\/\/corrientesdetarde.com\/index.php\/wp-json\/wp\/v2\/media\/221959"}],"wp:attachment":[{"href":"https:\/\/corrientesdetarde.com\/index.php\/wp-json\/wp\/v2\/media?parent=221958"}],"wp:term":[{"taxonomy":"category","embeddable":true,"href":"https:\/\/corrientesdetarde.com\/index.php\/wp-json\/wp\/v2\/categories?post=221958"},{"taxonomy":"post_tag","embeddable":true,"href":"https:\/\/corrientesdetarde.com\/index.php\/wp-json\/wp\/v2\/tags?post=221958"}],"curies":[{"name":"wp","href":"https:\/\/api.w.org\/{rel}","templated":true}]}}