{"id":221961,"date":"2025-08-12T16:22:04","date_gmt":"2025-08-12T19:22:04","guid":{"rendered":"https:\/\/corrientesdetarde.com\/?p=221961"},"modified":"2025-08-12T16:22:18","modified_gmt":"2025-08-12T19:22:18","slug":"quien-es-la-activista-venezolana-que-fue-detenida-por-el-chavismo-y-movilizo-a-las-organizaciones-de-izquierda","status":"publish","type":"post","link":"https:\/\/corrientesdetarde.com\/index.php\/internacionales\/quien-es-la-activista-venezolana-que-fue-detenida-por-el-chavismo-y-movilizo-a-las-organizaciones-de-izquierda\/","title":{"rendered":"Qui\u00e9n es la activista venezolana que fue detenida por el chavismo y moviliz\u00f3 a las organizaciones de izquierda"},"content":{"rendered":"\n<p>Martha L\u00eda Grajales rompi\u00f3 con el gobierno de Nicol\u00e1s Maduro y fue acusada de conspiraci\u00f3n. Las Madres de Plaza de Mayo L\u00ednea Fundadora pidieron por su libertad.<a href=\"https:\/\/tn.com.ar\/autor\/mizquierdo\/\"><\/a><\/p>\n\n\n\n<p>El arresto de la activista disidente venezolana&nbsp;<strong>Martha L\u00eda Grajales<\/strong>, de extensa militancia chavista y acusada de conspiraci\u00f3n por la fiscal\u00eda venezolana, moviliz\u00f3 a la izquierda argentina y a organizaciones defensoras de derechos humanos que exigieron su inmediata liberaci\u00f3n.<\/p>\n\n\n\n<p>La detenci\u00f3n mereci\u00f3 la condena de las Madres de Plaza de Mayo L\u00ednea Fundadora, el Premio Nobel de la Paz&nbsp;<strong>Adolfo P\u00e9rez Esquivel<\/strong>, el Centro de Estudios Legales y Sociales (CELS) y referentes del Frente de Izquierda como el diputado&nbsp;<strong>Christian Castillo<\/strong>.<\/p>\n\n\n\n<p>Grajales fue detenida el 8 de agosto por agentes de la Polic\u00eda Nacional Bolivariana cuando participaba junto a madres de detenidos pol\u00edticos en una protesta frente a la oficina de las Naciones Unidas en Caracas. Entonces fue imputada por los delitos de \u201cconspiraci\u00f3n con gobierno extranjero, asociaci\u00f3n para delinquir e incitaci\u00f3n al odio\u201d.<\/p>\n\n\n\n<p>Su pareja,&nbsp;<strong>Antonio Gonz\u00e1lez<\/strong>, anunci\u00f3 este martes que se comunic\u00f3 v\u00eda telef\u00f3nica con ella. Seg\u00fan dijo fue trasladada al centro de reclusi\u00f3n conocido como Instituto Nacional de Orientaci\u00f3n Femenina (INOF) en la localidad de Los Teques, estado Miranda, en las afueras de Caracas.<\/p>\n\n\n\n<p>En di\u00e1logo , afirm\u00f3: \u201cPude conversar con ella. Me inform\u00f3 que no fue maltratada y se encuentra bien, con mucha fuerza y convicci\u00f3n de que estpa haciendo lo correcto en su lucha por los derechos humanos\u201d.<\/p>\n\n\n\n<p>Pero su figura divide al activismo venezolano<\/p>\n\n\n\n<p>\u201cEste es un mensaje contra todo aquel espacio de disidencia autoproclamada chavista para decir que esa tolerancia interna se acab\u00f3\u201c, afirm\u00f3\u00a0el coordinador de la ONG Programa Venezolano de Educaci\u00f3n-Acci\u00f3n en Derechos Humanos (Provea),\u00a0<strong>Oscar Murillo<\/strong>.<\/p>\n\n\n\n<h2 class=\"wp-block-heading\">Qui\u00e9n es Martha L\u00eda Grajales<\/h2>\n\n\n\n<p>Grajales tiene un extenso activismo en las filas del oficialismo. \u201cFue un importante apoyo de un basti\u00f3n que sirvi\u00f3 a la legitimizaci\u00f3n social del chavismo. Era parte del movimiento de derechos humanos oficial que sostuvo la narrativa de que en Venezuela hab\u00eda una oposici\u00f3n violenta\u201d, dijo Murillo.<\/p>\n\n\n\n<p>Sin embargo, a partir de 2019, ese movimiento comenz\u00f3 a mostrar algunas cr\u00edticas y lleg\u00f3 a tener una visi\u00f3n dura sobre la represi\u00f3n. Incluso, en el \u00faltimo a\u00f1o adopt\u00f3 una posici\u00f3n combativa tras las cuestionadas elecciones presidenciales del 28 de julio de 2024 en las que fue reelecto&nbsp;<strong>Nicol\u00e1s Maduro<\/strong>&nbsp;entre denuncias de fraude y represi\u00f3n.<\/p>\n\n\n\n<p>\u201cSomos activistas de derechos humanos con perspectiva cr\u00edtica.&nbsp;<strong>Somos militantes de izquierda<\/strong>. Tenemos opci\u00f3n preferencial por los sectores populares. No nos definimos como disidentes del chavismo. Nuestra autodefinici\u00f3n pol\u00edtica no se enmarca ni exclusivamente en el chavismo ni como disidencia del chavismo. Pero tenemos una visi\u00f3n cr\u00edtica del gobierno de Maduro\u201d, dijo Gonz\u00e1lez.<\/p>\n\n\n\n<p>Su caso no es el \u00fanico. La exconstituyente y antigua funcionaria chavista&nbsp;<strong>Mar\u00eda Alejandra D\u00edaz&nbsp;<\/strong>se encuentra refugiada en la embajada colombiana en Caracas.<\/p>\n\n\n\n<p>\u201cSon gente que cuestion\u00f3 a Maduro desde la izquierda. Grajales y su pareja tienen una organizaci\u00f3n de derechos humanos llamada Surgentes. Ellos vivieron un punto de inflexi\u00f3n con las elecciones presidenciales\u201d, dijo \u00a0el analista venezolano\u00a0<strong>Andr\u00e9s Ca\u00f1izalez<\/strong>, investigador de la Universidad Cat\u00f3lica Andr\u00e9s Bello de Caracas.<\/p>\n\n\n\n<figure class=\"wp-block-image\"><img decoding=\"async\" src=\"https:\/\/tn.com.ar\/resizer\/v2\/la-activista-martha-grajales-habla-en-una-manifestacion-en-caracas-foto-cortesiaproveaefe-NUECQBSE7NBRFJRGGQBVAQILCA.jpg?auth=328f7dfb179a6732f58473d8fa83518e9fe54b5031ea71d3066437ae580d0aa3&amp;width=767\" alt=\"La activista Martha Grajales habla en una manifestaci\u00f3n en Caracas (Foto: Cortes\u00eda\/Provea\/EFE)\"\/><\/figure>\n\n\n\n<p>Esas elecciones generaron una ruptura entre Grajales y el gobierno de Maduro. \u201cA partir de ah\u00ed denunci\u00f3 la existencia de presos pol\u00edticos y ha estado muy activa en esa l\u00ednea,&nbsp;<strong>Termina siendo una figura inc\u00f3moda para el chavismo<\/strong>\u201d, dijo Ca\u00f1izalez.<\/p>\n\n\n\n<p><strong>Rafael Uzc\u00e1tegui<\/strong>, exdirector de Provea, dijo \u00a0que Grajales \u201ces una v\u00edctima y como tal merece y necesita toda nuestra solidaridad\u201d.<\/p>\n\n\n\n<p>\u201cEl colectivo Surgentes tiene una mirada ideol\u00f3gica sobre lo que significan los derechos humanos, y tuvo duras cr\u00edticas a las ONG en a\u00f1os anteriores. Surgentes promueve lo que llaman \u00b4la visi\u00f3n cr\u00edtica\u00b4 de los derechos humanos que para m\u00ed en lo personal es muy problem\u00e1tica. Entonces si bien valoramos y reconocemos su activismo,&nbsp;<strong>siempre la hemos visto como parte del chavismo radical<\/strong>, con trabajo parcial en derechos humanos, y no como parte del movimiento&#8221;, afirm\u00f3.<\/p>\n\n\n\n<p>Ca\u00f1izalez cont\u00f3 queGrajales tuvo una participaci\u00f3n activa en la Universidad Experimental de Seguridad creada por Hugo Ch\u00e1vez. \u201cAll\u00ed se involucr\u00f3 a mucha gente que hab\u00eda estado en el campo de derechos humanos\u201d, dijo. Tambi\u00e9n particip\u00f3 en la reforma policial.<\/p>\n\n\n\n<p>\u201cDespu\u00e9s de la muerte de Ch\u00e1vez y en especial en los \u00faltimos a\u00f1os, se vienen dando procesos de micro-rupturas. No ha habido una escisi\u00f3n muy grande. Pero en este grupo est\u00e1n Grajales y el Partido Comunista de Venezuela\u201d, indic\u00f3 el analista.<\/p>\n\n\n\n<p>Seg\u00fan Ca\u00f1izales, \u201cson gente que desde la izquierda no se compr\u00f3 la idea de que Maduro gan\u00f3 y sostiene que se debe respetar lo que decide el pueblo, aunque no le guste (la l\u00edder opositora)&nbsp;<strong>Mar\u00eda Corina Machado<\/strong>\u201d.<\/p>\n\n\n\n<p>\u201cEsta detenci\u00f3n es dif\u00edcil de digerir incluso para gente que apoya abiertamente al chavismo.&nbsp;<strong>Por eso el arresto es tan emblem\u00e1tico para el mundo de la izquierda y de los factores progresistas del mundo de los derechos humanos fuera de Venezuela<\/strong>\u201d, sostuvo.<\/p>\n\n\n\n<h2 class=\"wp-block-heading\">C\u00f3mo reaccion\u00f3 la izquierda argentina<\/h2>\n\n\n\n<p>Una de las primeras en levantar la voz en la Argentina fueron las Madres de Plaza de Mayo L\u00ednea Fundadora a trav\u00e9s de un comunicado divulgado el s\u00e1bado pasado.<\/p>\n\n\n\n<p>\u201cPedimos encarecidamente que las autoridades correspondientes tomen medidas para la<strong>&nbsp;inmediata aparici\u00f3n de la se\u00f1ora Grajales sana y salva<\/strong>, y para la puesta bajo la justicia penal constitucional de los responsables de su denunciada desaparici\u00f3n\u201d, se\u00f1al\u00f3 la nota firmada por&nbsp;<strong>Mar\u00eda Adela Antokoletz<\/strong>, vicepresidenta de la asociaci\u00f3n.<\/p>\n\n\n\n<p>Grajales finalmente apareci\u00f3 este martes en un centro de detenci\u00f3n de las afueras de Caracas, seg\u00fan anunci\u00f3 su pareja.<\/p>\n\n\n\n<p>El CELS se sum\u00f3 al pedido y exigi\u00f3 su liberaci\u00f3n en un comunicado. \u201c\u00bfD\u00f3nde est\u00e1 Martha L\u00eda Grajales? Exigimos que Venezuela respete su integridad, informe su paradero y ordene su libertad inmediata, as\u00ed como la del resto de defensorxs de derechos humanos detenidxs de manera arbitraria\u201d, se\u00f1al\u00f3.<\/p>\n\n\n\n<p>El diputado de izquierda&nbsp;<strong>Christian Catillo<\/strong>&nbsp;tambi\u00e9n denunci\u00f3 el arresto arbitrario de Grajales y pidi\u00f3 por su liberaci\u00f3n. Otros referentes de su espacio se sumaron al reclamo.<\/p>\n\n\n\n<p><strong>Adolfo P\u00e9rez Esquivel<\/strong>, premio Nobel de la Paz 1980, opt\u00f3 por firmar un comunciado de la ONG venezolana Provea titulado \u201cDefender los derechos humanos de las personas humildes no es un delito: Libertad inmediata para Martha L\u00eda Grajales\u201d.<\/p>\n\n\n\n<p><\/p>\n","protected":false},"excerpt":{"rendered":"<p>Martha L\u00eda Grajales rompi\u00f3 con el gobierno de Nicol\u00e1s Maduro y fue acusada de conspiraci\u00f3n. Las Madres de Plaza de Mayo L\u00ednea Fundadora pidieron por su libertad. El arresto de&hellip; <\/p>\n","protected":false},"author":8,"featured_media":221962,"comment_status":"closed","ping_status":"open","sticky":false,"template":"","format":"standard","meta":{"footnotes":""},"categories":[11],"tags":[],"class_list":["post-221961","post","type-post","status-publish","format-standard","has-post-thumbnail","hentry","category-internacionales"],"_links":{"self":[{"href":"https:\/\/corrientesdetarde.com\/index.php\/wp-json\/wp\/v2\/posts\/221961","targetHints":{"allow":["GET"]}}],"collection":[{"href":"https:\/\/corrientesdetarde.com\/index.php\/wp-json\/wp\/v2\/posts"}],"about":[{"href":"https:\/\/corrientesdetarde.com\/index.php\/wp-json\/wp\/v2\/types\/post"}],"author":[{"embeddable":true,"href":"https:\/\/corrientesdetarde.com\/index.php\/wp-json\/wp\/v2\/users\/8"}],"replies":[{"embeddable":true,"href":"https:\/\/corrientesdetarde.com\/index.php\/wp-json\/wp\/v2\/comments?post=221961"}],"version-history":[{"count":1,"href":"https:\/\/corrientesdetarde.com\/index.php\/wp-json\/wp\/v2\/posts\/221961\/revisions"}],"predecessor-version":[{"id":221963,"href":"https:\/\/corrientesdetarde.com\/index.php\/wp-json\/wp\/v2\/posts\/221961\/revisions\/221963"}],"wp:featuredmedia":[{"embeddable":true,"href":"https:\/\/corrientesdetarde.com\/index.php\/wp-json\/wp\/v2\/media\/221962"}],"wp:attachment":[{"href":"https:\/\/corrientesdetarde.com\/index.php\/wp-json\/wp\/v2\/media?parent=221961"}],"wp:term":[{"taxonomy":"category","embeddable":true,"href":"https:\/\/corrientesdetarde.com\/index.php\/wp-json\/wp\/v2\/categories?post=221961"},{"taxonomy":"post_tag","embeddable":true,"href":"https:\/\/corrientesdetarde.com\/index.php\/wp-json\/wp\/v2\/tags?post=221961"}],"curies":[{"name":"wp","href":"https:\/\/api.w.org\/{rel}","templated":true}]}}