{"id":221964,"date":"2025-08-12T16:27:11","date_gmt":"2025-08-12T19:27:11","guid":{"rendered":"https:\/\/corrientesdetarde.com\/?p=221964"},"modified":"2025-08-12T16:27:16","modified_gmt":"2025-08-12T19:27:16","slug":"sebastian-driussi-tiene-el-alta-medica-y-puede-viajar-con-river-para-visitar-a-libertad-de-paraguay","status":"publish","type":"post","link":"https:\/\/corrientesdetarde.com\/index.php\/deportes\/sebastian-driussi-tiene-el-alta-medica-y-puede-viajar-con-river-para-visitar-a-libertad-de-paraguay\/","title":{"rendered":"Sebasti\u00e1n Driussi tiene el alta m\u00e9dica y puede viajar con River para visitar a Libertad de Paraguay"},"content":{"rendered":"\n<p>El delantero se recuper\u00f3 de la lesi\u00f3n que lo margin\u00f3 desde el Mundial de Clubes y estar\u00e1 disponible para el partido de ida de los octavos de final de la Copa Libertadores.<\/p>\n\n\n\n<p>El alta m\u00e9dica de<strong>\u00a0Sebasti\u00e1n Driussi<\/strong>\u00a0fue una de las mejores noticias que recibi\u00f3 Marcelo Gallardo de cara al\u00a0<strong>cruce con Libertad de Paraguay, en el partido de ida de los octavos de final de la Copa Libertadores<\/strong>. El delantero se recuper\u00f3 de la lesi\u00f3n que lo margin\u00f3 a finales de junio y qued\u00f3 a disposici\u00f3n para viajar a Asunci\u00f3n.<\/p>\n\n\n\n<p>Driussi, que sufri\u00f3 un fuerte esguince en el Mundial de Clubes, podr\u00eda entrar en la n\u00f3mina de los convocados, aunque dif\u00edcilmente juegue en el choque ante los paraguayos.&nbsp;<strong>M\u00e1s all\u00e1 de su recuperaci\u00f3n, la falta de f\u00fatbol en las \u00faltimas semanas le restan chances para meterse en el once inicial en un duelo tan exigente.<\/strong><\/p>\n\n\n\n<figure class=\"wp-block-image\"><img decoding=\"async\" src=\"https:\/\/tn.com.ar\/resizer\/v2\/sebastian-driussi-recibio-el-alta-medica-y-esta-disponible-para-el-partido-de-ida-de-los-octavos-de-final-de-la-copa-libertadores-entre-river-y-libertad-foto-riverplateig-GGGT3LMPR5D7PKLPW27CO7JZIY.jpg?auth=0273f21366f52e14a50d7d2414ebd55bc0b8472dd3484ce971dfc6398f3d4898&amp;width=767\" alt=\"Sebasti\u00e1n Driussi recibi\u00f3 el alta m\u00e9dica y est\u00e1 disponible para el partido de ida de los octavos de final de la Copa Libertadores entre River y Libertad. (Foto: riverplate\/IG)\"\/><\/figure>\n\n\n\n<p>En la delantera, Gallardo optar\u00e1 por lo que tiene a disposici\u00f3n:&nbsp;<strong>Miguel Borja y Facundo Colidio&nbsp;<\/strong>compatir\u00e1n el ataque del Millonario ante la ausencia de Maximiliano Salas y la poca preparaci\u00f3n de Driussi. Luego, en el mediocampo, el Mu\u00f1eco le seguir\u00e1 dando rodaje al tridente compuesto por Enzo P\u00e9rez, Kevin Casta\u00f1o y Mat\u00edas Galarza.<\/p>\n\n\n\n<p><strong>Driussi se lesion\u00f3 en la jugada del segundo gol de River ante los Urawa Red Diamonds<\/strong>. Tras anticiparse al arquero Shusaku Nishikawa en un salto para conectar la pelota de cabeza, pis\u00f3 mal al caer y qued\u00f3 tendido en el c\u00e9sped con evidentes signos de dolor.<\/p>\n\n\n\n<figure class=\"wp-block-image\"><img decoding=\"async\" src=\"https:\/\/tn.com.ar\/resizer\/v2\/driussi-se-lesiono-en-la-jugada-del-segundo-gol-de-river-ante-los-urawa-red-diamonds-56-dias-despues-ya-esta-de-vuelta-foto-ap-GTKWX7ZA25ABRGNUQBXB5QLLY4.jpg?auth=353605c5469b5a7a04d0959ee4382114b6362a8cf82813a001d5499c216aeb0a&amp;width=767\" alt=\"Driussi se lesion\u00f3 en la jugada del segundo gol de River ante los Urawa Red Diamonds. 56 d\u00edas despu\u00e9s ya esta de vuelta. (Foto: AP)\"\/><\/figure>\n\n\n\n<p>Hoy, 56 d\u00edas despu\u00e9s, hizo una pr\u00e1ctica sin molestias y le dio la mejor noticia del d\u00eda a Marcelo Gallardo, que evaluar\u00e1 si lo sube al avi\u00f3n para jugar el primer partido de Copa Libertadores, tras el receso.<\/p>\n\n\n\n<h2 class=\"wp-block-heading\"><strong>Cu\u00e1ndo juega River por los octavos de final de la Copa Libertadores<\/strong><\/h2>\n\n\n\n<p>River se enfrentar\u00e1 a Libertad de Paraguay por los octavos de final de la Copa Libertadores.&nbsp;<strong>El partido de ida se jugar\u00e1 el jueves 14 de agosto a las 21.30 en Asunci\u00f3n, mientras que la vuelta ser\u00e1 en el M\u00e1s Monumental, el jueves 21, a la misma hora.<\/strong><\/p>\n\n\n\n<h2 class=\"wp-block-heading\"><strong>La posible formaci\u00f3n de River para la ida contra Libertad<\/strong><\/h2>\n\n\n\n<p>Franco Armani; Gonzalo Montiel, Sebasti\u00e1n Boselli, Paulo D\u00edaz, Marcos Acu\u00f1a; Kevin Casta\u00f1o, Enzo P\u00e9rez, Mat\u00edas Galarza; Santiago Lencina, Facundo Colidio y Miguel Borja.&nbsp;<strong>DT<\/strong>: Marcelo Gallardo.<\/p>\n\n\n\n<p><\/p>\n","protected":false},"excerpt":{"rendered":"<p>El delantero se recuper\u00f3 de la lesi\u00f3n que lo margin\u00f3 desde el Mundial de Clubes y estar\u00e1 disponible para el partido de ida de los octavos de final de la&hellip; <\/p>\n","protected":false},"author":8,"featured_media":221965,"comment_status":"closed","ping_status":"open","sticky":false,"template":"","format":"standard","meta":{"footnotes":""},"categories":[4],"tags":[],"class_list":["post-221964","post","type-post","status-publish","format-standard","has-post-thumbnail","hentry","category-deportes"],"_links":{"self":[{"href":"https:\/\/corrientesdetarde.com\/index.php\/wp-json\/wp\/v2\/posts\/221964","targetHints":{"allow":["GET"]}}],"collection":[{"href":"https:\/\/corrientesdetarde.com\/index.php\/wp-json\/wp\/v2\/posts"}],"about":[{"href":"https:\/\/corrientesdetarde.com\/index.php\/wp-json\/wp\/v2\/types\/post"}],"author":[{"embeddable":true,"href":"https:\/\/corrientesdetarde.com\/index.php\/wp-json\/wp\/v2\/users\/8"}],"replies":[{"embeddable":true,"href":"https:\/\/corrientesdetarde.com\/index.php\/wp-json\/wp\/v2\/comments?post=221964"}],"version-history":[{"count":1,"href":"https:\/\/corrientesdetarde.com\/index.php\/wp-json\/wp\/v2\/posts\/221964\/revisions"}],"predecessor-version":[{"id":221966,"href":"https:\/\/corrientesdetarde.com\/index.php\/wp-json\/wp\/v2\/posts\/221964\/revisions\/221966"}],"wp:featuredmedia":[{"embeddable":true,"href":"https:\/\/corrientesdetarde.com\/index.php\/wp-json\/wp\/v2\/media\/221965"}],"wp:attachment":[{"href":"https:\/\/corrientesdetarde.com\/index.php\/wp-json\/wp\/v2\/media?parent=221964"}],"wp:term":[{"taxonomy":"category","embeddable":true,"href":"https:\/\/corrientesdetarde.com\/index.php\/wp-json\/wp\/v2\/categories?post=221964"},{"taxonomy":"post_tag","embeddable":true,"href":"https:\/\/corrientesdetarde.com\/index.php\/wp-json\/wp\/v2\/tags?post=221964"}],"curies":[{"name":"wp","href":"https:\/\/api.w.org\/{rel}","templated":true}]}}