{"id":221967,"date":"2025-08-12T16:31:41","date_gmt":"2025-08-12T19:31:41","guid":{"rendered":"https:\/\/corrientesdetarde.com\/?p=221967"},"modified":"2025-08-12T16:31:52","modified_gmt":"2025-08-12T19:31:52","slug":"el-deseo-que-expuso-tamara-baez-en-su-nueva-etapa-con-l-gante","status":"publish","type":"post","link":"https:\/\/corrientesdetarde.com\/index.php\/espectaculos\/el-deseo-que-expuso-tamara-baez-en-su-nueva-etapa-con-l-gante\/","title":{"rendered":"El deseo que expuso Tamara B\u00e1ez en su nueva etapa con L-Gante"},"content":{"rendered":"\n<p>La influencer y el referente de la Cumbia 420 se reconciliaron.<\/p>\n\n\n\n<p>Aunque parezca mentira, despu\u00e9s de tantas peleas medi\u00e1ticas,\u00a0<strong>Tamara B\u00e1ez<\/strong>\u00a0y\u00a0<strong>L-Gante<\/strong>\u00a0volvieron a estar juntos. El cantante confirm\u00f3 su reconciliaci\u00f3n y en las redes enloquecieron.<\/p>\n\n\n\n<p>La influencer explic\u00f3 por qu\u00e9 regres\u00f3 con el referente de la Cumbia 420<strong>&nbsp;al compartir algunas historias con frases en su Instagram.<\/strong><\/p>\n\n\n\n<p>Una de ellas era expl\u00edcita sobre este momento de su vida.&nbsp;<strong>\u201cLas cosas terminan, la gente cambia y la vida contin\u00faa\u201d<\/strong>, puntualizaba uno de los posteos que comparti\u00f3 este lunes.<\/p>\n\n\n\n<figure class=\"wp-block-image\"><img decoding=\"async\" src=\"https:\/\/tn.com.ar\/resizer\/v2\/tamara-baez-compartio-el-deseo-que-pretende-para-su-nueva-etapa-con-l-gante-foto-instagramtamibaez222-FRSSXNBTVFD6PFC2ZF6BIFF4YA.JPG?auth=ac8a67058fc2a3d59763a895fe3d0d8908512eb408fb39bdbda6e1c36ff3a8f0&amp;width=767\" alt=\"Tamara B\u00e1ez comparti\u00f3 el deseo que pretende para su nueva etapa con L-Gante. (Foto: Instagram\/tamibaez222)\"\/><\/figure>\n\n\n\n<p>Ahora, Tamara, fue m\u00e1s expl\u00edcita sobre lo que se viene en su vida. En las \u00faltimas horas&nbsp;<strong>public\u00f3 una nueva reflexi\u00f3n<\/strong>&nbsp;en la que dej\u00f3 entrever un deseo a futuro. \u201cEstamos bien,&nbsp;<strong>pero estaremos mucho mejor<\/strong>\u201d, asegura la frase de una cuenta de la que Tamara constantemente comparte en sus diferentes perfiles.<\/p>\n\n\n\n<p><strong>Fue\u00a0L-Gante<\/strong>\u00a0quien\u00a0<strong>confirm\u00f3 su reconciliaci\u00f3n con\u00a0Tamara<\/strong>, despu\u00e9s de que se mostraran juntos en redes sociales. El lunes, en di\u00e1logo con\u00a0<em>Los profesionales de siempre<\/em>\u00a0(<em>El Nueve<\/em>), el cantante fue expl\u00edcito.<\/p>\n\n\n\n<p>\u201cAhora me siento rebien. Volv\u00ed de la gira de Europa, que&nbsp;<strong>estuve todo un mes haciendo muchos shows.&nbsp;<\/strong>(&#8230;) Vine y acomod\u00e9 un mont\u00f3n de cosas.&nbsp;<strong>Estoy ac\u00e1 con Tamara, con Jamaica, con mis amigos yendo a comer<\/strong>\u201d, dijo.<\/p>\n\n\n\n<figure class=\"wp-block-image\"><img decoding=\"async\" src=\"https:\/\/tn.com.ar\/resizer\/v2\/tamara-baez-explico-por-que-volvio-a-apostar-al-amor-con-l-gante-foto-instagram-tamibaez222-KO2CKOEFRBDEPJH3CPIILSTVSM.png?auth=c8af7d15bff5315bb95a0d8d053cff8f8987a9fb7448c75bad2c27172a7c6b2b&amp;width=767\" alt=\"Tamara B\u00e1ez explic\u00f3 por qu\u00e9 volvi\u00f3 a apostar al amor con L-Gante (Foto: Instagram \/tamibaez222)\"\/><\/figure>\n\n\n\n<p>Eso dio el pie para que le preguntaran por la relaci\u00f3n que est\u00e1 atravesando en este momento.&nbsp;<strong>\u201cVolvimos en el mejor de los sentidos. Estamos bien<\/strong>.&nbsp;<strong>Lo primero es la familia<\/strong>\u201d, sentenci\u00f3.<\/p>\n\n\n\n<p>Adem\u00e1s, dijo que le cost\u00f3 mucho poder volver a hablar con Tamara sobre su relaci\u00f3n y remat\u00f3:&nbsp;<strong>\u201cNunca dej\u00e9 de estar enamorado\u201d<\/strong>.<\/p>\n\n\n\n<h2 class=\"wp-block-heading\">Qu\u00e9 dijo el exnovio de Tamara B\u00e1ez cuando se enter\u00f3 de la reconciliaci\u00f3n con L-Gante<\/h2>\n\n\n\n<p><strong>Thiago Mart\u00ednez<\/strong> sorprendi\u00f3 con un posteo luego de saber que su expareja se amig\u00f3 con<strong>\u00a0L-Gante<\/strong>. El\u00a0<strong>joven se hab\u00eda expresado en redes sociales con\u00a0enigm\u00e1ticos mensajes<\/strong>\u00a0antes de conocerse la novedad de la reconciliaci\u00f3n.<\/p>\n\n\n\n<figure class=\"wp-block-image\"><img decoding=\"async\" src=\"https:\/\/tn.com.ar\/resizer\/v2\/la-reaccion-del-ex-de-tamara-al-enterarse-de-la-reconciliacion-con-l-gante-foto-instagram-thiagomartinezook2-5ZLSXMRRJFDZ5F3AG3ETMLEBWY.png?auth=5d9eb475ae3c0b92f2eaf0106363b7f6fe855eeea2b1e8294a38764fa60f62ae&amp;width=767\" alt=\"La reacci\u00f3n del ex de Tamara al enterarse de la reconciliaci\u00f3n con L-Gante (Foto: Instagram \/thiago.martinezook2)\"\/><\/figure>\n\n\n\n<p>Una vez que se supo, sin dar nombres propios, Thiago comparti\u00f3 un cartel en sus historias de Instagram en el que se puede leer: \u201cLa vida a veces es dura, pero<strong>&nbsp;te voy a contar un secreto&#8230; eres m\u00e1s\u201d.<\/strong><\/p>\n\n\n\n<p>Horas antes, el joven hab\u00eda compartido otra llamativa frase que ahora cobra otro sentido. \u201cY al final dej\u00e9 los celos y me puse a pensar que cada quien est\u00e1 donde quiere estar y<strong>&nbsp;pierde lo que quiere perder\u201d<\/strong>, se le\u00eda.<\/p>\n\n\n\n<p><\/p>\n","protected":false},"excerpt":{"rendered":"<p>La influencer y el referente de la Cumbia 420 se reconciliaron. Aunque parezca mentira, despu\u00e9s de tantas peleas medi\u00e1ticas,\u00a0Tamara B\u00e1ez\u00a0y\u00a0L-Gante\u00a0volvieron a estar juntos. El cantante confirm\u00f3 su reconciliaci\u00f3n y en&hellip; <\/p>\n","protected":false},"author":8,"featured_media":221968,"comment_status":"closed","ping_status":"open","sticky":false,"template":"","format":"standard","meta":{"footnotes":""},"categories":[19],"tags":[],"class_list":["post-221967","post","type-post","status-publish","format-standard","has-post-thumbnail","hentry","category-espectaculos"],"_links":{"self":[{"href":"https:\/\/corrientesdetarde.com\/index.php\/wp-json\/wp\/v2\/posts\/221967","targetHints":{"allow":["GET"]}}],"collection":[{"href":"https:\/\/corrientesdetarde.com\/index.php\/wp-json\/wp\/v2\/posts"}],"about":[{"href":"https:\/\/corrientesdetarde.com\/index.php\/wp-json\/wp\/v2\/types\/post"}],"author":[{"embeddable":true,"href":"https:\/\/corrientesdetarde.com\/index.php\/wp-json\/wp\/v2\/users\/8"}],"replies":[{"embeddable":true,"href":"https:\/\/corrientesdetarde.com\/index.php\/wp-json\/wp\/v2\/comments?post=221967"}],"version-history":[{"count":1,"href":"https:\/\/corrientesdetarde.com\/index.php\/wp-json\/wp\/v2\/posts\/221967\/revisions"}],"predecessor-version":[{"id":221969,"href":"https:\/\/corrientesdetarde.com\/index.php\/wp-json\/wp\/v2\/posts\/221967\/revisions\/221969"}],"wp:featuredmedia":[{"embeddable":true,"href":"https:\/\/corrientesdetarde.com\/index.php\/wp-json\/wp\/v2\/media\/221968"}],"wp:attachment":[{"href":"https:\/\/corrientesdetarde.com\/index.php\/wp-json\/wp\/v2\/media?parent=221967"}],"wp:term":[{"taxonomy":"category","embeddable":true,"href":"https:\/\/corrientesdetarde.com\/index.php\/wp-json\/wp\/v2\/categories?post=221967"},{"taxonomy":"post_tag","embeddable":true,"href":"https:\/\/corrientesdetarde.com\/index.php\/wp-json\/wp\/v2\/tags?post=221967"}],"curies":[{"name":"wp","href":"https:\/\/api.w.org\/{rel}","templated":true}]}}