{"id":221972,"date":"2025-08-12T19:54:27","date_gmt":"2025-08-12T22:54:27","guid":{"rendered":"https:\/\/corrientesdetarde.com\/?p=221972"},"modified":"2025-08-12T19:54:38","modified_gmt":"2025-08-12T22:54:38","slug":"el-centro-cultural-ituzaingo-tuvo-su-reapertura-en-el-marco-del-programa-hermanos-del-vera","status":"publish","type":"post","link":"https:\/\/corrientesdetarde.com\/index.php\/locales\/el-centro-cultural-ituzaingo-tuvo-su-reapertura-en-el-marco-del-programa-hermanos-del-vera\/","title":{"rendered":"El Centro Cultural Ituzaing\u00f3 tuvo su reapertura en el marco del programa Hermanos del Vera"},"content":{"rendered":"\n<p>En la v\u00edspera del 161\u00b0 aniversario de Ituzaing\u00f3 se llev\u00f3 adelante la reapertura del Centro Cultural Ituzaing\u00f3, especial velada que convoc\u00f3 al gobernador de la provincia, Gustavo Adolfo Valdes, al jefe comunal de Ituzaing\u00f3, Juan Pablo Vald\u00e9s, a la presidenta del Instituto de Cultura, Beatriz Kunin y a la directora del Teatro Oficial Juan de Vera, Lourdes S\u00e1nchez.<\/p>\n\n\n\n<p>El programa de refacci\u00f3n y puesta en valor de salas y teatros del interior de Corrientes tiene por objetivo ofrecer refacciones y equipamiento para la puesta en valor de los espacios culturales del interior provincial, propiciando mejoras en dichos espacios. Concluidas las obras en Ituzaing\u00f3, pr\u00f3ximamente se dar\u00e1 reapertura al Teatro Cervantes de Curuz\u00fa Cuati\u00e1 y la Sociedad Italiana de Esquina, en tanto que en Bella Vista contin\u00faan las obras en la Casa de la Cultura \u201cPedro Mendoza\u201d.<\/p>\n\n\n\n<p>Abriendo el acto protocolar, el gobernador Gustavo Vald\u00e9s expres\u00f3 ante los presentes que \u201cconectamos ese nuevo Ituzaing\u00f3 de la Entidad Binacional Yacyret\u00e1 que vino y que realmente cambi\u00f3 esta localidad, con el viejo Ituzaing\u00f3, este Centro Cultural tambi\u00e9n sirve de alguna manera para conectarnos porque la cultura abarca y abraza a todos y la cultura le permite al pueblo poder salir, poder volar y poder buscar opciones\u201d, finaliz\u00f3.<\/p>\n\n\n\n<figure class=\"wp-block-image size-large\"><img loading=\"lazy\" decoding=\"async\" width=\"1024\" height=\"679\" src=\"https:\/\/corrientesdetarde.com\/wp-content\/uploads\/2025\/08\/image-502-1024x679.png\" alt=\"\" class=\"wp-image-221980\" srcset=\"https:\/\/corrientesdetarde.com\/wp-content\/uploads\/2025\/08\/image-502-1024x679.png 1024w, https:\/\/corrientesdetarde.com\/wp-content\/uploads\/2025\/08\/image-502-300x199.png 300w, https:\/\/corrientesdetarde.com\/wp-content\/uploads\/2025\/08\/image-502-768x509.png 768w, https:\/\/corrientesdetarde.com\/wp-content\/uploads\/2025\/08\/image-502.png 1263w\" sizes=\"auto, (max-width: 1024px) 100vw, 1024px\" \/><\/figure>\n\n\n\n<p>Por su parte, la presidenta del Instituto de Cultura, Beatriz Kunin, manifest\u00f3 que para que este acontecimiento sea posible fue clave \u201cla decisi\u00f3n del Gobernador Vald\u00e9s, que apoy\u00f3 a todo el desarrollo de la cultura en toda la provincia de Corrientes\u201d, puso de relieve Kunin y a\u00f1adi\u00f3 que \u201cmediante el Puente de Paso Ayolas (Paso Fronterizo Ituzaing\u00f3- Ayolas) los hermanos paraguayos tambi\u00e9n podr\u00e1n disfrutar de este centro\u201d.<\/p>\n\n\n\n<p>En la ocasi\u00f3n, el intendente de Ituzaing\u00f3, Juan Pablo Vald\u00e9s declar\u00f3 que \u201ces muy especial la velada por el aniversario N\u00b0 161 de Ituzaing\u00f3, porque ocurrieron hechos importantes\u201d y sostuvo que queda \u201cen nosotros apostar a la cultura, y hoy el Centro Cultural cobr\u00f3 vida de nuevo\u201d.<\/p>\n\n\n\n<p>La directora del Teatro Vera, Lourdes S\u00e1nchez al iniciar su discurso dijo que \u201ceste momento marca un antes y un despu\u00e9s en la vida cultural de esta comunidad, con la puesta en valor del Centro Cultural\u201d y manifest\u00f3 que \u201cdesde el Teatro Vera nos sentimos muy orgullosos de haber acompa\u00f1ado este proceso\u201d.<\/p>\n\n\n\n<p><strong>Centro Cultural Ituzaing\u00f3 Renace<\/strong><\/p>\n\n\n\n<p>Tras el acto inaugural en las puertas del CCI, tuvo estreno la obra in\u00e9dita concebida y dirigida por Edu Gondell y Mar\u00eda Laura Cattalini, qui\u00e9n tambi\u00e9n protagoniz\u00f3 parte de la obra en el remozado escenario del Centro Cultural.<\/p>\n\n\n\n<p>Esta oda a la localidad correntina y a sus referentes culturales incluy\u00f3 un homenaje a Secundino Mart\u00ednez y Antonio Orellana. Participaron Pietrina Catapano, Malena, Mar\u00eda Laura Cattalani, integrantes de la Academia Borgo, la compa\u00f1\u00eda de baile de Luis Marinoni, Juan Rodo, Mauro Bonamino y Samuel Rodr\u00edguez, y el Grupo Dr\u00e1cula de Ituzaing\u00f3. El cierre vino de la mano de Los de Imaguar\u00e9, en la fachada del CCI.<\/p>\n","protected":false},"excerpt":{"rendered":"<p>En la v\u00edspera del 161\u00b0 aniversario de Ituzaing\u00f3 se llev\u00f3 adelante la reapertura del Centro Cultural Ituzaing\u00f3, especial velada que convoc\u00f3 al gobernador de la provincia, Gustavo Adolfo Valdes, al&hellip; <\/p>\n","protected":false},"author":4,"featured_media":221973,"comment_status":"closed","ping_status":"open","sticky":false,"template":"","format":"standard","meta":{"footnotes":""},"categories":[8],"tags":[],"class_list":["post-221972","post","type-post","status-publish","format-standard","has-post-thumbnail","hentry","category-locales"],"_links":{"self":[{"href":"https:\/\/corrientesdetarde.com\/index.php\/wp-json\/wp\/v2\/posts\/221972","targetHints":{"allow":["GET"]}}],"collection":[{"href":"https:\/\/corrientesdetarde.com\/index.php\/wp-json\/wp\/v2\/posts"}],"about":[{"href":"https:\/\/corrientesdetarde.com\/index.php\/wp-json\/wp\/v2\/types\/post"}],"author":[{"embeddable":true,"href":"https:\/\/corrientesdetarde.com\/index.php\/wp-json\/wp\/v2\/users\/4"}],"replies":[{"embeddable":true,"href":"https:\/\/corrientesdetarde.com\/index.php\/wp-json\/wp\/v2\/comments?post=221972"}],"version-history":[{"count":1,"href":"https:\/\/corrientesdetarde.com\/index.php\/wp-json\/wp\/v2\/posts\/221972\/revisions"}],"predecessor-version":[{"id":221981,"href":"https:\/\/corrientesdetarde.com\/index.php\/wp-json\/wp\/v2\/posts\/221972\/revisions\/221981"}],"wp:featuredmedia":[{"embeddable":true,"href":"https:\/\/corrientesdetarde.com\/index.php\/wp-json\/wp\/v2\/media\/221973"}],"wp:attachment":[{"href":"https:\/\/corrientesdetarde.com\/index.php\/wp-json\/wp\/v2\/media?parent=221972"}],"wp:term":[{"taxonomy":"category","embeddable":true,"href":"https:\/\/corrientesdetarde.com\/index.php\/wp-json\/wp\/v2\/categories?post=221972"},{"taxonomy":"post_tag","embeddable":true,"href":"https:\/\/corrientesdetarde.com\/index.php\/wp-json\/wp\/v2\/tags?post=221972"}],"curies":[{"name":"wp","href":"https:\/\/api.w.org\/{rel}","templated":true}]}}