{"id":221986,"date":"2025-08-12T20:21:12","date_gmt":"2025-08-12T23:21:12","guid":{"rendered":"https:\/\/corrientesdetarde.com\/?p=221986"},"modified":"2025-08-12T20:21:23","modified_gmt":"2025-08-12T23:21:23","slug":"el-gobernador-inauguro-el-nuevo-hospital-de-loreto-fortaleciendo-la-red-primaria-de-salud-publica","status":"publish","type":"post","link":"https:\/\/corrientesdetarde.com\/index.php\/locales\/el-gobernador-inauguro-el-nuevo-hospital-de-loreto-fortaleciendo-la-red-primaria-de-salud-publica\/","title":{"rendered":"El Gobernador inaugur\u00f3 el nuevo Hospital de Loreto, fortaleciendo la red primaria de salud p\u00fablica"},"content":{"rendered":"\n<p>El gobernador Gustavo Vald\u00e9s dej\u00f3 inaugurado este martes el nuevo Hospital \u201cDr. Jos\u00e9 Rodolfo Pi\u00f1eyro\u201d de Loreto, una obra moderna y totalmente equipada que marca un paso clave para la salud p\u00fablica en la regi\u00f3n. En su mensaje, el Mandatario subray\u00f3 que, desde el inicio de su gesti\u00f3n, se viene fortaleciendo e invirtiendo en los centros sanitarios de cada localidad, integrados en redes regionales de atenci\u00f3n primaria para garantizar igualdad de acceso a todos los correntinos.<\/p>\n\n\n\n<p>El moderno edificio, de 676 metros cuadrados, cuenta con salas de internaci\u00f3n, consultorios cl\u00ednicos y ginecol\u00f3gicos, sala de partos, farmacia, kinesiolog\u00eda, rayos X y espacios para el personal, adem\u00e1s de accesos adaptados para ambulancias y mejoras en infraestructura exterior.<\/p>\n\n\n\n<figure class=\"wp-block-image size-large\"><img loading=\"lazy\" decoding=\"async\" width=\"1024\" height=\"676\" src=\"https:\/\/corrientesdetarde.com\/wp-content\/uploads\/2025\/08\/image-505-1024x676.png\" alt=\"\" class=\"wp-image-221987\" srcset=\"https:\/\/corrientesdetarde.com\/wp-content\/uploads\/2025\/08\/image-505-1024x676.png 1024w, https:\/\/corrientesdetarde.com\/wp-content\/uploads\/2025\/08\/image-505-300x198.png 300w, https:\/\/corrientesdetarde.com\/wp-content\/uploads\/2025\/08\/image-505-768x507.png 768w, https:\/\/corrientesdetarde.com\/wp-content\/uploads\/2025\/08\/image-505.png 1264w\" sizes=\"auto, (max-width: 1024px) 100vw, 1024px\" \/><\/figure>\n\n\n\n<p>Durante su discurso, Vald\u00e9s record\u00f3 sus vivencias en la localidad y ratific\u00f3 que \u201cla responsabilidad de gobernar es concretar proyectos que transformen la vida de la gente\u201d. Resalt\u00f3 el esfuerzo conjunto realizado durante la pandemia, cuando \u201clo p\u00fablico demostr\u00f3 su fortaleza\u201d y afirm\u00f3 que cada comunidad debe contar con un servicio de atenci\u00f3n primaria de primer nivel. La ceremonia incluy\u00f3 la bendici\u00f3n del cura p\u00e1rroco H\u00e9ctor Romero y cont\u00f3 con la presencia del ministro de Salud, Ricardo Cardozo, autoridades provinciales y municipales, y vecinos de la zona. Al momento de su alocuci\u00f3n, el gobernador inicialmente record\u00f3 sus vivencias de juventud al recorrer la localidad y ratific\u00f3 su compromiso con la localidad y por ello, sostuvo que \u201cla responsabilidad de gobernar se centra en poder hacer y concretar un proyecto\u201d.<\/p>\n\n\n\n<p>En ese sentido, Vald\u00e9s destac\u00f3 la labor de los profesionales de salud que llevan adelante la atenci\u00f3n primaria en Loreto y remarc\u00f3 que \u201ctenemos que valorar que tengamos personas que entregan su vida a los dem\u00e1s\u201d y \u201cdebemos reafirmar que hay que trabajar para construir la salud p\u00fablica\u201d, a\u00f1adi\u00f3.<\/p>\n\n\n\n<figure class=\"wp-block-image size-large\"><img loading=\"lazy\" decoding=\"async\" width=\"1024\" height=\"666\" src=\"https:\/\/corrientesdetarde.com\/wp-content\/uploads\/2025\/08\/image-506-1024x666.png\" alt=\"\" class=\"wp-image-221988\" srcset=\"https:\/\/corrientesdetarde.com\/wp-content\/uploads\/2025\/08\/image-506-1024x666.png 1024w, https:\/\/corrientesdetarde.com\/wp-content\/uploads\/2025\/08\/image-506-300x195.png 300w, https:\/\/corrientesdetarde.com\/wp-content\/uploads\/2025\/08\/image-506-768x500.png 768w, https:\/\/corrientesdetarde.com\/wp-content\/uploads\/2025\/08\/image-506.png 1393w\" sizes=\"auto, (max-width: 1024px) 100vw, 1024px\" \/><\/figure>\n\n\n\n<p>As\u00ed, el mandatario record\u00f3 las labores realizadas en tiempos de pandemia donde la apuesta al sector sanitario p\u00fablico se convirti\u00f3 en el eje central donde \u201cpusimos en juego los valores de construir desde lo colectivo\u201d porque \u201cen muchos lugares donde la salud privada era brillante en otras provincias y la p\u00fablica no tanto y nosotros nos arremangamos y demostramos que lo p\u00fablico ten\u00eda un cap\u00edtulo de fortaleza\u201d y \u201cpudimos atender uno por uno a los correntinos\u201d, resalt\u00f3.<\/p>\n\n\n\n<p>\u201cDesde ese momento el esfuerzo lo hicimos entre todos y vimos que cada localidad deb\u00eda de contar con un servicio de atenci\u00f3n primaria de primer nivel y por eso, apostamos a que Loreto tambi\u00e9n cuente con mejoras\u201d, subray\u00f3 Vald\u00e9s al hacer hincapi\u00e9 en la importancia de brindar igualdad a los ciudadanos como tambi\u00e9n el trabajo realizado en la apuesta al sector.<\/p>\n\n\n\n<p>A su vez, Vald\u00e9s mencion\u00f3 que \u201cun gobernador tiene que salir a patear el interior y no quedarse encerrado en Casa de Gobierno, porque debemos inaugurar obras que brinden respuestas a los correntinos\u201d y \u201cen este caso debemos trabajar para que la salud este a la altura\u201d, agreg\u00f3.<\/p>\n\n\n\n<p>Para cerrar, inst\u00f3 a seguir apuntalando el sector sanitario y que \u201ctrabajemos en red porque la salud p\u00fablica tiene que ser una prioridad para que a ning\u00fan correntino le haga falta una respuesta\u201d.<\/p>\n\n\n\n<p>En la ocasi\u00f3n, se realiz\u00f3 la bendici\u00f3n a cargo del cura p\u00e1rroco, H\u00e9ctor Romero.<\/p>\n\n\n\n<figure class=\"wp-block-image size-large\"><img loading=\"lazy\" decoding=\"async\" width=\"1024\" height=\"679\" src=\"https:\/\/corrientesdetarde.com\/wp-content\/uploads\/2025\/08\/image-507-1024x679.png\" alt=\"\" class=\"wp-image-221989\" srcset=\"https:\/\/corrientesdetarde.com\/wp-content\/uploads\/2025\/08\/image-507-1024x679.png 1024w, https:\/\/corrientesdetarde.com\/wp-content\/uploads\/2025\/08\/image-507-300x199.png 300w, https:\/\/corrientesdetarde.com\/wp-content\/uploads\/2025\/08\/image-507-768x509.png 768w, https:\/\/corrientesdetarde.com\/wp-content\/uploads\/2025\/08\/image-507.png 1264w\" sizes=\"auto, (max-width: 1024px) 100vw, 1024px\" \/><\/figure>\n\n\n\n<p><strong>Palabra de autoridades<\/strong><\/p>\n\n\n\n<p>En la oportunidad, el ministro de Salud P\u00fablica, Ricardo Cardozo, reconoci\u00f3 el esfuerzo y trabajo de la doctora Julia \u201cpor sacrificio de tantos a\u00f1os, con vocaci\u00f3n al dialogo, y la disposici\u00f3n para afrontar lo que va pasando\u201d.<\/p>\n\n\n\n<p>&nbsp;\u201cEsto es fruto de un anhelo, sobre todo de la Salud Publica para mejorar desde el punto de vista sanitario este hospital, y el compromiso del Gobernador de cuando vino hace tres a\u00f1os\u201d, manifest\u00f3 en la oportunidad Cardozo.<\/p>\n\n\n\n<p>Con respecto a las necesidades planteadas por el ministro Cardozo al Gobernador para la realizaci\u00f3n del centro de Salud, mencion\u00f3: m\u00e9dicos, un laboratorio, una ambulancia, y un equipo de rayos. Las necesidades fueron respaldadas por el Mandatario provincial.<\/p>\n\n\n\n<p>Adem\u00e1s, Cardozo destac\u00f3 la red de hospitales de la Provincia que cubre las necesidades de los pueblos con menor poblaci\u00f3n. \u201cLa idea es inaugurar este tipo de hospitales en las localidades peque\u00f1as, y complejizar los hospitales que atienden casos complejos\u201d, concluy\u00f3.<\/p>\n\n\n\n<p>Al expresarse ante los presentes, el intendente de Loreto, Orlando Maidana manifest\u00f3 que \u201cla verdad que hoy Loreto abre las puertas de un cap\u00edtulo en su historia, en donde la salud, el compromiso, la esperanza y la dignidad de cuidar a la gente, de cuidar a la generaci\u00f3n que viene, a nuestros abuelitos y a nuestros ni\u00f1os\u201d y luego se\u00f1al\u00f3 que \u201cas\u00ed como fue algo hist\u00f3rico para nosotros inaugurar la sucursal del Banco de Corrientes, en donde justamente cuida nuestra riqueza material, hoy al inaugurar el hospital, cuidamos y protegemos el mayor tesoro que es la vida y la salud de los loretanos\u201d.<\/p>\n\n\n\n<p>Para cerrar, Maidana agradeci\u00f3 al Gobernador diciendo que \u201cqueremos agradecerle por tantas obras que hac\u00eda falta en nuestro pueblo, que hace muchos a\u00f1os ven\u00edamos pidiendo los vecinos y gracias a Dios se pudo concretar en esta gesti\u00f3n, trabajando siempre en conjunto con el Gobierno\u201d finaliz\u00f3.<\/p>\n\n\n\n<p>En la oportunidad, la directora del Hospital, Julia Torres de Ortiz hizo extensivo su c\u00e1lido agradecimiento al Gobierno provincial por las obras habilitadas en la jornada remarcando que \u201ceste es un momento muy especial para el pueblo de Loreto y el personal de salud\u201d que \u201cnos brinda mejoras que dignifican a toda la sociedad\u201d.<\/p>\n\n\n\n<p>Luego de realizar un breve repaso por sus labores al frente de la atenci\u00f3n sanitaria, inst\u00f3 a sus pares a \u201cseguir trabajando con humildad y el esp\u00edritu de servicio para el bien de la comunidad\u201d.<\/p>\n\n\n\n<p>Finalmente, remarc\u00f3 que el nosocomio cuenta con un gran abanico de prestaciones sanitarias \u2013cardiol\u00f3gicas, odontol\u00f3gicas, ginecol\u00f3gicas, entre otras- y que anualmente se contabilizan entre 12.000 y 15.000 atenciones brindadas.<\/p>\n\n\n\n<p><strong>Detalles de obra<\/strong><\/p>\n\n\n\n<p>El edificio tiene una superficie construida de seiscientos setenta y seis metros cuadrados. Comprende sala de espera, enfermer\u00eda con vacunatorio, sala de rayos x, cinco salas de internaci\u00f3n con diez camas en total con sus respectivos ba\u00f1os, consultorios cl\u00ednicos, consultorio ginecol\u00f3gico, farmacia y administraci\u00f3n, shop room y dep\u00f3sitos, servicios de kinesiolog\u00eda, sala de partos, vestuarios y habitaciones para m\u00e9dicos y choferes, entre otras \u00e1reas.<\/p>\n\n\n\n<p>Adem\u00e1s de la instalaci\u00f3n de agua caliente, tanque elevado de agua, veredas perimetrales, iluminaci\u00f3n exterior, rejas de seguridad enfrente, construcci\u00f3n de acceso y salidas para ambulancia.<\/p>\n\n\n\n<p>El Ministerio de Salud P\u00fablica tambi\u00e9n sigue trabajando en el interior provincial para que todas las \u00e1reas funcionen correctamente.<\/p>\n\n\n\n<p><strong>Presencias<\/strong><\/p>\n\n\n\n<p>Acompa\u00f1aron al gobernador de la Provincia, Gustavo Vald\u00e9s; el intendente de Loreto, Orlando Maidana; el ministro de Salud P\u00fablica, Ricardo Cardozo; ministros del Poder Ejecutivo Provincial; legisladores; secretarios y subsecretarios Provinciales y Municipales; directores del Ministerio de Salud P\u00fablica; la directora del Hospital, Julia Torres Ortiz; autoridades Municipales y Provinciales; intendentes del interior; personal de este hospital; y dem\u00e1s autoridades presentes.<\/p>\n","protected":false},"excerpt":{"rendered":"<p>El gobernador Gustavo Vald\u00e9s dej\u00f3 inaugurado este martes el nuevo Hospital \u201cDr. Jos\u00e9 Rodolfo Pi\u00f1eyro\u201d de Loreto, una obra moderna y totalmente equipada que marca un paso clave para la&hellip; <\/p>\n","protected":false},"author":4,"featured_media":221990,"comment_status":"closed","ping_status":"open","sticky":false,"template":"","format":"standard","meta":{"footnotes":""},"categories":[8],"tags":[],"class_list":["post-221986","post","type-post","status-publish","format-standard","has-post-thumbnail","hentry","category-locales"],"_links":{"self":[{"href":"https:\/\/corrientesdetarde.com\/index.php\/wp-json\/wp\/v2\/posts\/221986","targetHints":{"allow":["GET"]}}],"collection":[{"href":"https:\/\/corrientesdetarde.com\/index.php\/wp-json\/wp\/v2\/posts"}],"about":[{"href":"https:\/\/corrientesdetarde.com\/index.php\/wp-json\/wp\/v2\/types\/post"}],"author":[{"embeddable":true,"href":"https:\/\/corrientesdetarde.com\/index.php\/wp-json\/wp\/v2\/users\/4"}],"replies":[{"embeddable":true,"href":"https:\/\/corrientesdetarde.com\/index.php\/wp-json\/wp\/v2\/comments?post=221986"}],"version-history":[{"count":1,"href":"https:\/\/corrientesdetarde.com\/index.php\/wp-json\/wp\/v2\/posts\/221986\/revisions"}],"predecessor-version":[{"id":221991,"href":"https:\/\/corrientesdetarde.com\/index.php\/wp-json\/wp\/v2\/posts\/221986\/revisions\/221991"}],"wp:featuredmedia":[{"embeddable":true,"href":"https:\/\/corrientesdetarde.com\/index.php\/wp-json\/wp\/v2\/media\/221990"}],"wp:attachment":[{"href":"https:\/\/corrientesdetarde.com\/index.php\/wp-json\/wp\/v2\/media?parent=221986"}],"wp:term":[{"taxonomy":"category","embeddable":true,"href":"https:\/\/corrientesdetarde.com\/index.php\/wp-json\/wp\/v2\/categories?post=221986"},{"taxonomy":"post_tag","embeddable":true,"href":"https:\/\/corrientesdetarde.com\/index.php\/wp-json\/wp\/v2\/tags?post=221986"}],"curies":[{"name":"wp","href":"https:\/\/api.w.org\/{rel}","templated":true}]}}