{"id":221992,"date":"2025-08-12T20:37:06","date_gmt":"2025-08-12T23:37:06","guid":{"rendered":"https:\/\/corrientesdetarde.com\/?p=221992"},"modified":"2025-08-12T20:37:17","modified_gmt":"2025-08-12T23:37:17","slug":"corrientes-detuvieron-a-una-viuda-negra-y-secuestraron-un-renault-12","status":"publish","type":"post","link":"https:\/\/corrientesdetarde.com\/index.php\/policiales\/corrientes-detuvieron-a-una-viuda-negra-y-secuestraron-un-renault-12\/","title":{"rendered":"Corrientes: detuvieron a una &#8220;viuda negra&#8221; y secuestraron un Renault 12"},"content":{"rendered":"\n<p>El operativo fue llevado adelante por efectivos de la Comisar\u00eda Primera de Mercedes, tras denuncias presentadas por varios hombres que dijeron haber sido v\u00edctimas de este tipo de hechos.&nbsp;<\/p>\n\n\n\n<p>La Polic\u00eda de Corrientes demor\u00f3 en Mercedes a una mujer sospechada de cometer delitos de robo y hurto bajo la modalidad conocida como &#8220;viuda negra&#8221;, en la que las v\u00edctimas \u2014generalmente hombres\u2014 son enga\u00f1adas y luego despojadas de sus pertenencias.<\/p>\n\n\n\n<p>El operativo fue llevado adelante por efectivos de la Comisar\u00eda Primera de la localidad, tras denuncias presentadas por varios hombres que dijeron haber sido v\u00edctimas de este tipo de hechos. A partir de tareas de inteligencia y seguimiento, los investigadores confirmaron que los casos respond\u00edan a ese modus operandi.<\/p>\n\n\n\n<p>Con apoyo de la divisi\u00f3n GTO, se realizaron tres allanamientos simult\u00e1neos en distintos puntos de la ciudad. Durante los procedimientos, se secuestr\u00f3 un autom\u00f3vil Renault 12, prendas de vestir y otros elementos vinculados a la investigaci\u00f3n.<\/p>\n\n\n\n<p>La mujer, mayor de edad, fue trasladada a la dependencia policial junto con lo incautado y qued\u00f3 a disposici\u00f3n de la Justicia para el avance de la causa.<\/p>\n","protected":false},"excerpt":{"rendered":"<p>El operativo fue llevado adelante por efectivos de la Comisar\u00eda Primera de Mercedes, tras denuncias presentadas por varios hombres que dijeron haber sido v\u00edctimas de este tipo de hechos.&nbsp; La&hellip; <\/p>\n","protected":false},"author":4,"featured_media":221993,"comment_status":"closed","ping_status":"open","sticky":false,"template":"","format":"standard","meta":{"footnotes":""},"categories":[33],"tags":[],"class_list":["post-221992","post","type-post","status-publish","format-standard","has-post-thumbnail","hentry","category-policiales"],"_links":{"self":[{"href":"https:\/\/corrientesdetarde.com\/index.php\/wp-json\/wp\/v2\/posts\/221992","targetHints":{"allow":["GET"]}}],"collection":[{"href":"https:\/\/corrientesdetarde.com\/index.php\/wp-json\/wp\/v2\/posts"}],"about":[{"href":"https:\/\/corrientesdetarde.com\/index.php\/wp-json\/wp\/v2\/types\/post"}],"author":[{"embeddable":true,"href":"https:\/\/corrientesdetarde.com\/index.php\/wp-json\/wp\/v2\/users\/4"}],"replies":[{"embeddable":true,"href":"https:\/\/corrientesdetarde.com\/index.php\/wp-json\/wp\/v2\/comments?post=221992"}],"version-history":[{"count":1,"href":"https:\/\/corrientesdetarde.com\/index.php\/wp-json\/wp\/v2\/posts\/221992\/revisions"}],"predecessor-version":[{"id":221994,"href":"https:\/\/corrientesdetarde.com\/index.php\/wp-json\/wp\/v2\/posts\/221992\/revisions\/221994"}],"wp:featuredmedia":[{"embeddable":true,"href":"https:\/\/corrientesdetarde.com\/index.php\/wp-json\/wp\/v2\/media\/221993"}],"wp:attachment":[{"href":"https:\/\/corrientesdetarde.com\/index.php\/wp-json\/wp\/v2\/media?parent=221992"}],"wp:term":[{"taxonomy":"category","embeddable":true,"href":"https:\/\/corrientesdetarde.com\/index.php\/wp-json\/wp\/v2\/categories?post=221992"},{"taxonomy":"post_tag","embeddable":true,"href":"https:\/\/corrientesdetarde.com\/index.php\/wp-json\/wp\/v2\/tags?post=221992"}],"curies":[{"name":"wp","href":"https:\/\/api.w.org\/{rel}","templated":true}]}}