{"id":222103,"date":"2025-08-13T15:36:27","date_gmt":"2025-08-13T18:36:27","guid":{"rendered":"https:\/\/corrientesdetarde.com\/?p=222103"},"modified":"2025-08-13T15:36:29","modified_gmt":"2025-08-13T18:36:29","slug":"la-subsecretaria-de-seguridad-ciudadana-brindo-charlas-sobre-bullying-grooming-y-consumo-problematico","status":"publish","type":"post","link":"https:\/\/corrientesdetarde.com\/index.php\/sociales\/la-subsecretaria-de-seguridad-ciudadana-brindo-charlas-sobre-bullying-grooming-y-consumo-problematico\/","title":{"rendered":"La Subsecretar\u00eda de Seguridad Ciudadana brind\u00f3 charlas sobre bullying, grooming y consumo problem\u00e1tico"},"content":{"rendered":"\n<p>El subsecretario de Seguridad Ciudadana de Corrientes, Oscar Mart\u00ednez, visit\u00f3 la ciudad de Esquina para encabezar jornadas de prevenci\u00f3n en la Escuela T\u00e9cnica y la Escuela Normal, dirigidas a estudiantes y docentes, con el objetivo de concientizar sobre bullying, grooming y consumo problem\u00e1tico.<br>En la Escuela T\u00e9cnica, el rector Ra\u00fal Cardozo dio la bienvenida al funcionario y resalt\u00f3 la importancia de trabajar junto a especialistas para orientar a alumnos y tutores, previniendo situaciones de riesgo. \u201cNecesitamos el apoyo de profesionales para prevenir el consumo problem\u00e1tico y el bullying. Agradecemos que nos acompa\u00f1en en beneficio de nuestros estudiantes\u201d, expres\u00f3.<\/p>\n\n\n\n<p>Mart\u00ednez explic\u00f3 que estas actividades forman parte de las acciones preventivas que la Subsecretar\u00eda de Seguridad Ciudadana desarrolla en toda la provincia. \u201cQueremos que los chicos comprendan el da\u00f1o que provocan estas problem\u00e1ticas, que se pongan en el lugar del otro y que puedan identificar se\u00f1ales de alerta para pedir ayuda a tiempo\u201d, afirm\u00f3.<\/p>\n\n\n\n<p>Las charlas fueron dictadas por el cuerpo t\u00e9cnico, quienes abordaron los riesgos, las consecuencias y las estrategias para pedir ayuda, adem\u00e1s de remarcar el rol de las familias y las escuelas en la detecci\u00f3n temprana.<\/p>\n\n\n\n<p>El subsecretario subray\u00f3 que el consumo problem\u00e1tico muchas veces comienza de manera casual, pero puede derivar en situaciones graves. \u201cLa prevenci\u00f3n es fundamental, y tanto j\u00f3venes como padres deben estar atentos\u201d, dijo, destacando la necesidad de un trabajo articulado con docentes y familias.<\/p>\n\n\n\n<p>La actividad se concret\u00f3 por invitaci\u00f3n de la senadora nacional, Gabriela Valenzuela y cont\u00f3 con el respaldo del gobernador de Corrientes, remarcando que la seguridad ciudadana tambi\u00e9n se construye a trav\u00e9s de la educaci\u00f3n y la prevenci\u00f3n.<\/p>\n\n\n\n<p>Cabe recordar que la subsecretar\u00eda de Seguridad Ciudadana atiende consultas y brinda asistencia a la comunidad a trav\u00e9s de sus redes sociales oficiales en Instagram y Facebook, con un equipo especializado que responde de forma directa.<\/p>\n","protected":false},"excerpt":{"rendered":"<p>El subsecretario de Seguridad Ciudadana de Corrientes, Oscar Mart\u00ednez, visit\u00f3 la ciudad de Esquina para encabezar jornadas de prevenci\u00f3n en la Escuela T\u00e9cnica y la Escuela Normal, dirigidas a estudiantes&hellip; <\/p>\n","protected":false},"author":8,"featured_media":222104,"comment_status":"closed","ping_status":"open","sticky":false,"template":"","format":"standard","meta":{"footnotes":""},"categories":[17],"tags":[],"class_list":["post-222103","post","type-post","status-publish","format-standard","has-post-thumbnail","hentry","category-sociales"],"_links":{"self":[{"href":"https:\/\/corrientesdetarde.com\/index.php\/wp-json\/wp\/v2\/posts\/222103","targetHints":{"allow":["GET"]}}],"collection":[{"href":"https:\/\/corrientesdetarde.com\/index.php\/wp-json\/wp\/v2\/posts"}],"about":[{"href":"https:\/\/corrientesdetarde.com\/index.php\/wp-json\/wp\/v2\/types\/post"}],"author":[{"embeddable":true,"href":"https:\/\/corrientesdetarde.com\/index.php\/wp-json\/wp\/v2\/users\/8"}],"replies":[{"embeddable":true,"href":"https:\/\/corrientesdetarde.com\/index.php\/wp-json\/wp\/v2\/comments?post=222103"}],"version-history":[{"count":1,"href":"https:\/\/corrientesdetarde.com\/index.php\/wp-json\/wp\/v2\/posts\/222103\/revisions"}],"predecessor-version":[{"id":222105,"href":"https:\/\/corrientesdetarde.com\/index.php\/wp-json\/wp\/v2\/posts\/222103\/revisions\/222105"}],"wp:featuredmedia":[{"embeddable":true,"href":"https:\/\/corrientesdetarde.com\/index.php\/wp-json\/wp\/v2\/media\/222104"}],"wp:attachment":[{"href":"https:\/\/corrientesdetarde.com\/index.php\/wp-json\/wp\/v2\/media?parent=222103"}],"wp:term":[{"taxonomy":"category","embeddable":true,"href":"https:\/\/corrientesdetarde.com\/index.php\/wp-json\/wp\/v2\/categories?post=222103"},{"taxonomy":"post_tag","embeddable":true,"href":"https:\/\/corrientesdetarde.com\/index.php\/wp-json\/wp\/v2\/tags?post=222103"}],"curies":[{"name":"wp","href":"https:\/\/api.w.org\/{rel}","templated":true}]}}