{"id":222106,"date":"2025-08-13T15:38:23","date_gmt":"2025-08-13T18:38:23","guid":{"rendered":"https:\/\/corrientesdetarde.com\/?p=222106"},"modified":"2025-08-13T15:38:27","modified_gmt":"2025-08-13T18:38:27","slug":"trump-amenazo-a-putin-con-que-habra-consecuencias-muy-graves-si-no-pone-fin-a-la-guerra-en-ucrania","status":"publish","type":"post","link":"https:\/\/corrientesdetarde.com\/index.php\/internacionales\/trump-amenazo-a-putin-con-que-habra-consecuencias-muy-graves-si-no-pone-fin-a-la-guerra-en-ucrania\/","title":{"rendered":"Trump amenaz\u00f3 a Putin con que habr\u00e1 \u201cconsecuencias muy graves\u201d si no pone fin a la guerra en Ucrania"},"content":{"rendered":"\n<p>El presidente de EE.UU. dijo que buscar\u00e1 realizar un encuentro tripartido que incluya al l\u00edder ucraniano, Volodimir Zelenski. Presi\u00f3n de Kiev y la UE.<\/p>\n\n\n\n<p>A dos d\u00edas de la cumbre ruso-estadounidense prevista en una base militar de Anchorage, en Alaska, el presidente&nbsp;<strong>Donald Trump<\/strong>&nbsp;amenaz\u00f3 este mi\u00e9rcoles a&nbsp;<strong>Vladimir Putin<\/strong>&nbsp;con que habr\u00e1&nbsp;<strong>\u201cconsecuencias muy graves\u201d<\/strong>&nbsp;si Mosc\u00fa no pone fin a la guerra en Ucrania. Sin embargo, no dio m\u00e1s detalles sobre su advertencia.<\/p>\n\n\n\n<p>Adem\u00e1s, el presidente de los Estados Unidos anunci\u00f3 que prev\u00e9 una segunda reuni\u00f3n con Putin, poco despu\u00e9s de la cumbre del viernes, pero con la participaci\u00f3n del mandatario ucraniano,&nbsp;<strong>Volodimir Zelenski<\/strong>.<\/p>\n\n\n\n<p>\u201cSi la primera viene bien, tendremos una segunda reuni\u00f3n r\u00e1pidamente; me gustar\u00eda tenerla casi inmediatamente. Y tendremos r\u00e1pidamente una segunda reuni\u00f3n entre el presidente Putin, el presidente Zelenski y yo, si quieren que yo est\u00e9 presente\u201d, a\u00f1adi\u00f3.<\/p>\n\n\n\n<h2 class=\"wp-block-heading\">Kiev y la UE presionan por un alto el fuego<\/h2>\n\n\n\n<p>En tanto, Zelenski y sus colegas europeos instaron a Trump a presionar por un alto al fuego durante su encuentro con Putin.<\/p>\n\n\n\n<p>La intensificaci\u00f3n de la ofensiva rusa y la ausencia de Zelenski en la cumbre prevista en la ciudad de Anchorage aumentaron los temores de los presidentes de Estados Unidos y Rusia alcancen un acuerdo que obligue a Ucrania a hacer concesiones dolorosas.<\/p>\n\n\n\n<figure class=\"wp-block-image\"><img decoding=\"async\" src=\"https:\/\/tn.com.ar\/resizer\/v2\/volodimir-zelenski-y-el-canciller-aleman-friedrich-merz-en-berlin-foto-john-macdougallvia-reuters-WAOUV7DAB2HJBB4A7EYGYOPT7E.jpg?auth=58af36a0e810b584168bb0b596a1d009df6b15e080dddf44e318bf11258bc792&amp;width=767\" alt=\"Volodimir Zelenski y el canciller alem\u00e1n, Friedrich Merz, en Berl\u00edn (Foto: JOHN MACDOUGALL\/via REUTERS)\"\/><\/figure>\n\n\n\n<p>Las fuerzas rusas lograron el martes su mayor avance en 24 horas en m\u00e1s de un a\u00f1o, seg\u00fan datos del Instituto para el Estudio de la Guerra, con sede en Estados Unidos.<\/p>\n\n\n\n<p>Mientras la guerra contin\u00faa en el este de Ucrania, Zelenski vol\u00f3 el mi\u00e9rcoles a Berl\u00edn para participar, junto al jefe de gobierno alem\u00e1n,&nbsp;<strong>Friedrich Merz<\/strong>, otros l\u00edderes europeos y los jefes de la OTAN y la UE, de una videoconferencia con Trump. El objetivo ser\u00e1 lograr un frente com\u00fan contra Rusia.<\/p>\n\n\n\n<p>Tras la llamada, el presidente franc\u00e9s,&nbsp;<strong>Emmanuel Macron<\/strong>, asegur\u00f3 que la \u201cvoluntad\u201d de Estados Unidos es \u201cobtener un cese al fuego\u201d en Ucrania.<\/p>\n\n\n\n<p>Desde Berl\u00edn, Zelenski manifest\u00f3 su deseo de que la obtenci\u00f3n de un alto el fuego \u201cinmediato\u201d en Ucrania sea el \u201ctema central\u201d de la cumbre ruso-estadounidense. \u201cSi Rusia no acepta un alto al fuego, deben establecerse sanciones y reforzarlas\u201d, dijo en conferencia de prensa el dirigente ucraniano, quien no fue invitado a la reuni\u00f3n entre sus pares estadounidenses y rusos.<\/p>\n\n\n\n<p>En ese sentido, expres\u00f3 sus dudas sobre las intenciones de Mosc\u00fa, y afirm\u00f3: \u201cHe dicho a mis colegas, al presidente de Estados Unidos y a nuestros amigos europeos que&nbsp;<strong>Putin definitivamente no quiere la paz<\/strong>\u201d.<\/p>\n\n\n\n<p>A su lado, Merz tambi\u00e9n insisti\u00f3 en que \u201cel alto al fuego debe establecerse primero\u201d, antes de cualquier negociaci\u00f3n de paz, y que Ucrania debe \u201cestar presente en la mesa\u201d en cualquier reuni\u00f3n posterior a la de Alaska.<\/p>\n\n\n\n<p>Las negociaciones deben incluir garant\u00edas de seguridad s\u00f3lidas para Kiev y \u201cformar parte de una estrategia transatl\u00e1ntica conjunta\u201d, a\u00f1adi\u00f3.<\/p>\n","protected":false},"excerpt":{"rendered":"<p>El presidente de EE.UU. dijo que buscar\u00e1 realizar un encuentro tripartido que incluya al l\u00edder ucraniano, Volodimir Zelenski. Presi\u00f3n de Kiev y la UE. A dos d\u00edas de la cumbre&hellip; <\/p>\n","protected":false},"author":8,"featured_media":222107,"comment_status":"closed","ping_status":"open","sticky":false,"template":"","format":"standard","meta":{"footnotes":""},"categories":[11],"tags":[],"class_list":["post-222106","post","type-post","status-publish","format-standard","has-post-thumbnail","hentry","category-internacionales"],"_links":{"self":[{"href":"https:\/\/corrientesdetarde.com\/index.php\/wp-json\/wp\/v2\/posts\/222106","targetHints":{"allow":["GET"]}}],"collection":[{"href":"https:\/\/corrientesdetarde.com\/index.php\/wp-json\/wp\/v2\/posts"}],"about":[{"href":"https:\/\/corrientesdetarde.com\/index.php\/wp-json\/wp\/v2\/types\/post"}],"author":[{"embeddable":true,"href":"https:\/\/corrientesdetarde.com\/index.php\/wp-json\/wp\/v2\/users\/8"}],"replies":[{"embeddable":true,"href":"https:\/\/corrientesdetarde.com\/index.php\/wp-json\/wp\/v2\/comments?post=222106"}],"version-history":[{"count":1,"href":"https:\/\/corrientesdetarde.com\/index.php\/wp-json\/wp\/v2\/posts\/222106\/revisions"}],"predecessor-version":[{"id":222108,"href":"https:\/\/corrientesdetarde.com\/index.php\/wp-json\/wp\/v2\/posts\/222106\/revisions\/222108"}],"wp:featuredmedia":[{"embeddable":true,"href":"https:\/\/corrientesdetarde.com\/index.php\/wp-json\/wp\/v2\/media\/222107"}],"wp:attachment":[{"href":"https:\/\/corrientesdetarde.com\/index.php\/wp-json\/wp\/v2\/media?parent=222106"}],"wp:term":[{"taxonomy":"category","embeddable":true,"href":"https:\/\/corrientesdetarde.com\/index.php\/wp-json\/wp\/v2\/categories?post=222106"},{"taxonomy":"post_tag","embeddable":true,"href":"https:\/\/corrientesdetarde.com\/index.php\/wp-json\/wp\/v2\/tags?post=222106"}],"curies":[{"name":"wp","href":"https:\/\/api.w.org\/{rel}","templated":true}]}}