{"id":222216,"date":"2025-08-13T23:33:01","date_gmt":"2025-08-14T02:33:01","guid":{"rendered":"https:\/\/corrientesdetarde.com\/?p=222216"},"modified":"2025-08-13T23:33:13","modified_gmt":"2025-08-14T02:33:13","slug":"se-recalienta-el-conflicto-entre-colombia-y-peru-por-una-isla","status":"publish","type":"post","link":"https:\/\/corrientesdetarde.com\/index.php\/internacionales\/se-recalienta-el-conflicto-entre-colombia-y-peru-por-una-isla\/","title":{"rendered":"Se recalienta el conflicto entre Colombia y Per\u00fa por una isla"},"content":{"rendered":"\n<h2 class=\"wp-block-heading\">Exalcalde de Medell\u00edn fue y clav\u00f3 la bandera de Colombia pero despu\u00e9s, habitantes peruanos la cambiaron por la propia.<\/h2>\n\n\n\n<p><strong>El ex alcalde de Medell\u00edn y precandidato presidencial Daniel Quintero<\/strong>&nbsp;public\u00f3 un video en el que aparece plantando la bandera colombiana en la isla Chiner\u00eda, que Per\u00fa reclama como propia, lo que provoc\u00f3 la respuesta desde este pa\u00eds, informaron medios internacionales.<\/p>\n\n\n\n<p>La campa\u00f1a ocasion\u00f3 una nueva reacci\u00f3n de la&nbsp;<strong>Canciller\u00eda perua<\/strong>na, pero tambi\u00e9n, un grupo de pobladores y uniformados acudi\u00f3 a la isla y se encarg\u00f3 de emplazar el pabell\u00f3n de las franjas verticales rojas con la blanca en medio.<\/p>\n\n\n\n<p>La&nbsp;<strong>Canciller\u00eda de Per\u00fa<\/strong>&nbsp;declar\u00f3 su preocupaci\u00f3n por \u201cla colocaci\u00f3n de una bandera de Colombia en la isla Chiner\u00eda&nbsp; -distrito Santa Rosa de Loreto- que constituye territorio soberano peruano\u201d.<\/p>\n\n\n\n<p>Es el nuevo cap\u00edtulo de&nbsp;una<strong>&nbsp;disputa<\/strong>&nbsp;que escal\u00f3 el 7 de agosto, d\u00eda de la independencia de Colombia, cuando el presidente&nbsp;Gustavo Petro&nbsp;pronunci\u00f3 un discurso desde Leticia, capital del departamento de Amazonas, en el que desconoci\u00f3 la soberan\u00eda peruana sobre el distrito de Santa Rosa.<\/p>\n\n\n\n<p>Dos d\u00edas antes, el 5 de agosto,&nbsp;<strong>Petro&nbsp;<\/strong>asegur\u00f3 que Per\u00fa viol\u00f3 el Protocolo de&nbsp;R\u00edo de Janeiro&nbsp;con el que se puso fin a la guerra entre los dos pa\u00edses entre 1932 y 1933, al decretar una ley que crea un municipio o \u00e1rea administrativa en una isla en el r\u00edo Amazonas cuya soberan\u00eda es disputada por Bogot\u00e1.<\/p>\n\n\n\n<p>Ese distrito, ubicado en la triple frontera entre&nbsp;<strong>Per\u00fa, Colombia y Brasil,<\/strong>&nbsp;fue creado en julio de 2025 mediante una ley aprobada por el congreso del primer pa\u00eds, para reconocer una formaci\u00f3n sedimentaria surgida como una extensi\u00f3n de la isla peruana Chiner\u00eda, por los cambios de los \u00faltimos 30 a\u00f1os en el cauce del r\u00edo Amazonas.<\/p>\n\n\n\n<p>Un d\u00eda despu\u00e9s del discurso de<strong>&nbsp;Petro,&nbsp;<\/strong>Dina Boluarte denunci\u00f3 una supuesta violaci\u00f3n del espacio a\u00e9reo de su pa\u00eds, cuando un avi\u00f3n militar colombiano S\u00faper Tucano sobrevol\u00f3 la Amazon\u00eda peruana, lo que deriv\u00f3 tambi\u00e9n en una una nota diplom\u00e1tica de protesta.<\/p>\n\n\n\n<p>Finalmente, este mi\u00e9rcoles un grupo de peruanos residentes de la&nbsp;<strong>isla Chiner\u00eda<\/strong>&nbsp;se acerc\u00f3 al nuevo distrito de Santa Rosa de Loreto para izar la bandera del Per\u00fa, en el mismo lugar donde d\u00edas antes el precandidato presidencial colombiano, Daniel Quintero, puso la de Colombia.<\/p>\n\n\n\n<p>De acuerdo a la prensa local, tambi\u00e9n arribaron de otras zonas aleda\u00f1as, con m\u00e1s banderas, para respaldar la posici\u00f3n del<strong>&nbsp;Estado peruano&nbsp;<\/strong>sobre el territorio, seg\u00fan informaciones de los sitios France 24 y Actualidad RT.<\/p>\n","protected":false},"excerpt":{"rendered":"<p>Exalcalde de Medell\u00edn fue y clav\u00f3 la bandera de Colombia pero despu\u00e9s, habitantes peruanos la cambiaron por la propia. El ex alcalde de Medell\u00edn y precandidato presidencial Daniel Quintero&nbsp;public\u00f3 un&hellip; <\/p>\n","protected":false},"author":4,"featured_media":222217,"comment_status":"closed","ping_status":"open","sticky":false,"template":"","format":"standard","meta":{"footnotes":""},"categories":[11],"tags":[],"class_list":["post-222216","post","type-post","status-publish","format-standard","has-post-thumbnail","hentry","category-internacionales"],"_links":{"self":[{"href":"https:\/\/corrientesdetarde.com\/index.php\/wp-json\/wp\/v2\/posts\/222216","targetHints":{"allow":["GET"]}}],"collection":[{"href":"https:\/\/corrientesdetarde.com\/index.php\/wp-json\/wp\/v2\/posts"}],"about":[{"href":"https:\/\/corrientesdetarde.com\/index.php\/wp-json\/wp\/v2\/types\/post"}],"author":[{"embeddable":true,"href":"https:\/\/corrientesdetarde.com\/index.php\/wp-json\/wp\/v2\/users\/4"}],"replies":[{"embeddable":true,"href":"https:\/\/corrientesdetarde.com\/index.php\/wp-json\/wp\/v2\/comments?post=222216"}],"version-history":[{"count":1,"href":"https:\/\/corrientesdetarde.com\/index.php\/wp-json\/wp\/v2\/posts\/222216\/revisions"}],"predecessor-version":[{"id":222218,"href":"https:\/\/corrientesdetarde.com\/index.php\/wp-json\/wp\/v2\/posts\/222216\/revisions\/222218"}],"wp:featuredmedia":[{"embeddable":true,"href":"https:\/\/corrientesdetarde.com\/index.php\/wp-json\/wp\/v2\/media\/222217"}],"wp:attachment":[{"href":"https:\/\/corrientesdetarde.com\/index.php\/wp-json\/wp\/v2\/media?parent=222216"}],"wp:term":[{"taxonomy":"category","embeddable":true,"href":"https:\/\/corrientesdetarde.com\/index.php\/wp-json\/wp\/v2\/categories?post=222216"},{"taxonomy":"post_tag","embeddable":true,"href":"https:\/\/corrientesdetarde.com\/index.php\/wp-json\/wp\/v2\/tags?post=222216"}],"curies":[{"name":"wp","href":"https:\/\/api.w.org\/{rel}","templated":true}]}}