{"id":222222,"date":"2025-08-14T00:18:43","date_gmt":"2025-08-14T03:18:43","guid":{"rendered":"https:\/\/corrientesdetarde.com\/?p=222222"},"modified":"2025-08-14T09:56:37","modified_gmt":"2025-08-14T12:56:37","slug":"la-lista-de-gallardo-para-la-copa-libertadores-dos-regresos-esperados-y-la-sorpresa-de-un-juvenill","status":"publish","type":"post","link":"https:\/\/corrientesdetarde.com\/index.php\/deportes\/la-lista-de-gallardo-para-la-copa-libertadores-dos-regresos-esperados-y-la-sorpresa-de-un-juvenill\/","title":{"rendered":"La lista de Gallardo para la Copa Libertadores: dos regresos esperados y la sorpresa de un juvenill"},"content":{"rendered":"\n<h2 class=\"wp-block-heading\">Regresan de sus lesiones Sebasti\u00e1n Driussi y Juan Portillo, y la sorpresa es la inclusi\u00f3n del juvenil Ulises Gim\u00e9nez.<\/h2>\n\n\n\n<p><strong>River Plate<\/strong>&nbsp;confirm\u00f3 el listado de los 23 jugadores convocados para el encuentro frente a&nbsp;<strong>Libertad de Paraguay<\/strong>&nbsp;por el partido de ida de los octavos de final de la&nbsp;<strong>Copa CONMEBOL Libertadores<\/strong>.<\/p>\n\n\n\n<p>El director t\u00e9cnico&nbsp;<strong>Marcelo Daniel Gallardo<\/strong>&nbsp;opt\u00f3 por citar a dos futbolistas que finalizaron la etapa de recuperaci\u00f3n de sus respectivas lesiones: el centro delantero&nbsp;<strong>Sebasti\u00e1n Driussi<\/strong>&nbsp;y el mediocampista&nbsp;<strong>Juan Portillo<\/strong>.<\/p>\n\n\n\n<p>El \u201cLe\u00f3n\u201d tendr\u00e1 la chance de volver a sumar tiempo de juego despu\u00e9s de recuperarse de un esguince severo en el ligamento interno de su tobillo izquierdo; mientras que Portillo obtuvo el alta de su tendinitis en el cu\u00e1driceps derecho y podr\u00eda concretar su estreno oficial en el \u201cMillonario\u201d, esta decisi\u00f3n depender\u00e1 de Gallardo.<\/p>\n\n\n\n<p>Por otro lado, el \u201cMu\u00f1eco\u201d sorprendi\u00f3 a todos los fan\u00e1ticos del elenco de la Ciudad Aut\u00f3noma de Buenos Aires con la convocatoria del defensor juvenil&nbsp;<strong>Ulises Adri\u00e1n Gim\u00e9nez<\/strong>, quien llam\u00f3 la atenci\u00f3n de Gallardo con una importante presencia en el equipo de reserva del conjunto de N\u00fa\u00f1ez. El marcador central que integr\u00f3 22 veces el listado de convocados de la&nbsp;<strong>Selecci\u00f3n argentina Sub 17<\/strong>&nbsp;estar\u00e1 presente en el banco de suplentes y podr\u00eda llegar a sumar sus primeros minutos en primera.<\/p>\n\n\n\n<p>Adem\u00e1s, el D.T le garantiz\u00f3 la continuidad al mediocampista ofensivo juvenil Santiago Lencina, quien viajar\u00e1 a Paraguay con la ilusi\u00f3n de sumar su octavo partido en el equipo profesional de River Plate.<\/p>\n\n\n\n<p>En cuanto a la conformaci\u00f3n, Gallardo mantuvo la misma base: Franco Armani, Gonzalo Montiel, Marcos Acu\u00f1a, Kevin Casta\u00f1o y Facundo Colidio. Sin embargo, no todos los mencionados pueden llegar a integrar el misterioso once inicial de \u201cNapole\u00f3n\u201d.<\/p>\n\n\n\n<h2 class=\"wp-block-heading\">El listado de convocados para el duelo de ida frente a Libertad<\/h2>\n\n\n\n<p>Franco Armani, Jerem\u00edas Ledesma; Santiago Beltr\u00e1n, Fabricio Bustos, Gonzalo Montiel, Marcos Acu\u00f1a, Milton Casco, Paulo D\u00edaz, Sebasti\u00e1n Boselli,&nbsp;Juan Carlos Portillo, Ulises Adri\u00e1n Gim\u00e9nez, Enzo P\u00e9rez, Kevin Casta\u00f1o, Giuliano Galoppo, Mat\u00edas Galarza Fonda, Ignacio Fern\u00e1ndez, Gonzalo Mart\u00ednez, Juan Fernando Quintero, Santiago Lencina, Ian Subiabre, Facundo Colidio, Miguel \u00c1ngel Borja y Sebasti\u00e1n Driussi. D.T: Marcelo Daniel Gallardo.<\/p>\n","protected":false},"excerpt":{"rendered":"<p>Regresan de sus lesiones Sebasti\u00e1n Driussi y Juan Portillo, y la sorpresa es la inclusi\u00f3n del juvenil Ulises Gim\u00e9nez. River Plate&nbsp;confirm\u00f3 el listado de los 23 jugadores convocados para el&hellip; <\/p>\n","protected":false},"author":4,"featured_media":222223,"comment_status":"closed","ping_status":"open","sticky":false,"template":"","format":"standard","meta":{"footnotes":""},"categories":[23,4],"tags":[],"class_list":["post-222222","post","type-post","status-publish","format-standard","has-post-thumbnail","hentry","category-actualidad","category-deportes"],"_links":{"self":[{"href":"https:\/\/corrientesdetarde.com\/index.php\/wp-json\/wp\/v2\/posts\/222222","targetHints":{"allow":["GET"]}}],"collection":[{"href":"https:\/\/corrientesdetarde.com\/index.php\/wp-json\/wp\/v2\/posts"}],"about":[{"href":"https:\/\/corrientesdetarde.com\/index.php\/wp-json\/wp\/v2\/types\/post"}],"author":[{"embeddable":true,"href":"https:\/\/corrientesdetarde.com\/index.php\/wp-json\/wp\/v2\/users\/4"}],"replies":[{"embeddable":true,"href":"https:\/\/corrientesdetarde.com\/index.php\/wp-json\/wp\/v2\/comments?post=222222"}],"version-history":[{"count":1,"href":"https:\/\/corrientesdetarde.com\/index.php\/wp-json\/wp\/v2\/posts\/222222\/revisions"}],"predecessor-version":[{"id":222224,"href":"https:\/\/corrientesdetarde.com\/index.php\/wp-json\/wp\/v2\/posts\/222222\/revisions\/222224"}],"wp:featuredmedia":[{"embeddable":true,"href":"https:\/\/corrientesdetarde.com\/index.php\/wp-json\/wp\/v2\/media\/222223"}],"wp:attachment":[{"href":"https:\/\/corrientesdetarde.com\/index.php\/wp-json\/wp\/v2\/media?parent=222222"}],"wp:term":[{"taxonomy":"category","embeddable":true,"href":"https:\/\/corrientesdetarde.com\/index.php\/wp-json\/wp\/v2\/categories?post=222222"},{"taxonomy":"post_tag","embeddable":true,"href":"https:\/\/corrientesdetarde.com\/index.php\/wp-json\/wp\/v2\/tags?post=222222"}],"curies":[{"name":"wp","href":"https:\/\/api.w.org\/{rel}","templated":true}]}}