{"id":222234,"date":"2025-08-14T09:19:04","date_gmt":"2025-08-14T12:19:04","guid":{"rendered":"https:\/\/corrientesdetarde.com\/?p=222234"},"modified":"2025-08-14T09:19:34","modified_gmt":"2025-08-14T12:19:34","slug":"el-gobernador-llamo-a-escuchar-a-las-pymes-porque-son-quienes-generan-empleo-genuino","status":"publish","type":"post","link":"https:\/\/corrientesdetarde.com\/index.php\/informacion-general\/el-gobernador-llamo-a-escuchar-a-las-pymes-porque-son-quienes-generan-empleo-genuino\/","title":{"rendered":"El Gobernador llam\u00f3 a escuchar a las PyMEs porque son quienes generan empleo genuino"},"content":{"rendered":"\n<p><\/p>\n\n\n\n<p>El gobernador Gustavo Vald\u00e9s encabez\u00f3 este mi\u00e9rcoles el evento \u201cEconom\u00eda Argentina \u2013 PyMEs en Acci\u00f3n: Corrientes\u201d, impulsado y organizado por el Banco de Corrientes junto a la Fundaci\u00f3n Mediterr\u00e1nea y el Instituto de Estudios sobre la Realidad Argentina y Latinoamericana (IERAL),\u00a0orientado a empresarios, emprendedores, profesionales y p\u00fablico interesado en el fortalecimiento de dicho sector. En ese contexto, que tuvo lugar en el Auditorio \u201cJuli\u00e1n Zini\u201d del Banco, el primer Mandatario pidi\u00f3 escuchar a las PyMES, porque son quienes generan trabajo privado, y \u201cnosotros desde un Estado presente debemos apoyarlas para que puedan competir\u201d.<\/p>\n\n\n\n<p>Al intervenir en esta jornada, Vald\u00e9s expres\u00f3 que \u201cla verdad que siempre me enojo cuando miro algunos n\u00fameros, ya que no nos cuentan todo, ya que observo y cu\u00e1nto de energ\u00eda el\u00e9ctrica generamos cuando nosotros exportamos a Brasil, pasamos los n\u00fameros de la provincia de Corrientes y esos n\u00fameros se van al cielo, la producci\u00f3n de Corrientes implica solamente el doble o el triple que todas las provincias del NEA juntas\u201d y a la vez remarc\u00f3 que \u201cpero no cuentan cu\u00e1nto de energ\u00eda producimos, miramos el cuadro comparativo y no producimos nada, lo \u00fanico que tenemos es la represa Yacyret\u00e1 y la represa de Salto Grande, entonces cuando nosotros nos ponemos a pensar en la Argentina productiva y eso es un recurso significativo tener una provincia con energ\u00eda segura te da credibilidad, soporte y te da posibilidades\u201d.<\/p>\n\n\n\n<figure class=\"wp-block-image size-full\"><img loading=\"lazy\" decoding=\"async\" width=\"876\" height=\"623\" src=\"https:\/\/corrientesdetarde.com\/wp-content\/uploads\/2025\/08\/image-560.png\" alt=\"\" class=\"wp-image-222236\" srcset=\"https:\/\/corrientesdetarde.com\/wp-content\/uploads\/2025\/08\/image-560.png 876w, https:\/\/corrientesdetarde.com\/wp-content\/uploads\/2025\/08\/image-560-300x213.png 300w, https:\/\/corrientesdetarde.com\/wp-content\/uploads\/2025\/08\/image-560-768x546.png 768w\" sizes=\"auto, (max-width: 876px) 100vw, 876px\" \/><\/figure>\n\n\n\n<p>En este mismo sentido, dijo que \u201cpor supuesto que no cobramos regal\u00edas de Yacyret\u00e1, estamos en un juicio con Naci\u00f3n, alg\u00fan d\u00eda va a salir y van a ver c\u00f3mo cambian las matrices\u201d y a\u00f1adi\u00f3 que \u201clo otro que podamos mirar como algo determinante f\u00edjense ustedes que tenemos el tercer stock ganadero y no tenemos una cabeza de exportaci\u00f3n, entonces algo pasa como contamos lo que produce cada una de las provincias, por ah\u00ed dicen bueno, Corrientes produce el 1,3 o el 1,7 de lo que consume y comenzamos con esos n\u00fameros que son caprichosos\u201d.<\/p>\n\n\n\n<p>\u201cCorrientes produce 1.200.000 terneros por a\u00f1o, y ese es un n\u00famero pero no es solamente que producimos sino que producimos de calidad, de gen\u00e9tica de calidad por eso es que vamos a Palermo y ganamos muchos de los premios, entonces los n\u00fameros son un poco caprichosos pero tiene que ver con lo que nosotros producimos\u201d y luego agreg\u00f3 el Gobernador que \u201clo otro que no nos cuentan es lo de la hilander\u00eda, nosotros tenemos grandes hilander\u00edas industriales y tampoco nos cuentan nuestra producci\u00f3n, podes mirar Tipoit\u00ed todos los conocemos por Mandiy\u00fa pero podes mirar en Monte Caseros cerca de 500 puestos de trabajo, hilander\u00edas con m\u00e1quinas textiles con m\u00e1quinas importantes en Goya que sigue creciendo\u201d.<\/p>\n\n\n\n<p>Seguidamente, Vald\u00e9s valor\u00f3 al decir: \u201cTenemos que decir cosas importantes tambi\u00e9n, en la provincia de Corrientes, porque si no tampoco existe el premio, el reconocimiento a una provincia ordenada, nosotros no tenemos deuda, eso es raro en un pa\u00eds, no tenemos deuda, nosotros no tomamos cr\u00e9dito\u201d y enseguida manifest\u00f3 que \u201csi no tenes equilibrio fiscal es imposible que puedas invertir, el asunto es cu\u00e1nto invertimos de lo que tenemos de equilibrio fiscal, el asunto es cu\u00e1nto invertimos y en qu\u00e9 invertimos, es toda una discusi\u00f3n en la Argentina\u201d.<\/p>\n\n\n\n<p>Luego, recalc\u00f3 que \u201cpor eso, la \u00fanica manera de salir de una crisis porque est\u00e1 todo, porque est\u00e1 bien el equilibrio fiscal como una meta pero el crecimiento de la Argentina tiene que venir de la inversi\u00f3n, invierte el sector p\u00fablico en promociones o de la mano del cr\u00e9dito o invierte el privado, esa es la discusi\u00f3n\u201d y ah\u00ed remarc\u00f3 el Primer mandatario de la provincia que \u201cyo no creo que la Argentina o cualquier pa\u00eds del mundo pueda salir sin el Estado, lo que s\u00ed creo es que nosotros tenemos que tener una cosa en claro, es que el que tiene que generar el empleo es el privado no el p\u00fablico y ah\u00ed est\u00e1 la diferencia porque cuando tenes que generar empleo si vos haces generar empleo al privado, inmediatamente te fund\u00eds y te fund\u00eds porque no tenes como invertir, no tenes c\u00f3mo ayudar al sector privado, no tenes como generar una promoci\u00f3n, no tenes c\u00f3mo bajar una tasa de inter\u00e9s cuando hay una inversi\u00f3n estrat\u00e9gica\u201d.<\/p>\n\n\n\n<p>\u201cCreo que es esa una definici\u00f3n que tenemos que tenerla en claro y qu\u00e9 instrumento echamos mano, echamos mano con cosas simples, sencillas, viene la complejidad de la explicaci\u00f3n cuando no te alcanza, cuando te alcanza la discusi\u00f3n termina siendo otra, c\u00f3mo logramos el equilibrio fiscal, es todo un tema porque sabes que no te alcanza, pero cuando tenes equilibrio fiscal y te sobran los recursos, la discusi\u00f3n es absolutamente otra\u201d remarc\u00f3 en Mandatario.<\/p>\n\n\n\n<p><strong>\u201cLas provincias no somos las culpables de la debacle econ\u00f3mica\u201d<\/strong><\/p>\n\n\n\n<p>Continuando con un an\u00e1lisis del contexto econ\u00f3mico nacional, remarc\u00f3 el papel clave de las peque\u00f1as y medianas empresas en la generaci\u00f3n de empleo, se\u00f1alando que, a pesar de que la Provincia \u201ccada vez se hace cargo de m\u00e1s cosas\u201d, las inversiones que recibe son menores, aunque los ingresos \u201cest\u00e1n equilibrados\u201d. Advirti\u00f3 que no corresponde responsabilizar a las provincias por la crisis nacional: \u201c\u00bfPor qu\u00e9 va a ser nuestra culpa la debacle en Argentina, si la produjeron los Gobiernos Nacionales? Por ejemplo, tomaron medidas como jubilar a millones de personas sin aportes\u201d.<\/p>\n\n\n\n<p>Asimismo, Vald\u00e9s llam\u00f3 a \u201cdise\u00f1ar instrumentos para administrar una Argentina diferente\u201d, con provincias eficientes en su gesti\u00f3n y un sector PyME fortalecido, ya que, afirm\u00f3, son estas empresas las que tienen \u201cun rol fundamental: el de generar empleo\u201d. Consider\u00f3, adem\u00e1s, que el gran desaf\u00edo actual del pa\u00eds es \u201ctener cr\u00e9ditos accesibles, con tasas bajas, y aprovecharlos a favor del desarrollo productivo\u201d.<\/p>\n\n\n\n<p>Con un tono cr\u00edtico, marc\u00f3 que \u201cla diferencia en invertir en Estados Unidos y en Argentina es que ac\u00e1 tenemos una tasa del 70%\u201d y sostuvo que \u201csomos una gran empresa de mucha plata, pero no sabemos qui\u00e9n tiene la nuestra\u201d.&nbsp;A su entender, el Estado debe estar presente para \u201cayudar a todas las PyMEs a competir\u201d, pero eso requiere \u201cun escenario nacional estable, con estabilidad pol\u00edtica, di\u00e1logo y planificaci\u00f3n en un marco verdaderamente federal\u201d.<\/p>\n\n\n\n<p>El Gobernador inst\u00f3 al Gobierno nacional a \u201cser maduro, responsable y escuchar a los gobiernos provinciales\u201d y reiter\u00f3 que \u201clas provincias no son responsables de la debacle\u201d. Si bien destac\u00f3 que el equilibrio fiscal es un objetivo necesario y que \u201cArgentina vale la pena\u201d, advirti\u00f3 que a\u00fan persisten inequidades que deben corregirse.<\/p>\n\n\n\n<p>Finalmente, Vald\u00e9s expres\u00f3 que \u201cno vale la pena vivir en el interior si se gobierna s\u00f3lo para un lugar\u201d y convoc\u00f3 a \u201cconstruir un pa\u00eds para todos, donde nadie quiera irse de su provincia porque encuentra oportunidades all\u00ed\u201d. En este sentido, insisti\u00f3 en que las pymes \u201cson las que generan empleo y sostienen la econom\u00eda, a pesar de ser las m\u00e1s golpeadas por quienes desconocen lo que implica crear un puesto de trabajo\u201d.<\/p>\n\n\n\n<p>Por su parte, el ministro de Producci\u00f3n de la Provincia, Claudio&nbsp;Anselmo, hizo una breve descripci\u00f3n de las 6 principales cadenas de valor de la provincia de Corrientes, que \u201ctienen la caracter\u00edstica de ser agro y forestoindustriales, ya que son las principales por su participaci\u00f3n en el producto bruto geogr\u00e1fico y en las exportaciones de Corrientes\u201d. Enumer\u00f3 a la primera como \u201cla cr\u00eda de ganado y las carnes, porque somos la tercera provincia por el rodeo con casi 5 millones de cabezas en manos de 23 mil productores, de los cuales el 90% de ellos son PyMES y son la base de la producci\u00f3n ganadera en la Provincia\u201d.<\/p>\n\n\n\n<p>Otro de ellos es \u201cel arroz, siendo la primera provincia exportadora de Argentina, con un desarrollo significativo en gen\u00e9tica y m\u00e1s de 7 mil kilos por hect\u00e1reas\u201d inform\u00f3. A lo que agreg\u00f3 que, el \u201csector foresto industrial, es sin dudas, el de mayores oportunidades a futuro: hoy Corrientes ya no es solo la primera provincia por superficie forestada por el hombre de bosques implantados con m\u00e1s de 500 mil hect\u00e1reas, sino que tiene un papel relevante en la industrializaci\u00f3n, con 569 empresas (m\u00e1s de 30 exportan) y 12 mil empleos en la cadena\u201d.<\/p>\n\n\n\n<p>La citricultura es otro factor principal en la cadena de valor, ya que \u201csomos la primera provincia productora de citrus dulces del pa\u00eds y a trav\u00e9s de un plan provincial incorporamos el cultivo del lim\u00f3n\u201d, explic\u00f3 Anselmo. Mientras que en lo que respecta al \u201csector hort\u00edcola, somos l\u00edder en horticultura bajo cobertura\u201d, cont\u00f3, y con \u201cla yerba mate y t\u00e9, tenemos una superficie entre ambos cultivos que se acercan a las 30 mil hect\u00e1reas\u201d, finaliz\u00f3.<\/p>\n\n\n\n<p><strong>Relaci\u00f3n trabajo privado y p\u00fablico<\/strong><\/p>\n\n\n\n<p>En el marco de este evento, la presidenta del Banco de Corrientes, Laura Sprovieri, destac\u00f3 el rol de la entidad en el acompa\u00f1amiento a los sectores productivos y subray\u00f3 que \u201choy el Banco de Corrientes es uno de los m\u00e1s s\u00f3lidos del pa\u00eds, con presencia en todas las provincias, una estrategia de expansi\u00f3n regional y al servicio de la peque\u00f1a y mediana empresa\u201d.<\/p>\n\n\n\n<p>Se\u00f1al\u00f3 que el trabajo se realiza \u201ccodo a codo con el Gobierno provincial\u201d, instrumentando l\u00edneas espec\u00edficas de financiamiento para asistir a los empresarios \u201ctanto en las buenas como en las malas\u201d. En ese sentido, precis\u00f3 que en los primeros 7 meses de 2025 la asistencia crediticia a familias y empresas super\u00f3 los 4 mil millones de pesos, \u201clo que representa m\u00e1s del 70% con respecto a 2024, a\u00f1o en el que alcanzamos una ganancia r\u00e9cord de 79 mil millones de pesos\u201d.<\/p>\n\n\n\n<p>Sprovieri&nbsp;ponder\u00f3 que Corrientes es la provincia del NEA con mejor relaci\u00f3n entre empleo privado y p\u00fablico, siendo \u201cla que m\u00e1s empleo privado genera\u201d, con un crecimiento del 11% en este sector durante la actual gesti\u00f3n, lo que equivale a \u201cun ritmo tres veces superior al promedio nacional\u201d.<br>\u201cHay empresarios que nos ven, invierten en Corrientes y les va bien\u201d, afirm\u00f3, y asegur\u00f3 que con el respaldo del Banco y del Gobierno Provincial \u201clas empresas seguir\u00e1n a la altura del desaf\u00edo, tomando decisiones que implican m\u00e1s inversiones y m\u00e1s empleo\u201d.<\/p>\n\n\n\n<p>Finalmente, al trazar un breve an\u00e1lisis de la econom\u00eda provincial, resalt\u00f3 que Corrientes \u201ctiene equilibrio fiscal, super\u00e1vit, est\u00e1 totalmente desendeudada, con paz jur\u00eddica, paz social y es la tercera provincia con los impuestos m\u00e1s bajos del pa\u00eds\u201d.<\/p>\n\n\n\n<p>Cabe destacar que&nbsp;la jornada cont\u00f3 adem\u00e1s con la disertaci\u00f3n de especialistas locales a trav\u00e9s de aportes de economistas de la Fundaci\u00f3n Mediterr\u00e1nea y del IREAL, cuyo presidente Osvaldo Giordano, fue el encargado de cerrar el evento. Adem\u00e1s, expusieron los economistas Andr\u00e9s Borenstein, Marcos Cohen Arazi (IERAL PyME) y Gerardo Alonso Schwarz (Jefe IERAL NEA). &nbsp;<\/p>\n","protected":false},"excerpt":{"rendered":"<p>El gobernador Gustavo Vald\u00e9s encabez\u00f3 este mi\u00e9rcoles el evento \u201cEconom\u00eda Argentina \u2013 PyMEs en Acci\u00f3n: Corrientes\u201d, impulsado y organizado por el Banco de Corrientes junto a la Fundaci\u00f3n Mediterr\u00e1nea y&hellip; <\/p>\n","protected":false},"author":1,"featured_media":222235,"comment_status":"closed","ping_status":"open","sticky":false,"template":"","format":"standard","meta":{"footnotes":""},"categories":[1],"tags":[],"class_list":["post-222234","post","type-post","status-publish","format-standard","has-post-thumbnail","hentry","category-informacion-general"],"_links":{"self":[{"href":"https:\/\/corrientesdetarde.com\/index.php\/wp-json\/wp\/v2\/posts\/222234","targetHints":{"allow":["GET"]}}],"collection":[{"href":"https:\/\/corrientesdetarde.com\/index.php\/wp-json\/wp\/v2\/posts"}],"about":[{"href":"https:\/\/corrientesdetarde.com\/index.php\/wp-json\/wp\/v2\/types\/post"}],"author":[{"embeddable":true,"href":"https:\/\/corrientesdetarde.com\/index.php\/wp-json\/wp\/v2\/users\/1"}],"replies":[{"embeddable":true,"href":"https:\/\/corrientesdetarde.com\/index.php\/wp-json\/wp\/v2\/comments?post=222234"}],"version-history":[{"count":1,"href":"https:\/\/corrientesdetarde.com\/index.php\/wp-json\/wp\/v2\/posts\/222234\/revisions"}],"predecessor-version":[{"id":222237,"href":"https:\/\/corrientesdetarde.com\/index.php\/wp-json\/wp\/v2\/posts\/222234\/revisions\/222237"}],"wp:featuredmedia":[{"embeddable":true,"href":"https:\/\/corrientesdetarde.com\/index.php\/wp-json\/wp\/v2\/media\/222235"}],"wp:attachment":[{"href":"https:\/\/corrientesdetarde.com\/index.php\/wp-json\/wp\/v2\/media?parent=222234"}],"wp:term":[{"taxonomy":"category","embeddable":true,"href":"https:\/\/corrientesdetarde.com\/index.php\/wp-json\/wp\/v2\/categories?post=222234"},{"taxonomy":"post_tag","embeddable":true,"href":"https:\/\/corrientesdetarde.com\/index.php\/wp-json\/wp\/v2\/tags?post=222234"}],"curies":[{"name":"wp","href":"https:\/\/api.w.org\/{rel}","templated":true}]}}