{"id":222259,"date":"2025-08-14T10:08:35","date_gmt":"2025-08-14T13:08:35","guid":{"rendered":"https:\/\/corrientesdetarde.com\/?p=222259"},"modified":"2025-08-14T10:08:39","modified_gmt":"2025-08-14T13:08:39","slug":"mujeres-que-inspiran-braillard-poccard-me-sigue-sorprendiendo-el-optimismo-y-la-fuerza-para-superar-la-adversidad","status":"publish","type":"post","link":"https:\/\/corrientesdetarde.com\/index.php\/eventos\/mujeres-que-inspiran-braillard-poccard-me-sigue-sorprendiendo-el-optimismo-y-la-fuerza-para-superar-la-adversidad\/","title":{"rendered":"MUJERES QUE INSPIRAN, Braillard Poccard: \u201cMe sigue sorprendiendo el optimismo y la fuerza para superar la adversidad\u201d"},"content":{"rendered":"\n<p><\/p>\n\n\n\n<p>En el recinto de la Legislatura provincial se llev\u00f3 a cabo el 14\u00b0 conversatorio \u201cMujeres que inspiran, mujeres flor de loto\u201d, un ciclo coordinado por la profesora Silvia Pozo que desde hace tres a\u00f1os re\u00fane a mujeres correntinas de distintas profesiones y oficios, quienes comparten sus experiencias de vida para motivar a otras personas a la autosuperaci\u00f3n.<\/p>\n\n\n\n<figure class=\"wp-block-image size-full\"><img loading=\"lazy\" decoding=\"async\" width=\"1000\" height=\"605\" src=\"https:\/\/corrientesdetarde.com\/wp-content\/uploads\/2025\/08\/image-571.png\" alt=\"\" class=\"wp-image-222271\" srcset=\"https:\/\/corrientesdetarde.com\/wp-content\/uploads\/2025\/08\/image-571.png 1000w, https:\/\/corrientesdetarde.com\/wp-content\/uploads\/2025\/08\/image-571-300x182.png 300w, https:\/\/corrientesdetarde.com\/wp-content\/uploads\/2025\/08\/image-571-768x465.png 768w\" sizes=\"auto, (max-width: 1000px) 100vw, 1000px\" \/><\/figure>\n\n\n\n<p><br>El vicegobernador Pedro Braillard Poccard acompa\u00f1\u00f3 nuevamente el encuentro, destacando: \u201cEste es el conversatorio n\u00famero 14, y he estado en todos. No dejo de sorprenderme, porque cada testimonio aporta algo nuevo, distinto y diferente, pero todav\u00eda me impresiona el optimismo, la fuerza para luchar, para superar la adversidad y salir adelante\u201d.<\/p>\n\n\n\n<p><br>Durante el conversatorio, Braillard interactu\u00f3 directamente con las disertantes. A Antonella Piazza le consult\u00f3 sobre su incursi\u00f3n en la pol\u00edtica, se\u00f1alando: \u201cSos muy ordenada para todo lo que haces y decidiste exponerte p\u00fablicamente como candidata. \u00bfFue dif\u00edcil esa decisi\u00f3n?\u201d.<br>Antonella respondi\u00f3 que, aunque no estaba en sus planes, sinti\u00f3 la necesidad de involucrarse para impulsar cambios que consideraba necesarios.<br>Con Mirta Espinoza, el Vicegobernador indag\u00f3 sobre la interrupci\u00f3n de talleres vinculados al Instituto Valentin Ha\u00fcy al conocer que se hab\u00edan suspendido y expres\u00f3: \u201cMe entero ahora de que se interrumpieron esos programas, que eran un aporte nuestro al instituto. Vamos a tratar de solucionar eso\u201d.<br>A Elvira Piragine Niveiro, Braillard record\u00f3 a su madre, \u201c\u00d1ata\u201d, figura comunitaria de gran protagonismo, y le pregunt\u00f3 si sent\u00eda que hab\u00eda dejado un list\u00f3n muy alto. Elvira respondi\u00f3 desde el coraz\u00f3n, reivindicando el amor, la pasi\u00f3n y la perseverancia como motores para alcanzar metas.<br>Finalmente, felicit\u00f3 a Laura Tribbia por su energ\u00eda y optimismo, incluso enfrentando problemas de salud. Laura confes\u00f3 que aprendi\u00f3 a vivir con sus dolencias, a re\u00edrse de s\u00ed misma y a valorar la actitud como clave para disfrutar la vida.<br>Las disertantes y sus mensajes<br>Por su parte, Laura Tribbia (periodista), reivindic\u00f3 el periodismo cl\u00e1sico y el pensamiento cr\u00edtico frente a la inmediatez tecnol\u00f3gica, defendiendo la entrevista cara a cara y el respeto por el otro como pilares de la profesi\u00f3n.<\/p>\n\n\n\n<figure class=\"wp-block-image size-full\"><img loading=\"lazy\" decoding=\"async\" width=\"896\" height=\"663\" src=\"https:\/\/corrientesdetarde.com\/wp-content\/uploads\/2025\/08\/image-570.png\" alt=\"\" class=\"wp-image-222270\" srcset=\"https:\/\/corrientesdetarde.com\/wp-content\/uploads\/2025\/08\/image-570.png 896w, https:\/\/corrientesdetarde.com\/wp-content\/uploads\/2025\/08\/image-570-300x222.png 300w, https:\/\/corrientesdetarde.com\/wp-content\/uploads\/2025\/08\/image-570-768x568.png 768w\" sizes=\"auto, (max-width: 896px) 100vw, 896px\" \/><\/figure>\n\n\n\n<p><br>Elvira Piragine Niveiro (empresaria), se defini\u00f3 como una mujer luchadora y feliz, agradecida por los valores inculcados por su familia. Destac\u00f3 la importancia de hacer con amor lo que uno elige, la solidaridad y el trabajo en equipo. Su experiencia en la Fundaci\u00f3n Banco de Sangre reafirm\u00f3 su compromiso con las causas sociales.<br>Antonella de los \u00c1ngeles Piazza (contadora, artista visual, docente en formaci\u00f3n \u2013 Santa Luc\u00eda) comparti\u00f3 su trayectoria, desde la contadur\u00eda hasta el arte y la organizaci\u00f3n de eventos. Defendi\u00f3 la idea de no tener que elegir una sola pasi\u00f3n y anim\u00f3 a las mujeres a atreverse a hacer lo que aman, sin importar la edad o el momento.<br>Finalmente, Mirta Espinoza (docente jubilada, Esquina), relat\u00f3 su lucha contra la p\u00e9rdida de visi\u00f3n por glaucoma y las crisis emocionales que atraves\u00f3, pero tambi\u00e9n su amor por la vida, la m\u00fasica y la fe. Reivindic\u00f3 la gratitud, la solidaridad y la capacidad de encontrar belleza y sentido aun en la adversidad.<\/p>\n","protected":false},"excerpt":{"rendered":"<p>En el recinto de la Legislatura provincial se llev\u00f3 a cabo el 14\u00b0 conversatorio \u201cMujeres que inspiran, mujeres flor de loto\u201d, un ciclo coordinado por la profesora Silvia Pozo que&hellip; <\/p>\n","protected":false},"author":1,"featured_media":222272,"comment_status":"closed","ping_status":"open","sticky":false,"template":"","format":"standard","meta":{"footnotes":""},"categories":[22],"tags":[],"class_list":["post-222259","post","type-post","status-publish","format-standard","has-post-thumbnail","hentry","category-eventos"],"_links":{"self":[{"href":"https:\/\/corrientesdetarde.com\/index.php\/wp-json\/wp\/v2\/posts\/222259","targetHints":{"allow":["GET"]}}],"collection":[{"href":"https:\/\/corrientesdetarde.com\/index.php\/wp-json\/wp\/v2\/posts"}],"about":[{"href":"https:\/\/corrientesdetarde.com\/index.php\/wp-json\/wp\/v2\/types\/post"}],"author":[{"embeddable":true,"href":"https:\/\/corrientesdetarde.com\/index.php\/wp-json\/wp\/v2\/users\/1"}],"replies":[{"embeddable":true,"href":"https:\/\/corrientesdetarde.com\/index.php\/wp-json\/wp\/v2\/comments?post=222259"}],"version-history":[{"count":1,"href":"https:\/\/corrientesdetarde.com\/index.php\/wp-json\/wp\/v2\/posts\/222259\/revisions"}],"predecessor-version":[{"id":222273,"href":"https:\/\/corrientesdetarde.com\/index.php\/wp-json\/wp\/v2\/posts\/222259\/revisions\/222273"}],"wp:featuredmedia":[{"embeddable":true,"href":"https:\/\/corrientesdetarde.com\/index.php\/wp-json\/wp\/v2\/media\/222272"}],"wp:attachment":[{"href":"https:\/\/corrientesdetarde.com\/index.php\/wp-json\/wp\/v2\/media?parent=222259"}],"wp:term":[{"taxonomy":"category","embeddable":true,"href":"https:\/\/corrientesdetarde.com\/index.php\/wp-json\/wp\/v2\/categories?post=222259"},{"taxonomy":"post_tag","embeddable":true,"href":"https:\/\/corrientesdetarde.com\/index.php\/wp-json\/wp\/v2\/tags?post=222259"}],"curies":[{"name":"wp","href":"https:\/\/api.w.org\/{rel}","templated":true}]}}