{"id":222260,"date":"2025-08-14T09:58:25","date_gmt":"2025-08-14T12:58:25","guid":{"rendered":"https:\/\/corrientesdetarde.com\/?p=222260"},"modified":"2025-08-14T09:58:37","modified_gmt":"2025-08-14T12:58:37","slug":"el-acceso-al-parque-mitre-esta-cerrado-por-la-reconstruccion-del-club-regatas","status":"publish","type":"post","link":"https:\/\/corrientesdetarde.com\/index.php\/informacion-general\/el-acceso-al-parque-mitre-esta-cerrado-por-la-reconstruccion-del-club-regatas\/","title":{"rendered":"El acceso al parque Mitre est\u00e1 cerrado por la reconstrucci\u00f3n del Club Regatas"},"content":{"rendered":"\n<p>La<strong>\u00a0Municipalidad de Corrientes\u00a0<\/strong>inform\u00f3 el mi\u00e9rcoles que el ingreso al\u00a0<strong>parque Mitre\u00a0<\/strong>est\u00e1 cerrado por las\u00a0<strong>obras\u00a0<\/strong>de\u00a0<strong>reconstrucci\u00f3n\u00a0<\/strong>del\u00a0<strong>Club Regatas<\/strong>.<\/p>\n\n\n\n<p><\/p>\n\n\n\n<p>El anuncio se realiz\u00f3 a trav\u00e9s de las&nbsp;<strong>redes sociales&nbsp;<\/strong>del&nbsp;<strong>municipio<\/strong>, pidiendo adem\u00e1s a la poblaci\u00f3n que&nbsp;<strong>evite circular por la zona<\/strong>.<\/p>\n\n\n\n<p>Cabe recordar que en la siesta del mi\u00e9rcoles el&nbsp;<strong>techo&nbsp;<\/strong>y un&nbsp;<strong>muro&nbsp;<\/strong>del&nbsp;<strong>estadio de b\u00e1squet&nbsp;<\/strong>del&nbsp;<strong>Club de Regatas Corrientes&nbsp;<\/strong>se desplomaron, en medio de los&nbsp;<strong>trabajos de remodelaci\u00f3n&nbsp;<\/strong>que se realizaban desde la semana pasada.<\/p>\n\n\n\n<p>Al respecto, el&nbsp;<strong>gobernador Gustavo Vald\u00e9s&nbsp;<\/strong>recorri\u00f3 el lugar y asegur\u00f3 que la provincia acompa\u00f1ar\u00e1 a la instituci\u00f3n para &#8220;hacer a nuevo la estructura&#8221;.<\/p>\n\n\n\n<p>Es por eso que el acceso de veh\u00edculos al&nbsp;<strong>parque Mitre&nbsp;<\/strong>estar\u00e1 cerrado mientras se desarrolla la&nbsp;<strong>reconstrucci\u00f3n<\/strong>.<\/p>\n\n\n\n<figure class=\"wp-block-image\"><img decoding=\"async\" src=\"https:\/\/pxcdn.ellitoral.com.ar\/litoral\/082025\/1755172198691.jpeg?cw=807\" alt=\"Corrientes: el acceso al parque Mitre est\u00e1 cerrado por la reconstrucci\u00f3n del Club Regatas\" title=\"Corrientes: el acceso al parque Mitre est\u00e1 cerrado por la reconstrucci\u00f3n del Club Regatas-\"\/><\/figure>\n\n\n\n<p><a href=\"https:\/\/www.ellitoral.com.ar\/deportes\/2025-8-13-15-12-0-se-desplomo-el-techo-de-la-cancha-de-basquet-del-club-regatas\"><\/a><\/p>\n","protected":false},"excerpt":{"rendered":"<p>La\u00a0Municipalidad de Corrientes\u00a0inform\u00f3 el mi\u00e9rcoles que el ingreso al\u00a0parque Mitre\u00a0est\u00e1 cerrado por las\u00a0obras\u00a0de\u00a0reconstrucci\u00f3n\u00a0del\u00a0Club Regatas. El anuncio se realiz\u00f3 a trav\u00e9s de las&nbsp;redes sociales&nbsp;del&nbsp;municipio, pidiendo adem\u00e1s a la poblaci\u00f3n que&nbsp;evite circular&hellip; <\/p>\n","protected":false},"author":1,"featured_media":222263,"comment_status":"closed","ping_status":"open","sticky":false,"template":"","format":"standard","meta":{"footnotes":""},"categories":[1],"tags":[],"class_list":["post-222260","post","type-post","status-publish","format-standard","has-post-thumbnail","hentry","category-informacion-general"],"_links":{"self":[{"href":"https:\/\/corrientesdetarde.com\/index.php\/wp-json\/wp\/v2\/posts\/222260","targetHints":{"allow":["GET"]}}],"collection":[{"href":"https:\/\/corrientesdetarde.com\/index.php\/wp-json\/wp\/v2\/posts"}],"about":[{"href":"https:\/\/corrientesdetarde.com\/index.php\/wp-json\/wp\/v2\/types\/post"}],"author":[{"embeddable":true,"href":"https:\/\/corrientesdetarde.com\/index.php\/wp-json\/wp\/v2\/users\/1"}],"replies":[{"embeddable":true,"href":"https:\/\/corrientesdetarde.com\/index.php\/wp-json\/wp\/v2\/comments?post=222260"}],"version-history":[{"count":1,"href":"https:\/\/corrientesdetarde.com\/index.php\/wp-json\/wp\/v2\/posts\/222260\/revisions"}],"predecessor-version":[{"id":222264,"href":"https:\/\/corrientesdetarde.com\/index.php\/wp-json\/wp\/v2\/posts\/222260\/revisions\/222264"}],"wp:featuredmedia":[{"embeddable":true,"href":"https:\/\/corrientesdetarde.com\/index.php\/wp-json\/wp\/v2\/media\/222263"}],"wp:attachment":[{"href":"https:\/\/corrientesdetarde.com\/index.php\/wp-json\/wp\/v2\/media?parent=222260"}],"wp:term":[{"taxonomy":"category","embeddable":true,"href":"https:\/\/corrientesdetarde.com\/index.php\/wp-json\/wp\/v2\/categories?post=222260"},{"taxonomy":"post_tag","embeddable":true,"href":"https:\/\/corrientesdetarde.com\/index.php\/wp-json\/wp\/v2\/tags?post=222260"}],"curies":[{"name":"wp","href":"https:\/\/api.w.org\/{rel}","templated":true}]}}