{"id":222262,"date":"2025-08-14T10:00:09","date_gmt":"2025-08-14T13:00:09","guid":{"rendered":"https:\/\/corrientesdetarde.com\/?p=222262"},"modified":"2025-08-14T10:05:45","modified_gmt":"2025-08-14T13:05:45","slug":"copa-sudamericana-godoy-cruz-viaja-a-brasil-y-central-cordoba-recibe-a-lanus","status":"publish","type":"post","link":"https:\/\/corrientesdetarde.com\/index.php\/deportes\/copa-sudamericana-godoy-cruz-viaja-a-brasil-y-central-cordoba-recibe-a-lanus\/","title":{"rendered":"COPA SUDAMERICANA: GODOY CRUZ VIAJA A BRASIL Y CENTRAL C\u00d3RDOBA RECIBE A LAN\u00daS"},"content":{"rendered":"\n<p>(Nicolas Reif) &#8211; En la jornada de Copa Sudamericana de este jueves de equipos argentinos, la mirada estar\u00e1 dirigida a Brasil y a Santiago del Estero. An\u00e1lisis de la jornada de Copa Libertadores por Coco Ram\u00f3n.<\/p>\n\n\n\n<figure class=\"wp-block-embed is-type-video is-provider-youtube wp-block-embed-youtube wp-embed-aspect-16-9 wp-has-aspect-ratio\"><div class=\"wp-block-embed__wrapper\">\n<iframe loading=\"lazy\" title=\"OTRA NOCHE DE COPAS\" width=\"1110\" height=\"624\" src=\"https:\/\/www.youtube.com\/embed\/rtWWtALSN9I?feature=oembed\" frameborder=\"0\" allow=\"accelerometer; autoplay; clipboard-write; encrypted-media; gyroscope; picture-in-picture; web-share\" referrerpolicy=\"strict-origin-when-cross-origin\" allowfullscreen><\/iframe>\n<\/div><\/figure>\n\n\n\n<p><br>A primera hora desde las 07 PM en Belo Horizonte, el local Atl\u00e9tico Mineiro recibir\u00e1 a Godoy Cruz de Mendoza.<br> Los brasile\u00f1os llegan al cotejo muy entonados tras eliminar a Flamengo de la Copa Brasil.<br>Recordemos que arribaron a esta fase de la Sudamericana por haber dejado afuera a los &#8220;cafeteros&#8221; del Atl\u00e9tico Bucaramanga de Colombia.<br> En tanto, los cuyanos que finalizaron primeros en su grupo, no gozan de un buen presente.<br> El fin de semana pasado perdieron de local con Gimnasia y Esgrima de La Plata por la Copa de la Liga.<br> Situaci\u00f3n que provoc\u00f3 el alejamiento de Esteban Solari como DT y su inmediato reemplazo por Walter Ribonetto.<br>Ser\u00e1 transmisi\u00f3n de ESPN.<br>Al final de la jornada en el &#8220;Madre de Ciudades&#8221; de Santiago del Estero, el anfitri\u00f3n Central C\u00f3rdoba enfrentar\u00e1 a Lan\u00fas.<br> Los dos equipos ostentan un buen pasar en la contienda local.<br> El &#8220;Ferroviario&#8221; consigui\u00f3 un punto muy valioso en su visita a \u00d1uls en Rosario. En tanto, el &#8220;Granate&#8221; con su triunfo ante Talleres de C\u00f3rdoba obtuvo su segunda victoria consecutiva. Lo podr\u00e1n ver desde las 09.30 PM por DirecTV.<\/p>\n\n\n\n<p><\/p>\n","protected":false},"excerpt":{"rendered":"<p>(Nicolas Reif) &#8211; En la jornada de Copa Sudamericana de este jueves de equipos argentinos, la mirada estar\u00e1 dirigida a Brasil y a Santiago del Estero. An\u00e1lisis de la jornada&hellip; <\/p>\n","protected":false},"author":11,"featured_media":199812,"comment_status":"closed","ping_status":"open","sticky":false,"template":"","format":"standard","meta":{"footnotes":""},"categories":[4],"tags":[],"class_list":["post-222262","post","type-post","status-publish","format-standard","has-post-thumbnail","hentry","category-deportes"],"_links":{"self":[{"href":"https:\/\/corrientesdetarde.com\/index.php\/wp-json\/wp\/v2\/posts\/222262","targetHints":{"allow":["GET"]}}],"collection":[{"href":"https:\/\/corrientesdetarde.com\/index.php\/wp-json\/wp\/v2\/posts"}],"about":[{"href":"https:\/\/corrientesdetarde.com\/index.php\/wp-json\/wp\/v2\/types\/post"}],"author":[{"embeddable":true,"href":"https:\/\/corrientesdetarde.com\/index.php\/wp-json\/wp\/v2\/users\/11"}],"replies":[{"embeddable":true,"href":"https:\/\/corrientesdetarde.com\/index.php\/wp-json\/wp\/v2\/comments?post=222262"}],"version-history":[{"count":3,"href":"https:\/\/corrientesdetarde.com\/index.php\/wp-json\/wp\/v2\/posts\/222262\/revisions"}],"predecessor-version":[{"id":222268,"href":"https:\/\/corrientesdetarde.com\/index.php\/wp-json\/wp\/v2\/posts\/222262\/revisions\/222268"}],"wp:featuredmedia":[{"embeddable":true,"href":"https:\/\/corrientesdetarde.com\/index.php\/wp-json\/wp\/v2\/media\/199812"}],"wp:attachment":[{"href":"https:\/\/corrientesdetarde.com\/index.php\/wp-json\/wp\/v2\/media?parent=222262"}],"wp:term":[{"taxonomy":"category","embeddable":true,"href":"https:\/\/corrientesdetarde.com\/index.php\/wp-json\/wp\/v2\/categories?post=222262"},{"taxonomy":"post_tag","embeddable":true,"href":"https:\/\/corrientesdetarde.com\/index.php\/wp-json\/wp\/v2\/tags?post=222262"}],"curies":[{"name":"wp","href":"https:\/\/api.w.org\/{rel}","templated":true}]}}