{"id":222294,"date":"2025-08-14T13:17:23","date_gmt":"2025-08-14T16:17:23","guid":{"rendered":"https:\/\/corrientesdetarde.com\/?p=222294"},"modified":"2025-08-14T13:17:28","modified_gmt":"2025-08-14T16:17:28","slug":"el-gobernador-valdes-recibio-a-trabajadores-del-aserradero-tapebicua-y-ofrecio-ayuda","status":"publish","type":"post","link":"https:\/\/corrientesdetarde.com\/index.php\/locales\/el-gobernador-valdes-recibio-a-trabajadores-del-aserradero-tapebicua-y-ofrecio-ayuda\/","title":{"rendered":"El gobernador Vald\u00e9s recibi\u00f3 a trabajadores del aserradero Tapebicu\u00e1 y ofreci\u00f3 ayuda"},"content":{"rendered":"\n<p>El gobernador Gustavo Vald\u00e9s, junto a la ministra de Industria, Mariel Gabur y el secretario de Trabajo, Juan Rajoy, recibi\u00f3 este jueves a los trabajadores suspendidos de la empresa maderera Tapebicu\u00e1 S.A. El encuentro tuvo lugar en el Centro Administrativo y all\u00ed el Gobierno provincial les ofreci\u00f3 ayuda a los damnificados consistente en mercader\u00edas, subsidios y pr\u00f3rrogas de deudas con el Banco de Corrientes. Los empleados afectados manifestaron satisfacci\u00f3n por este acompa\u00f1amiento y se mostraron espectantes a que nuevos inversores normalicen la situaci\u00f3n de esta empresa.<\/p>\n\n\n\n<p>Ante la delicada situaci\u00f3n laboral del personal de la empresa asentada en Gobernador Virasoro, la titular de Industria se refiri\u00f3 al encuentro mantenido en Capital calific\u00e1ndolo como \u201cfruct\u00edfero\u201d y asegur\u00f3 que existe \u201cun gran compromiso del gobernador\u201d para acompa\u00f1ar a las familias afectadas. \u201cEstamos monitoreando la situaci\u00f3n de cerca porque nos preocupa el cobro de sus sueldos y la suspensi\u00f3n de sus tareas. El gobierno provincial brindar\u00e1 herramientas a trav\u00e9s de distintos mecanismos para poder asistirlos en estos momentos de crisis\u201d, se\u00f1al\u00f3.<\/p>\n\n\n\n<p>La funcionaria adelant\u00f3 que la principal meta es garantizar la continuidad de las fuentes de empleo mediante la llegada de nuevos inversores que se hagan cargo de la empresa. \u201cEstamos acompa\u00f1ando las negociaciones y en contacto con posibles interesados. El gobernador se ocupa personalmente de que esto ocurra\u201d, afirm\u00f3.<\/p>\n\n\n\n<p>Respecto al clima del encuentro, Gabur destac\u00f3 la actitud de los operarios: \u201cLos trabajadores correntinos se caracterizan por su compromiso y colaboraci\u00f3n. Fue una reuni\u00f3n amena, aunque marcada por la preocupaci\u00f3n por su fuente de trabajo, que es el sustento familiar. Juntos buscamos soluciones inmediatas para los problemas actuales\u201d.<\/p>\n\n\n\n<p><strong>La palabra de los representantes<\/strong><\/p>\n\n\n\n<p>Por su parte, el representante de los trabajadores de la empresa Tapebicu\u00e1, Gustavo Flores destac\u00f3 la mesa de di\u00e1logo por parte del Gobierno provincial para interiorizarse sobre la situaci\u00f3n que atraviesa el sector en Corrientes. \u201cSuper\u00f3 nuestras expectativas y vemos una predisposici\u00f3n para contribuir\u201d, remarc\u00f3.<\/p>\n\n\n\n<p>\u201cEstamos atravesando una reducci\u00f3n que afecta las familias de 420 personas\u201d, indic\u00f3 Flores y a la vez, adelant\u00f3 que \u201cla semana que viene volveremos a reunirnos para avanzar con el di\u00e1logo\u201d.<\/p>\n\n\n\n<p>A su turno, Samuel Ver\u00f3n, trabajador de Tapebicu\u00e1, cont\u00f3 que \u00e9l y varios compa\u00f1eros fueron recibidos para exponer la situaci\u00f3n salarial que atraviesan. \u201cVinimos con la ilusi\u00f3n de traer buenas noticias a los que quedaron en Virasoro\u201d, se\u00f1al\u00f3. Explic\u00f3 que los empleados se autoconvocaron y bloquearon el acceso a la planta \u201cporque no estamos percibiendo la totalidad de nuestros sueldos y tampoco se pag\u00f3 el aguinaldo\u201d. Remarc\u00f3 que el reclamo no es por aumentos sino por lo adeudado: \u201cEstamos pidiendo que nos paguen el sueldo que ya tenemos ganado. Nuestras familias son las que est\u00e1n sufriendo\u201d.<\/p>\n\n\n\n<p>Seg\u00fan Ver\u00f3n, el encuentro dej\u00f3 respuestas concretas. \u201cUsaron las herramientas que tienen a disposici\u00f3n y nos dieron en gran parte un alivio\u201d, dijo. Entre las medidas, mencion\u00f3 la asistencia del Banco de Corrientes: \u201cNos van a ayudar con el tema de tasas y nos corren por tres meses todo lo que sea nuestras deudas con pr\u00e9stamos\u201d, detall\u00f3, aludiendo a una postergaci\u00f3n temporal de vencimientos para quienes hoy arrastran atrasos por el esquema de pagos de la empresa. Agreg\u00f3 que tambi\u00e9n se les ofreci\u00f3 \u201cmercader\u00eda, asistencia y un subsidio para los trabajadores por dos meses\u201d, ayuda que calific\u00f3 como \u201cmuy buena\u201d para atravesar la coyuntura.<\/p>\n\n\n\n<p>El trabajador aclar\u00f3 que el objetivo del plantel es preservar las fuentes de empleo y exigir una salida sin suspensiones sin goce de haberes: \u201cQueremos conservar nuestro puesto de trabajo, no podemos aceptar que nos suspendan por un mes sin sueldo\u201d. Cont\u00f3 que la Provincia manifest\u00f3 disposici\u00f3n a seguir interviniendo: \u201cQuedaron a nuestra disposici\u00f3n para cualquier otro intercambio de ideas y para ayudar tanto a los trabajadores como a la empresa, porque se busca mantener los puestos de trabajo\u201d.<\/p>\n\n\n\n<p>Al regresar a Virasoro, Ver\u00f3n dijo que lo primero ser\u00e1 informar al resto del personal que contin\u00faa en la protesta. \u201cPor lo menos de parte de la Provincia hubo una respuesta favorable y nos trataron de la mejor manera\u201d, concluy\u00f3.<\/p>\n\n\n\n<figure class=\"wp-block-image size-large\"><img loading=\"lazy\" decoding=\"async\" width=\"1024\" height=\"683\" src=\"https:\/\/corrientesdetarde.com\/wp-content\/uploads\/2025\/08\/image-578-1024x683.png\" alt=\"\" class=\"wp-image-222295\" srcset=\"https:\/\/corrientesdetarde.com\/wp-content\/uploads\/2025\/08\/image-578-1024x683.png 1024w, https:\/\/corrientesdetarde.com\/wp-content\/uploads\/2025\/08\/image-578-300x200.png 300w, https:\/\/corrientesdetarde.com\/wp-content\/uploads\/2025\/08\/image-578-768x512.png 768w, https:\/\/corrientesdetarde.com\/wp-content\/uploads\/2025\/08\/image-578-1536x1024.png 1536w, https:\/\/corrientesdetarde.com\/wp-content\/uploads\/2025\/08\/image-578.png 1599w\" sizes=\"auto, (max-width: 1024px) 100vw, 1024px\" \/><\/figure>\n\n\n\n<figure class=\"wp-block-image size-large\"><img loading=\"lazy\" decoding=\"async\" width=\"1024\" height=\"683\" src=\"https:\/\/corrientesdetarde.com\/wp-content\/uploads\/2025\/08\/image-579-1024x683.png\" alt=\"\" class=\"wp-image-222296\" srcset=\"https:\/\/corrientesdetarde.com\/wp-content\/uploads\/2025\/08\/image-579-1024x683.png 1024w, https:\/\/corrientesdetarde.com\/wp-content\/uploads\/2025\/08\/image-579-300x200.png 300w, https:\/\/corrientesdetarde.com\/wp-content\/uploads\/2025\/08\/image-579-768x512.png 768w, https:\/\/corrientesdetarde.com\/wp-content\/uploads\/2025\/08\/image-579-1536x1024.png 1536w, https:\/\/corrientesdetarde.com\/wp-content\/uploads\/2025\/08\/image-579.png 1599w\" sizes=\"auto, (max-width: 1024px) 100vw, 1024px\" \/><\/figure>\n\n\n\n<figure class=\"wp-block-image size-large\"><img loading=\"lazy\" decoding=\"async\" width=\"1024\" height=\"683\" src=\"https:\/\/corrientesdetarde.com\/wp-content\/uploads\/2025\/08\/image-580-1024x683.png\" alt=\"\" class=\"wp-image-222297\" srcset=\"https:\/\/corrientesdetarde.com\/wp-content\/uploads\/2025\/08\/image-580-1024x683.png 1024w, https:\/\/corrientesdetarde.com\/wp-content\/uploads\/2025\/08\/image-580-300x200.png 300w, https:\/\/corrientesdetarde.com\/wp-content\/uploads\/2025\/08\/image-580-768x512.png 768w, https:\/\/corrientesdetarde.com\/wp-content\/uploads\/2025\/08\/image-580-1536x1024.png 1536w, https:\/\/corrientesdetarde.com\/wp-content\/uploads\/2025\/08\/image-580.png 1599w\" sizes=\"auto, (max-width: 1024px) 100vw, 1024px\" \/><\/figure>\n\n\n\n<figure class=\"wp-block-image size-large\"><img loading=\"lazy\" decoding=\"async\" width=\"1024\" height=\"683\" src=\"https:\/\/corrientesdetarde.com\/wp-content\/uploads\/2025\/08\/image-581-1024x683.png\" alt=\"\" class=\"wp-image-222298\" srcset=\"https:\/\/corrientesdetarde.com\/wp-content\/uploads\/2025\/08\/image-581-1024x683.png 1024w, https:\/\/corrientesdetarde.com\/wp-content\/uploads\/2025\/08\/image-581-300x200.png 300w, https:\/\/corrientesdetarde.com\/wp-content\/uploads\/2025\/08\/image-581-768x512.png 768w, https:\/\/corrientesdetarde.com\/wp-content\/uploads\/2025\/08\/image-581-1536x1024.png 1536w, https:\/\/corrientesdetarde.com\/wp-content\/uploads\/2025\/08\/image-581.png 1599w\" sizes=\"auto, (max-width: 1024px) 100vw, 1024px\" \/><\/figure>\n\n\n\n<figure class=\"wp-block-image size-large\"><img loading=\"lazy\" decoding=\"async\" width=\"1024\" height=\"683\" src=\"https:\/\/corrientesdetarde.com\/wp-content\/uploads\/2025\/08\/image-582-1024x683.png\" alt=\"\" class=\"wp-image-222299\" srcset=\"https:\/\/corrientesdetarde.com\/wp-content\/uploads\/2025\/08\/image-582-1024x683.png 1024w, https:\/\/corrientesdetarde.com\/wp-content\/uploads\/2025\/08\/image-582-300x200.png 300w, https:\/\/corrientesdetarde.com\/wp-content\/uploads\/2025\/08\/image-582-768x512.png 768w, https:\/\/corrientesdetarde.com\/wp-content\/uploads\/2025\/08\/image-582-1536x1024.png 1536w, https:\/\/corrientesdetarde.com\/wp-content\/uploads\/2025\/08\/image-582.png 1599w\" sizes=\"auto, (max-width: 1024px) 100vw, 1024px\" \/><\/figure>\n\n\n\n<figure class=\"wp-block-image size-large\"><img loading=\"lazy\" decoding=\"async\" width=\"1024\" height=\"683\" src=\"https:\/\/corrientesdetarde.com\/wp-content\/uploads\/2025\/08\/image-583-1024x683.png\" alt=\"\" class=\"wp-image-222300\" srcset=\"https:\/\/corrientesdetarde.com\/wp-content\/uploads\/2025\/08\/image-583-1024x683.png 1024w, https:\/\/corrientesdetarde.com\/wp-content\/uploads\/2025\/08\/image-583-300x200.png 300w, https:\/\/corrientesdetarde.com\/wp-content\/uploads\/2025\/08\/image-583-768x512.png 768w, https:\/\/corrientesdetarde.com\/wp-content\/uploads\/2025\/08\/image-583-1536x1024.png 1536w, https:\/\/corrientesdetarde.com\/wp-content\/uploads\/2025\/08\/image-583.png 1599w\" sizes=\"auto, (max-width: 1024px) 100vw, 1024px\" \/><\/figure>\n\n\n\n<figure class=\"wp-block-image size-large\"><img loading=\"lazy\" decoding=\"async\" width=\"1024\" height=\"683\" src=\"https:\/\/corrientesdetarde.com\/wp-content\/uploads\/2025\/08\/image-584-1024x683.png\" alt=\"\" class=\"wp-image-222301\" srcset=\"https:\/\/corrientesdetarde.com\/wp-content\/uploads\/2025\/08\/image-584-1024x683.png 1024w, https:\/\/corrientesdetarde.com\/wp-content\/uploads\/2025\/08\/image-584-300x200.png 300w, https:\/\/corrientesdetarde.com\/wp-content\/uploads\/2025\/08\/image-584-768x512.png 768w, https:\/\/corrientesdetarde.com\/wp-content\/uploads\/2025\/08\/image-584-1536x1024.png 1536w, https:\/\/corrientesdetarde.com\/wp-content\/uploads\/2025\/08\/image-584.png 1599w\" sizes=\"auto, (max-width: 1024px) 100vw, 1024px\" \/><\/figure>\n\n\n\n<figure class=\"wp-block-image size-large\"><img loading=\"lazy\" decoding=\"async\" width=\"1024\" height=\"683\" src=\"https:\/\/corrientesdetarde.com\/wp-content\/uploads\/2025\/08\/image-585-1024x683.png\" alt=\"\" class=\"wp-image-222302\" srcset=\"https:\/\/corrientesdetarde.com\/wp-content\/uploads\/2025\/08\/image-585-1024x683.png 1024w, https:\/\/corrientesdetarde.com\/wp-content\/uploads\/2025\/08\/image-585-300x200.png 300w, https:\/\/corrientesdetarde.com\/wp-content\/uploads\/2025\/08\/image-585-768x512.png 768w, https:\/\/corrientesdetarde.com\/wp-content\/uploads\/2025\/08\/image-585-1536x1024.png 1536w, https:\/\/corrientesdetarde.com\/wp-content\/uploads\/2025\/08\/image-585.png 1599w\" sizes=\"auto, (max-width: 1024px) 100vw, 1024px\" \/><\/figure>\n\n\n\n<figure class=\"wp-block-image size-large\"><img loading=\"lazy\" decoding=\"async\" width=\"1024\" height=\"683\" src=\"https:\/\/corrientesdetarde.com\/wp-content\/uploads\/2025\/08\/image-586-1024x683.png\" alt=\"\" class=\"wp-image-222303\" srcset=\"https:\/\/corrientesdetarde.com\/wp-content\/uploads\/2025\/08\/image-586-1024x683.png 1024w, https:\/\/corrientesdetarde.com\/wp-content\/uploads\/2025\/08\/image-586-300x200.png 300w, https:\/\/corrientesdetarde.com\/wp-content\/uploads\/2025\/08\/image-586-768x512.png 768w, https:\/\/corrientesdetarde.com\/wp-content\/uploads\/2025\/08\/image-586-1536x1024.png 1536w, https:\/\/corrientesdetarde.com\/wp-content\/uploads\/2025\/08\/image-586.png 1599w\" sizes=\"auto, (max-width: 1024px) 100vw, 1024px\" \/><\/figure>\n","protected":false},"excerpt":{"rendered":"<p>El gobernador Gustavo Vald\u00e9s, junto a la ministra de Industria, Mariel Gabur y el secretario de Trabajo, Juan Rajoy, recibi\u00f3 este jueves a los trabajadores suspendidos de la empresa maderera&hellip; <\/p>\n","protected":false},"author":8,"featured_media":222299,"comment_status":"closed","ping_status":"open","sticky":false,"template":"","format":"standard","meta":{"footnotes":""},"categories":[8],"tags":[],"class_list":["post-222294","post","type-post","status-publish","format-standard","has-post-thumbnail","hentry","category-locales"],"_links":{"self":[{"href":"https:\/\/corrientesdetarde.com\/index.php\/wp-json\/wp\/v2\/posts\/222294","targetHints":{"allow":["GET"]}}],"collection":[{"href":"https:\/\/corrientesdetarde.com\/index.php\/wp-json\/wp\/v2\/posts"}],"about":[{"href":"https:\/\/corrientesdetarde.com\/index.php\/wp-json\/wp\/v2\/types\/post"}],"author":[{"embeddable":true,"href":"https:\/\/corrientesdetarde.com\/index.php\/wp-json\/wp\/v2\/users\/8"}],"replies":[{"embeddable":true,"href":"https:\/\/corrientesdetarde.com\/index.php\/wp-json\/wp\/v2\/comments?post=222294"}],"version-history":[{"count":1,"href":"https:\/\/corrientesdetarde.com\/index.php\/wp-json\/wp\/v2\/posts\/222294\/revisions"}],"predecessor-version":[{"id":222304,"href":"https:\/\/corrientesdetarde.com\/index.php\/wp-json\/wp\/v2\/posts\/222294\/revisions\/222304"}],"wp:featuredmedia":[{"embeddable":true,"href":"https:\/\/corrientesdetarde.com\/index.php\/wp-json\/wp\/v2\/media\/222299"}],"wp:attachment":[{"href":"https:\/\/corrientesdetarde.com\/index.php\/wp-json\/wp\/v2\/media?parent=222294"}],"wp:term":[{"taxonomy":"category","embeddable":true,"href":"https:\/\/corrientesdetarde.com\/index.php\/wp-json\/wp\/v2\/categories?post=222294"},{"taxonomy":"post_tag","embeddable":true,"href":"https:\/\/corrientesdetarde.com\/index.php\/wp-json\/wp\/v2\/tags?post=222294"}],"curies":[{"name":"wp","href":"https:\/\/api.w.org\/{rel}","templated":true}]}}