{"id":222305,"date":"2025-08-14T13:23:33","date_gmt":"2025-08-14T16:23:33","guid":{"rendered":"https:\/\/corrientesdetarde.com\/?p=222305"},"modified":"2025-08-14T13:23:45","modified_gmt":"2025-08-14T16:23:45","slug":"karina-milei-suma-por-primera-vez-al-pro-a-una-cumbre-en-la-rosada-para-delinear-la-estrategia-electoral","status":"publish","type":"post","link":"https:\/\/corrientesdetarde.com\/index.php\/politica\/karina-milei-suma-por-primera-vez-al-pro-a-una-cumbre-en-la-rosada-para-delinear-la-estrategia-electoral\/","title":{"rendered":"Karina Milei suma por primera vez al PRO a una cumbre en la Rosada para delinear la estrategia electoral"},"content":{"rendered":"\n<p>La presidenta de La Libertad Avanza convoc\u00f3 al diputado Cristian Ritondo. Participan adem\u00e1s del encuentro el asesor Santiago Caputo y el armador libertario Sebasti\u00e1n Pareja.<\/p>\n\n\n\n<p><a href=\"https:\/\/tn.com.ar\/autor\/Isalerno\/\"><\/a><\/p>\n\n\n\n<p><strong>La secretaria general de la Presidencia,\u00a0Karina Milei, suma por primera vez al\u00a0PRO\u00a0a la mesa para delinear la estrategia<\/strong>\u00a0electoral en la provincia de Buenos Aires. La presidenta de La Libertad Avanza convoc\u00f3 al titular del PRO en el territorio bonaerense, el diputado Cristian Ritondo, a un encuentro a las 12 en la Casa Rosada para coordinar las actividades de campa\u00f1a.<\/p>\n\n\n\n<p><strong>Participan adem\u00e1s el asesor Santiago Caputo y el armador libertario Sebasti\u00e1n Pareja<\/strong>&nbsp;junto a su equipo. No fue invitado el diputado Diego Santilli, que ser\u00e1 en principio el tercer candidato que acompa\u00f1e la boleta de Jos\u00e9 Luis Espert en el territorio bonaerense. \u201cDiego es candidato. No tiene porqu\u00e9 estar en la mesa de campa\u00f1a\u201d, agregan en Naci\u00f3n.<\/p>\n\n\n\n<p>La reuni\u00f3n fue convocada al sal\u00f3n Norte de Balcarce 50, donde los mozos ya depositaron chip\u00e1, que suelen consumir los asistentes de la mesa pol\u00edtica del Gobierno.&nbsp;<strong>No est\u00e1 previsto que participen por el momento el presidente de la C\u00e1mara de Diputados y vicepresidente de LLA, Mart\u00edn Menem<\/strong>, y el subsecretario de Gesti\u00f3n Institucional, Eduardo \u201cLule\u201d Menem.<\/p>\n\n\n\n<p>El Ejecutivo&nbsp;<strong>apunta a definir en esta reuni\u00f3n las pr\u00f3ximas actividades proselitistas de los candidatos libertarios junto a Javier Milei<\/strong>, que lanzar\u00e1 hoy la campa\u00f1a en el club Atenas de La Plata. El jefe de Estado planea desembarcar tambi\u00e9n en la primera secci\u00f3n electoral de la provincia de Buenos Aires en el corto plazo.<\/p>\n\n\n\n<figure class=\"wp-block-image\"><img decoding=\"async\" src=\"https:\/\/tn.com.ar\/resizer\/v2\/karina-milei-javier-milei-y-sebastian-pareja-en-el-congreso-de-la-libertad-avanza-en-provincia-de-buenos-aires-foto-x-spareja-G2UCZIO35VDWZOPORKC5LYKT7Q.jpg?auth=daaa1c48a001a60e19e87cd3e9c08a0f1584ccdc8f07a18cc50a9816f8a84a67&amp;width=767\" alt=\"Karina Milei, Javier Milei y Sebasti\u00e1n Pareja en el Congreso de La Libertad Avanza en provincia de Buenos Aires (Foto: X @SPareja_).\"\/><\/figure>\n\n\n\n<p>Seg\u00fan pudo saber\u00a0, el primer mandatario\u00a0<strong>tiene previsto polarizar con el gobernador de la provincia de Buenos Aires, Axel Kicilof<\/strong>, y cuestionar la gesti\u00f3n bonaerense. \u201cLa idea es polarizar con el kirchnerismo y apuntar contra el estado de la provincia\u201d, agregan en el oficialismo. Es la misma l\u00ednea que mantuvo en la foto de presentaci\u00f3n de candidatos en Villa Celina, La Matanza.<\/p>\n\n\n\n<p>El presidente&nbsp;<strong>planea adem\u00e1s insistir con el slogan de \u201cKirchnerismo Nunca M\u00e1s\u201d<\/strong>. Se trata de la tipograf\u00eda del libro sobre el informe \u201cNunca M\u00e1s\u201d, que describe el trabajo realizado en 1984 por la Comisi\u00f3n Nacional sobre la Desaparici\u00f3n de Personas (Conadep). Los ejes de la campa\u00f1a de La Libertad Avanza en el territorio bonaerense son la econom\u00eda y la seguridad.<\/p>\n\n\n\n<p>La mesa electoral del Gobierno planea unificar la campa\u00f1a bonaerense con la nacional, pero&nbsp;<strong>no tiene previsto por el momento armar una mesa con referentes del PRO en la Ciudad de Buenos Aires<\/strong>. En Naci\u00f3n ponen en duda que Milei comparta actividades de campa\u00f1a con Mauricio Macri en el territorio porte\u00f1o y descartan que lo haga con el jefe de gobierno, Jorge Macri.<\/p>\n\n\n\n<p>La ministra de Seguridad,&nbsp;<strong>Patricia Bullrich, encabezar\u00e1 la lista libertaria para el Senado en la Ciudad y estar\u00e1 acompa\u00f1ada por un \u201ceconomista liberal\u201d en la lista<\/strong>. El oficialismo no termin\u00f3 de definir qui\u00e9n ser\u00e1 el primer candidato a diputado y contin\u00faa la danza de nombres, que abarca desde la legisladora Pilar Ram\u00edrez hasta integrantes del gabinete.<\/p>\n\n\n\n<p><\/p>\n","protected":false},"excerpt":{"rendered":"<p>La presidenta de La Libertad Avanza convoc\u00f3 al diputado Cristian Ritondo. Participan adem\u00e1s del encuentro el asesor Santiago Caputo y el armador libertario Sebasti\u00e1n Pareja. La secretaria general de la&hellip; <\/p>\n","protected":false},"author":8,"featured_media":222306,"comment_status":"closed","ping_status":"open","sticky":false,"template":"","format":"standard","meta":{"footnotes":""},"categories":[3],"tags":[],"class_list":["post-222305","post","type-post","status-publish","format-standard","has-post-thumbnail","hentry","category-politica"],"_links":{"self":[{"href":"https:\/\/corrientesdetarde.com\/index.php\/wp-json\/wp\/v2\/posts\/222305","targetHints":{"allow":["GET"]}}],"collection":[{"href":"https:\/\/corrientesdetarde.com\/index.php\/wp-json\/wp\/v2\/posts"}],"about":[{"href":"https:\/\/corrientesdetarde.com\/index.php\/wp-json\/wp\/v2\/types\/post"}],"author":[{"embeddable":true,"href":"https:\/\/corrientesdetarde.com\/index.php\/wp-json\/wp\/v2\/users\/8"}],"replies":[{"embeddable":true,"href":"https:\/\/corrientesdetarde.com\/index.php\/wp-json\/wp\/v2\/comments?post=222305"}],"version-history":[{"count":1,"href":"https:\/\/corrientesdetarde.com\/index.php\/wp-json\/wp\/v2\/posts\/222305\/revisions"}],"predecessor-version":[{"id":222307,"href":"https:\/\/corrientesdetarde.com\/index.php\/wp-json\/wp\/v2\/posts\/222305\/revisions\/222307"}],"wp:featuredmedia":[{"embeddable":true,"href":"https:\/\/corrientesdetarde.com\/index.php\/wp-json\/wp\/v2\/media\/222306"}],"wp:attachment":[{"href":"https:\/\/corrientesdetarde.com\/index.php\/wp-json\/wp\/v2\/media?parent=222305"}],"wp:term":[{"taxonomy":"category","embeddable":true,"href":"https:\/\/corrientesdetarde.com\/index.php\/wp-json\/wp\/v2\/categories?post=222305"},{"taxonomy":"post_tag","embeddable":true,"href":"https:\/\/corrientesdetarde.com\/index.php\/wp-json\/wp\/v2\/tags?post=222305"}],"curies":[{"name":"wp","href":"https:\/\/api.w.org\/{rel}","templated":true}]}}