{"id":222352,"date":"2025-08-14T19:46:40","date_gmt":"2025-08-14T22:46:40","guid":{"rendered":"https:\/\/corrientesdetarde.com\/?p=222352"},"modified":"2025-08-14T19:46:52","modified_gmt":"2025-08-14T22:46:52","slug":"avance-de-programacion-de-septiembre-del-teatro-oficial-juan-de-vera","status":"publish","type":"post","link":"https:\/\/corrientesdetarde.com\/index.php\/cultura\/avance-de-programacion-de-septiembre-del-teatro-oficial-juan-de-vera\/","title":{"rendered":"Avance de programaci\u00f3n de septiembre del Teatro Oficial Juan de Vera"},"content":{"rendered":"\n<p>Desde la Direcci\u00f3n General del Teatro Oficial Juan de Vera, dependiente del Instituto de Cultura, adelantaron algunas de las obras, conciertos y espect\u00e1culos que tendr\u00e1n lugar durante el mes de septiembre en el coliseo correntino. Las entradas ya est\u00e1n a la venta en la ticketera local&nbsp;<a href=\"https:\/\/4ue34.r.sp1-brevo.net\/mk\/cl\/f\/sh\/6rqJfgq8dINmNvd2HB7mP7OK8Ju\/3jGbV241am54\" target=\"_blank\" rel=\"noreferrer noopener\">weepas.ar<\/a>&nbsp;y en boleter\u00eda del teatro, San Juan 637&nbsp;<\/p>\n\n\n\n<p>El Teatro Oficial Juan de Vera adelant\u00f3 parte de la programaci\u00f3n de septiembre del coliseo correntino, con la m\u00fasica como protagonista, con el recital de la Orquesta Sinf\u00f3nica de la provincia de Corrientes presentando \u201cLos viajes del joven Werther\u201d, personificado por el tenor Lisandro Palomo, en el marco de los 200 a\u00f1os de la amistad entre Alemania y Argentina que promueve la Asociaci\u00f3n Alemana de Corrientes, el s\u00e1bado 6 de septiembre, desde las 21 hs. Las entradas est\u00e1n disponibles en&nbsp;<a href=\"https:\/\/4ue34.r.sp1-brevo.net\/mk\/cl\/f\/sh\/6rqJfgq8dIPRQNvBlUXKKiWFlcw\/rPLKUi0gjQK0\" target=\"_blank\" rel=\"noreferrer noopener\">https:\/\/tinyurl.com\/4j5jbmfv<\/a>&nbsp;a partir de $5.300<\/p>\n\n\n\n<p>El viernes 12 de septiembre, Patricia Sosa llega al Vera en el marco de la gira nacional \u201cAlquimia\u201d, un viaje musical transformador que lleva el nombre de su m\u00e1s reciente \u00e1lbum junto al reconocido artista mexicano Manuel Mijares, que ver\u00e1 la luz a mediados de agosto. Las entradas pueden adquirirse en&nbsp;<a href=\"https:\/\/4ue34.r.sp1-brevo.net\/mk\/cl\/f\/sh\/6rqJfgq8dIR6SqDLFnwsGJeBOvy\/HSNIjbkw9Bif\" target=\"_blank\" rel=\"noreferrer noopener\">https:\/\/tinyurl.com\/y2n9famm<\/a>&nbsp;a partir de $31.800<\/p>\n\n\n\n<p>Los de Imaguar\u00e9 celebrar\u00e1n su trayectoria en el chamam\u00e9 con el concierto&nbsp;y \u201cGira 48 a\u00f1os\u201d en coincidencia con el D\u00eda Nacional del Chamam\u00e9, el 19 de septiembre, desde las 21 hs. con una especial presentaci\u00f3n y entradas a la venta en&nbsp;<a href=\"https:\/\/4ue34.r.sp1-brevo.net\/mk\/cl\/f\/sh\/6rqJfgq8dISlVIVUk7MQBum72F0\/2ziPkG_XLs_l\" target=\"_blank\" rel=\"noreferrer noopener\">https:\/\/tinyurl.com\/pbddd87r<\/a>&nbsp;a partir de $21.200&nbsp;<\/p>\n\n\n\n<p>Y el s\u00e1bado 20 de septiembre, llega al Teatro Juan de Vera desde las 21 hs. Bloody Tango, espect\u00e1culo teatral que reimagina el tango a trav\u00e9s de una experiencia sensual y provocadora, con un elenco de bailarines y cantantes de alto nivel art\u00edstico, encabezado por Noelia Marzol, Jonathan Lazarte y Ana Devin, acompa\u00f1ados por once artistas en escena. Las entradas ya est\u00e1n disponibles en&nbsp;<a href=\"https:\/\/4ue34.r.sp1-brevo.net\/mk\/cl\/f\/sh\/6rqJfgq8dIUQXkneEQly7Vu2fY2\/D7qRGm7Pv6T1\" target=\"_blank\" rel=\"noreferrer noopener\">https:\/\/tinyurl.com\/2rss6jz8<\/a>&nbsp;a partir de $15.900<\/p>\n\n\n\n<p><strong>Entradas<\/strong><\/p>\n\n\n\n<p>Las entradas a las diversas obras y conciertos podr\u00e1n adquirirse en&nbsp;<a href=\"https:\/\/4ue34.r.sp1-brevo.net\/mk\/cl\/f\/sh\/6rqJfgq8dIW5aD5nikBW371yIr4\/gjyD8hDAjoWT\" target=\"_blank\" rel=\"noreferrer noopener\">weepas.ar<\/a>&nbsp;y en boleter\u00eda del teatro, San Juan 637, de lunes a s\u00e1bados de 9 a 13 y de 17 a 21 hs. Para los clientes del BanCo que cuenten con tarjetas de cr\u00e9dito Visa, podr\u00e1n adquirirlas con un 20% de descuento, con $20.000 de tope de reintegro y hasta en 3 cuotas sin intereses.<\/p>\n","protected":false},"excerpt":{"rendered":"<p>Desde la Direcci\u00f3n General del Teatro Oficial Juan de Vera, dependiente del Instituto de Cultura, adelantaron algunas de las obras, conciertos y espect\u00e1culos que tendr\u00e1n lugar durante el mes de&hellip; <\/p>\n","protected":false},"author":4,"featured_media":222360,"comment_status":"closed","ping_status":"open","sticky":false,"template":"","format":"standard","meta":{"footnotes":""},"categories":[15],"tags":[],"class_list":["post-222352","post","type-post","status-publish","format-standard","has-post-thumbnail","hentry","category-cultura"],"_links":{"self":[{"href":"https:\/\/corrientesdetarde.com\/index.php\/wp-json\/wp\/v2\/posts\/222352","targetHints":{"allow":["GET"]}}],"collection":[{"href":"https:\/\/corrientesdetarde.com\/index.php\/wp-json\/wp\/v2\/posts"}],"about":[{"href":"https:\/\/corrientesdetarde.com\/index.php\/wp-json\/wp\/v2\/types\/post"}],"author":[{"embeddable":true,"href":"https:\/\/corrientesdetarde.com\/index.php\/wp-json\/wp\/v2\/users\/4"}],"replies":[{"embeddable":true,"href":"https:\/\/corrientesdetarde.com\/index.php\/wp-json\/wp\/v2\/comments?post=222352"}],"version-history":[{"count":1,"href":"https:\/\/corrientesdetarde.com\/index.php\/wp-json\/wp\/v2\/posts\/222352\/revisions"}],"predecessor-version":[{"id":222361,"href":"https:\/\/corrientesdetarde.com\/index.php\/wp-json\/wp\/v2\/posts\/222352\/revisions\/222361"}],"wp:featuredmedia":[{"embeddable":true,"href":"https:\/\/corrientesdetarde.com\/index.php\/wp-json\/wp\/v2\/media\/222360"}],"wp:attachment":[{"href":"https:\/\/corrientesdetarde.com\/index.php\/wp-json\/wp\/v2\/media?parent=222352"}],"wp:term":[{"taxonomy":"category","embeddable":true,"href":"https:\/\/corrientesdetarde.com\/index.php\/wp-json\/wp\/v2\/categories?post=222352"},{"taxonomy":"post_tag","embeddable":true,"href":"https:\/\/corrientesdetarde.com\/index.php\/wp-json\/wp\/v2\/tags?post=222352"}],"curies":[{"name":"wp","href":"https:\/\/api.w.org\/{rel}","templated":true}]}}