{"id":222358,"date":"2025-08-14T21:01:41","date_gmt":"2025-08-15T00:01:41","guid":{"rendered":"https:\/\/corrientesdetarde.com\/?p=222358"},"modified":"2025-08-14T21:01:44","modified_gmt":"2025-08-15T00:01:44","slug":"corrientes-piensa-en-grande-banco-y-fundacion-mediterranea-impulsaron-el-debate-sobre-el-presente-y-futuro-de-las-pymes","status":"publish","type":"post","link":"https:\/\/corrientesdetarde.com\/index.php\/actualidad\/corrientes-piensa-en-grande-banco-y-fundacion-mediterranea-impulsaron-el-debate-sobre-el-presente-y-futuro-de-las-pymes\/","title":{"rendered":"Corrientes piensa en grande: BanCo y Fundaci\u00f3n Mediterr\u00e1nea impulsaron el debate sobre el presente y futuro de las PyMES"},"content":{"rendered":"\n<p>Economistas, autoridades provinciales y empresarios se reunieron para compartir an\u00e1lisis, experiencias y propuestas que fortalezcan a la peque\u00f1a y mediana industria correntina.<\/p>\n\n\n\n<p>El Banco de Corrientes fue anfitri\u00f3n del evento \u201cEconom\u00eda Argentina \u2013 PyMES en Acci\u00f3n: Corrientes\u201d, un encuentro pensado para empresarios, emprendedores, profesionales y p\u00fablico interesado en conocer de primera mano el contexto econ\u00f3mico y las oportunidades del sector. La actividad se realiz\u00f3 el mi\u00e9rcoles 13 de agosto en el Auditorio Juli\u00e1n Zini del BanCo, ubicado en Blas Benjam\u00edn de la Vega 1699 de la capital correntina.<\/p>\n\n\n\n<p>La propuesta reuni\u00f3 a referentes del?Instituto de Estudios sobre la Realidad Argentina y Latinoamericana (IERAL) de la Fundaci\u00f3n Mediterr\u00e1nea y al economista Andr\u00e9s Borenstein, quienes brindaron una visi\u00f3n t\u00e9cnica y actualizada?sobre la situaci\u00f3n del pa\u00eds, la regi\u00f3n y tambi\u00e9n el escenario internacional.<\/p>\n\n\n\n<p>La apertura del encuentro estuvo encabezada por el gobernador Gustavo Vald\u00e9s, la presidenta del Banco de Corrientes, Laura Sprovieri y el ministro de Producci\u00f3n de Corrientes, Claudio Anselmo. Luego se realizaron las disertaciones de Borenstein; Marcos Cohen Arazi, economista IERAL PyME; y Gerardo Alonso Schwarz, el economista jefe IERAL NEA.<\/p>\n\n\n\n<p>Es preciso mencionar, que el cierre estuvo a cargo de Osvaldo Giordano, presidente del IERAL.<\/p>\n\n\n\n<p>El programa del encuentro incluy\u00f3, adem\u00e1s, un conversatorio con los empresarios Stuart Navajas (Establecimiento Las Mar\u00edas); Valeria Rol\u00f3n (La Alondra) y Gustavo Sicco (Compa\u00f1\u00eda Log\u00edstica Argentina), enfocado enexperiencias reales que muestran c\u00f3mo la innovaci\u00f3n, el crecimiento y lasuperaci\u00f3n de obst\u00e1culos se traducen en resultados para las PyMES. El objetivo fue ofrecer una plataforma de intercambio que permita identificar buenas pr\u00e1cticas y abrir nuevas l\u00edneas de trabajo conjunto.<\/p>\n\n\n\n<p>Con esta iniciativa, el Banco de Corrientes reafirma una vez m\u00e1s su compromiso de acercar herramientas y conocimiento al entramado productivo local, promoviendo el di\u00e1logo p\u00fablico\u2013privado y lacompetitividad de las PyMES correntinas. Una oportunidad concreta para actualizar perspectivas, compartir aprendizajes y potenciar el desarrollo del sector en toda la provincia.<\/p>\n","protected":false},"excerpt":{"rendered":"<p>Economistas, autoridades provinciales y empresarios se reunieron para compartir an\u00e1lisis, experiencias y propuestas que fortalezcan a la peque\u00f1a y mediana industria correntina. El Banco de Corrientes fue anfitri\u00f3n del evento&hellip; <\/p>\n","protected":false},"author":4,"featured_media":222372,"comment_status":"closed","ping_status":"open","sticky":false,"template":"","format":"standard","meta":{"footnotes":""},"categories":[23],"tags":[],"class_list":["post-222358","post","type-post","status-publish","format-standard","has-post-thumbnail","hentry","category-actualidad"],"_links":{"self":[{"href":"https:\/\/corrientesdetarde.com\/index.php\/wp-json\/wp\/v2\/posts\/222358","targetHints":{"allow":["GET"]}}],"collection":[{"href":"https:\/\/corrientesdetarde.com\/index.php\/wp-json\/wp\/v2\/posts"}],"about":[{"href":"https:\/\/corrientesdetarde.com\/index.php\/wp-json\/wp\/v2\/types\/post"}],"author":[{"embeddable":true,"href":"https:\/\/corrientesdetarde.com\/index.php\/wp-json\/wp\/v2\/users\/4"}],"replies":[{"embeddable":true,"href":"https:\/\/corrientesdetarde.com\/index.php\/wp-json\/wp\/v2\/comments?post=222358"}],"version-history":[{"count":1,"href":"https:\/\/corrientesdetarde.com\/index.php\/wp-json\/wp\/v2\/posts\/222358\/revisions"}],"predecessor-version":[{"id":222373,"href":"https:\/\/corrientesdetarde.com\/index.php\/wp-json\/wp\/v2\/posts\/222358\/revisions\/222373"}],"wp:featuredmedia":[{"embeddable":true,"href":"https:\/\/corrientesdetarde.com\/index.php\/wp-json\/wp\/v2\/media\/222372"}],"wp:attachment":[{"href":"https:\/\/corrientesdetarde.com\/index.php\/wp-json\/wp\/v2\/media?parent=222358"}],"wp:term":[{"taxonomy":"category","embeddable":true,"href":"https:\/\/corrientesdetarde.com\/index.php\/wp-json\/wp\/v2\/categories?post=222358"},{"taxonomy":"post_tag","embeddable":true,"href":"https:\/\/corrientesdetarde.com\/index.php\/wp-json\/wp\/v2\/tags?post=222358"}],"curies":[{"name":"wp","href":"https:\/\/api.w.org\/{rel}","templated":true}]}}