{"id":222359,"date":"2025-08-14T19:48:02","date_gmt":"2025-08-14T22:48:02","guid":{"rendered":"https:\/\/corrientesdetarde.com\/?p=222359"},"modified":"2025-08-14T19:48:07","modified_gmt":"2025-08-14T22:48:07","slug":"educacion-tecnica-trabaja-en-la-creacion-del-primer-foro-sectorial-del-sector-puertos","status":"publish","type":"post","link":"https:\/\/corrientesdetarde.com\/index.php\/actualidad\/educacion-tecnica-trabaja-en-la-creacion-del-primer-foro-sectorial-del-sector-puertos\/","title":{"rendered":"Educaci\u00f3n T\u00e9cnica trabaja en la creaci\u00f3n del Primer Foro Sectorial del sector Puertos"},"content":{"rendered":"\n<p>El director de Educaci\u00f3n T\u00e9cnico Profesional Jorge Luis Aramendi, se reuni\u00f3 el jueves \u00faltimo con el referente de la Direcci\u00f3n de Puertos de la Provincia Adolfo Escobar Damus.<\/p>\n\n\n\n<p>El encuentro, desarrollado en el marco del Consejo Provincial de Educaci\u00f3n, Trabajo y Producci\u00f3n, tuvo como objetivo dise\u00f1ar el Primer Foro Sectorial del sector Puertos, espacio que permitir\u00e1 relevar las demandas vinculadas a figuras formativas clave en la cadena de suministros, entre otros aspectos centrales para el fortalecimiento de la actividad portuaria.<\/p>\n\n\n\n<p>Un paso estrat\u00e9gico hacia la formaci\u00f3n de perfiles profesionales alineados con las necesidades reales del sector.<\/p>\n\n\n\n<p>Tambi\u00e9n participaron de la reuni\u00f3n Ram\u00f3n Sampayo y Alfredo Ben\u00edtez, de la Director de Educaci\u00f3n T\u00e9cnico Profesional.<\/p>\n","protected":false},"excerpt":{"rendered":"<p>El director de Educaci\u00f3n T\u00e9cnico Profesional Jorge Luis Aramendi, se reuni\u00f3 el jueves \u00faltimo con el referente de la Direcci\u00f3n de Puertos de la Provincia Adolfo Escobar Damus. El encuentro,&hellip; <\/p>\n","protected":false},"author":4,"featured_media":222362,"comment_status":"closed","ping_status":"open","sticky":false,"template":"","format":"standard","meta":{"footnotes":""},"categories":[23],"tags":[],"class_list":["post-222359","post","type-post","status-publish","format-standard","has-post-thumbnail","hentry","category-actualidad"],"_links":{"self":[{"href":"https:\/\/corrientesdetarde.com\/index.php\/wp-json\/wp\/v2\/posts\/222359","targetHints":{"allow":["GET"]}}],"collection":[{"href":"https:\/\/corrientesdetarde.com\/index.php\/wp-json\/wp\/v2\/posts"}],"about":[{"href":"https:\/\/corrientesdetarde.com\/index.php\/wp-json\/wp\/v2\/types\/post"}],"author":[{"embeddable":true,"href":"https:\/\/corrientesdetarde.com\/index.php\/wp-json\/wp\/v2\/users\/4"}],"replies":[{"embeddable":true,"href":"https:\/\/corrientesdetarde.com\/index.php\/wp-json\/wp\/v2\/comments?post=222359"}],"version-history":[{"count":1,"href":"https:\/\/corrientesdetarde.com\/index.php\/wp-json\/wp\/v2\/posts\/222359\/revisions"}],"predecessor-version":[{"id":222363,"href":"https:\/\/corrientesdetarde.com\/index.php\/wp-json\/wp\/v2\/posts\/222359\/revisions\/222363"}],"wp:featuredmedia":[{"embeddable":true,"href":"https:\/\/corrientesdetarde.com\/index.php\/wp-json\/wp\/v2\/media\/222362"}],"wp:attachment":[{"href":"https:\/\/corrientesdetarde.com\/index.php\/wp-json\/wp\/v2\/media?parent=222359"}],"wp:term":[{"taxonomy":"category","embeddable":true,"href":"https:\/\/corrientesdetarde.com\/index.php\/wp-json\/wp\/v2\/categories?post=222359"},{"taxonomy":"post_tag","embeddable":true,"href":"https:\/\/corrientesdetarde.com\/index.php\/wp-json\/wp\/v2\/tags?post=222359"}],"curies":[{"name":"wp","href":"https:\/\/api.w.org\/{rel}","templated":true}]}}