{"id":222367,"date":"2025-08-14T20:59:58","date_gmt":"2025-08-14T23:59:58","guid":{"rendered":"https:\/\/corrientesdetarde.com\/?p=222367"},"modified":"2025-08-14T21:00:01","modified_gmt":"2025-08-15T00:00:01","slug":"valdes-inauguro-la-pavimentacion-del-acceso-al-barrio-esperanza-y-anuncio-continuar-con-obras-urbanas-en-la-zona","status":"publish","type":"post","link":"https:\/\/corrientesdetarde.com\/index.php\/locales\/valdes-inauguro-la-pavimentacion-del-acceso-al-barrio-esperanza-y-anuncio-continuar-con-obras-urbanas-en-la-zona\/","title":{"rendered":"Vald\u00e9s inaugur\u00f3 la pavimentaci\u00f3n del acceso al barrio Esperanza y anunci\u00f3 continuar con obras urbanas en la zona"},"content":{"rendered":"\n<p>El gobernador Gustavo Vald\u00e9s encabez\u00f3 este jueves, el acto de inauguraci\u00f3n de la pavimentaci\u00f3n del acceso al barrio Esperanza ubicado en las inmediaciones de las avenidas Maip\u00fa y Mario Payes. All\u00ed el mandatario remarc\u00f3 la importancia de invertir en la obra p\u00fablica en la capital ante el trabajo articulado de Provincia y Municipio.<\/p>\n\n\n\n<p>En la zona se realizaron tareas de 1300 metros lineales de doble calzada de siete metros de ancho cada una, con retornos y parterre, iluminaci\u00f3n LED y semaforizaci\u00f3n en su cruce con la avenida Maip\u00fa.<\/p>\n\n\n\n<p>En la oportunidad, el gobernador Gustavo Vald\u00e9s calific\u00f3 la obra como \u201cun cambio fundamental en la calidad de vida de los vecinos\u201d ya que \u201cera central que Corrientes comience a hacer obras en la Capital y para eso, tuvimos que empezar de muy atr\u00e1s porque ten\u00edamos muchas calles que necesitaban intervenci\u00f3n y ac\u00e1 hicimos casi 3 km de avenida\u201d.<\/p>\n\n\n\n<figure class=\"wp-block-image size-large\"><img loading=\"lazy\" decoding=\"async\" width=\"1024\" height=\"763\" src=\"https:\/\/corrientesdetarde.com\/wp-content\/uploads\/2025\/08\/image-606-1024x763.png\" alt=\"\" class=\"wp-image-222369\" srcset=\"https:\/\/corrientesdetarde.com\/wp-content\/uploads\/2025\/08\/image-606-1024x763.png 1024w, https:\/\/corrientesdetarde.com\/wp-content\/uploads\/2025\/08\/image-606-300x224.png 300w, https:\/\/corrientesdetarde.com\/wp-content\/uploads\/2025\/08\/image-606-768x573.png 768w, https:\/\/corrientesdetarde.com\/wp-content\/uploads\/2025\/08\/image-606.png 1210w\" sizes=\"auto, (max-width: 1024px) 100vw, 1024px\" \/><\/figure>\n\n\n\n<p>En dicho marco, el mandatario reafirm\u00f3 que \u201cnosotros a los vecinos del barrio Esperanza no los olvidamos y estamos haciendo la obra m\u00e1s importante de la zona\u201d.<\/p>\n\n\n\n<p>Asimismo, resalt\u00f3 la importancia de la coordinaci\u00f3n entre el Gobierno provincial y la Municipalidad de la ciudad de Corrientes para concretar este tipo de proyectos: \u201cSi no tenemos acuerdo entre Municipalidad y Provincia, es imposible avanzar con las obras de infraestructura que necesita la Capital. Tiene que haber inversi\u00f3n\u201d, se\u00f1al\u00f3.<\/p>\n\n\n\n<p>De esta forma, Vald\u00e9s anunci\u00f3 que junto a la Municipalidad de Corrientes llevar\u00e1n adelante la concreci\u00f3n de las calles linderas de la zona y \u201cavanzaremos en la construcci\u00f3n de una comisaria nueva en el barrio\u201d porque \u201ctodos merecemos vivir bien y tenemos que seguir trabajando para que la provincia siga creciendo y eso implica en invertir bien en Corrientes\u201d.<\/p>\n\n\n\n<p>Adem\u00e1s, adelant\u00f3 que \u201cantes de fin de a\u00f1o vamos estar haciendo bici senda para mejorar la circulaci\u00f3n en la zona\u201d. \u201cPara ver estos resultados nos cost\u00f3 mucho tiempo organizarnos para que tener obras p\u00fablicas en cada uno de los municipios y capital no era la excepci\u00f3n y por eso avanzamos con obras\u201d, remarc\u00f3.<\/p>\n\n\n\n<p>Continuando, el mandatario dio cuenta que esta obra p\u00fablica \u201cmejora la vida de quienes transitan todos los d\u00edas, van a la escuela, al hospital, y deja atr\u00e1s el polvo y el barro\u201d.<\/p>\n\n\n\n<p>Finalmente, Vald\u00e9s llam\u00f3 a unirse con \u201clos municipios de Laguna Brava y Riachuelo porque si no lo hacemos tendremos falencias y d\u00e9ficit y necesitamos seguir invirtiendo en los barrios\u201d.<\/p>\n\n\n\n<p>Finalmente, record\u00f3 que \u201cdurante mucho tiempo la provincia se administraba mal y no alcanzaba para obras que cambian la ciudad y los pueblos\u201d y sostuvo que su gesti\u00f3n \u201cdeja la vara alta\u201d en materia de infraestructura. \u201cTenemos que seguir creciendo y haciendo inversiones en infraestructura, industria y producci\u00f3n\u201d, afirm\u00f3.<\/p>\n\n\n\n<p><strong>Apuesta al futuro<\/strong><\/p>\n\n\n\n<p>Por su parte, el ministro de Obras P\u00fablicas, Claudio Polich resalt\u00f3 la importancia de la obra diciendo que \u201chaber concretado esta obra es una forma de invertir en infraestructura en la Capital\u201d donde \u201cvemos el compromiso del Gobierno provincial que pudo culminar los trabajos solicitados\u201d.<\/p>\n\n\n\n<p>\u201cEn la zona contamos estrat\u00e9gicamente con avances donde trabajamos con m\u00e1s de 3 mil metros lineales de pavimentaci\u00f3n d\u00e1ndole as\u00ed, una din\u00e1mica al barrio para mejorar la transitabilidad\u201d, detall\u00f3 el ministro y a la vez, dio cuenta que \u201cest\u00e1 es la inversi\u00f3n m\u00e1s importante y para seguir en esta l\u00ednea nos queda continuar trabajando e invirtiendo juntos para construir una mejor ciudad\u201d, cerr\u00f3.<\/p>\n\n\n\n<p><strong>Articulaci\u00f3n con Provincia<\/strong><\/p>\n\n\n\n<p>En tanto, el intendente de la ciudad, Eduardo Tassano hizo menci\u00f3n de los reiterados pedidos de los vecinos para contar con mejoras en la zona y \u201choy son una realidad, gracias al trabajo mancomunado que llevamos adelante con el Gobierno provincial\u201d.<\/p>\n\n\n\n<p>En ese sentido, el jefe comunal destac\u00f3 que las obras brindar\u00e1n mejoras en la calidad de vida y transitabilidad en el lugar y reiter\u00f3 que \u201capostamos a continuar con mejoras pensando con una visi\u00f3n a futuro\u201d.<\/p>\n\n\n\n<p><strong>Presencias<\/strong><\/p>\n\n\n\n<p>En la ocasi\u00f3n, adem\u00e1s los mencionados anteriormente, acompa\u00f1aron al gobernador, los ministros de Seguridad, Alfredo Vallejos, de Ciencia y Tecnolog\u00eda, Natalia Romero, los intendentes de Ituzaing\u00f3, Juan Pablo Vald\u00e9s, de Riachuelo, Mart\u00edn Jetter, concejales, legisladores provinciales y nacionales, vecinos, entre otros.<\/p>\n","protected":false},"excerpt":{"rendered":"<p>El gobernador Gustavo Vald\u00e9s encabez\u00f3 este jueves, el acto de inauguraci\u00f3n de la pavimentaci\u00f3n del acceso al barrio Esperanza ubicado en las inmediaciones de las avenidas Maip\u00fa y Mario Payes.&hellip; <\/p>\n","protected":false},"author":4,"featured_media":222370,"comment_status":"closed","ping_status":"open","sticky":false,"template":"","format":"standard","meta":{"footnotes":""},"categories":[8],"tags":[],"class_list":["post-222367","post","type-post","status-publish","format-standard","has-post-thumbnail","hentry","category-locales"],"_links":{"self":[{"href":"https:\/\/corrientesdetarde.com\/index.php\/wp-json\/wp\/v2\/posts\/222367","targetHints":{"allow":["GET"]}}],"collection":[{"href":"https:\/\/corrientesdetarde.com\/index.php\/wp-json\/wp\/v2\/posts"}],"about":[{"href":"https:\/\/corrientesdetarde.com\/index.php\/wp-json\/wp\/v2\/types\/post"}],"author":[{"embeddable":true,"href":"https:\/\/corrientesdetarde.com\/index.php\/wp-json\/wp\/v2\/users\/4"}],"replies":[{"embeddable":true,"href":"https:\/\/corrientesdetarde.com\/index.php\/wp-json\/wp\/v2\/comments?post=222367"}],"version-history":[{"count":1,"href":"https:\/\/corrientesdetarde.com\/index.php\/wp-json\/wp\/v2\/posts\/222367\/revisions"}],"predecessor-version":[{"id":222371,"href":"https:\/\/corrientesdetarde.com\/index.php\/wp-json\/wp\/v2\/posts\/222367\/revisions\/222371"}],"wp:featuredmedia":[{"embeddable":true,"href":"https:\/\/corrientesdetarde.com\/index.php\/wp-json\/wp\/v2\/media\/222370"}],"wp:attachment":[{"href":"https:\/\/corrientesdetarde.com\/index.php\/wp-json\/wp\/v2\/media?parent=222367"}],"wp:term":[{"taxonomy":"category","embeddable":true,"href":"https:\/\/corrientesdetarde.com\/index.php\/wp-json\/wp\/v2\/categories?post=222367"},{"taxonomy":"post_tag","embeddable":true,"href":"https:\/\/corrientesdetarde.com\/index.php\/wp-json\/wp\/v2\/tags?post=222367"}],"curies":[{"name":"wp","href":"https:\/\/api.w.org\/{rel}","templated":true}]}}