{"id":222398,"date":"2025-08-15T06:52:11","date_gmt":"2025-08-15T09:52:11","guid":{"rendered":"https:\/\/corrientesdetarde.com\/?p=222398"},"modified":"2025-08-15T06:52:23","modified_gmt":"2025-08-15T09:52:23","slug":"elecciones-corrientes-2025-quienes-pueden-votar-el-31-de-agosto","status":"publish","type":"post","link":"https:\/\/corrientesdetarde.com\/index.php\/politica\/elecciones-corrientes-2025-quienes-pueden-votar-el-31-de-agosto\/","title":{"rendered":"Elecciones Corrientes 2025: qui\u00e9nes pueden votar el 31 de agosto"},"content":{"rendered":"\n<p>La provincia renueva autoridades en una elecci\u00f3n clave, con nuevas opciones digitales para consultar el padr\u00f3n y una amplia oferta de candidatos que buscan captar el voto de un electorado diverso<\/p>\n\n\n\n<p>El 31 de agosto, la provincia de Corrientes ir\u00e1 a las urnas para elegir a los reemplazantes de los legisladores, cuyo mandato finaliza el 10 de diciembre de 2025. Esta elecci\u00f3n, formalizada a trav\u00e9s de un decreto por el gobernador Gustavo Vald\u00e9s, se inscribe en el marco de las elecciones legislativas provinciales de este a\u00f1o.<\/p>\n\n\n\n<p>Se renovar\u00e1n los principales cargos de la administraci\u00f3n local. El foco estar\u00e1 en la selecci\u00f3n de cinco senadores provinciales titulares y tres suplentes, as\u00ed como de 15 diputados provinciales titulares y ocho suplentes.<\/p>\n\n\n\n<p>&nbsp;<br>No obstante, la cita electoral no se limita a la composici\u00f3n del parlamento local. Como lo indica el Art\u00edculo 4\u00b0 de la convocatoria, tambi\u00e9n se elegir\u00e1 en simult\u00e1neo al pr\u00f3ximo gobernador y vicegobernador de Corrientes.<\/p>\n\n\n\n<p><strong>Qui\u00e9nes pueden votar en las elecciones de Corrientes el 31 de agosto<\/strong><\/p>\n\n\n\n<p><br>Seg\u00fan lo estipulado en el Art\u00edculo 1\u00b0 del C\u00f3digo Electoral local, son electores nacionales todos los ciudadanos nativos, por opci\u00f3n y naturalizados, de ambos sexos, que hayan cumplido los dieciocho a\u00f1os de edad. Esta disposici\u00f3n incluye a quienes no se encuentren alcanzados por ninguna de las inhabilitaciones detalladas en la ley correspondiente. De esta manera, la provincia garantiza la participaci\u00f3n de una amplia franja del electorado, alineando su normativa con los est\u00e1ndares nacionales en materia de ciudadan\u00eda y ejercicio democr\u00e1tico.<\/p>\n\n\n\n<p>&nbsp;<br>Para poder ejercer el voto, los ciudadanos deben confirmar su inclusi\u00f3n en el padr\u00f3n definitivo de electores. El Poder Judicial de la Provincia de Corrientes ofrece un sistema digital a trav\u00e9s de su p\u00e1gina web oficial, donde los interesados pueden consultar de forma r\u00e1pida y sencilla su lugar de votaci\u00f3n.<\/p>\n\n\n\n<h3 class=\"wp-block-heading\">&nbsp;<br>Los documentos v\u00e1lidos para votar<\/h3>\n\n\n\n<p><br>Documento Nacional de Identidad (DNI)<br>Libreta C\u00edvica<br>Libreta de Enrolamiento<br>Un matiz crucial de la normativa es que el elector no podr\u00e1 votar si presenta un documento c\u00edvico anterior al que figura en el padr\u00f3n, o si presenta una libreta de enrolamiento o libreta c\u00edvica cuando en el padr\u00f3n figura con un DNI.<\/p>\n\n\n\n<h3 class=\"wp-block-heading\">Qui\u00e9nes son los candidatos que se presentan<\/h3>\n\n\n\n<p><br>El escenario electoral est\u00e1 marcado por la presencia de m\u00faltiples f\u00f3rmulas candidatas a la gobernaci\u00f3n y la vicegobernaci\u00f3n. La fragmentaci\u00f3n en el oficialismo, encabezado hist\u00f3ricamente por la Uni\u00f3n C\u00edvica Radical (UCR), ha generado una oferta diversa y competitiva, en la que intervienen actores tradicionales y emergentes.<\/p>\n\n\n\n<p>Al menos siete fuerzas compiten por los cargos ejecutivos principales. Dos de ellas, &#8220;Vamos Corrientes&#8221; y &#8220;Encuentro por Corrientes &#8211; Eco&#8221;, surgen directamente de una divisi\u00f3n interna dentro del sector oficialista. &#8220;Vamos Corrientes&#8221; lleva como candidato a Juan Pablo Vald\u00e9s, hermano del actual gobernador, Gustavo Vald\u00e9s.<\/p>\n\n\n\n<p>Por otro lado, &#8220;Encuentro por Corrientes &#8211; Eco&#8221; est\u00e1 liderado por el ex gobernador Ricardo Colombi, referente de larga data en la pol\u00edtica local, que presenta un espacio alternativo dentro de la misma tradici\u00f3n pol\u00edtica.<\/p>\n\n\n\n<p>Al margen de las divisiones internas del oficialismo, dos proyectos opositores concentran buena parte de la atenci\u00f3n. La Libertad Avanza, la fuerza libertaria que responde al presidente Javier Milei, postula al diputado Lisandro Almir\u00f3n como candidato a gobernador. La campa\u00f1a cuenta con apoyo expl\u00edcito del gobierno nacional y busca capitalizar el descontento con el oficialismo provincial bajo el lema de transformaci\u00f3n institucional y econ\u00f3mica.<\/p>\n\n\n\n<p>Mientras que el justicialismo re\u00fane fuerzas en la alianza denominada &#8220;Limpiar Corrientes&#8221;, con el intendente de Paso de los Libres, Mart\u00edn Asc\u00faa, como principal aspirante.<\/p>\n\n\n\n<h3 class=\"wp-block-heading\">Adem\u00e1s de estos espacios, completan la oferta electoral los partidos:<\/h3>\n\n\n\n<p>Cambia Corrientes: Propone la f\u00f3rmula de Sonia Beatriz L\u00f3pez para gobernadora y Ra\u00fal Ricardo Dal Lago para vicegobernador.<\/p>\n\n\n\n<p><br>Partido AHORA: Presenta a Carlos Ezequiel Romero como candidato a gobernador y a Ana Constanza Casaro Qui\u00f1ones para vicegobernadora.<\/p>\n\n\n\n<p><br>Partido de la Esperanza: Postula a Adriana Leila Vega como candidata a gobernadora y a Andr\u00e9s Fabi\u00e1n Barboza para vicegobernador.<\/p>\n\n\n\n<h3 class=\"wp-block-heading\">D\u00f3nde voto: el padr\u00f3n para las elecciones Corrientes 2025<\/h3>\n\n\n\n<p><br>El acceso a esta informaci\u00f3n se realiza de manera digital a trav\u00e9s de la web oficial del Poder Judicial de la Provincia de Corrientes, que administra y publica los datos oficiales vinculados al proceso electoral.<\/p>\n\n\n\n<p>Los ciudadanos deben ingresar en el apartado de &#8220;Elecciones&#8221; del sitio institucional y localizar la noticia identificada como &#8220;Consulta al Padr\u00f3n Definitivo \u2013 Elecciones Provinciales del 31 de Agosto&#8221;. Al acceder, aparece un enlace denominado &#8220;Consulte el Padr\u00f3n Definitivo aqu\u00ed&#8221;, que remite a una segunda pantalla. En ese punto, se solicita al votante que introduzca su n\u00famero de Documento Nacional de Identidad (DNI) y escoja su g\u00e9nero entre las opciones disponibles (Masculino, Femenino o No Binario).<\/p>\n\n\n\n<p>El sistema devuelve los datos exactos: la mesa asignada y el orden de votaci\u00f3n, informaci\u00f3n esencial para una participaci\u00f3n ordenada.<\/p>\n","protected":false},"excerpt":{"rendered":"<p>La provincia renueva autoridades en una elecci\u00f3n clave, con nuevas opciones digitales para consultar el padr\u00f3n y una amplia oferta de candidatos que buscan captar el voto de un electorado&hellip; <\/p>\n","protected":false},"author":4,"featured_media":222399,"comment_status":"closed","ping_status":"open","sticky":false,"template":"","format":"standard","meta":{"footnotes":""},"categories":[3],"tags":[],"class_list":["post-222398","post","type-post","status-publish","format-standard","has-post-thumbnail","hentry","category-politica"],"_links":{"self":[{"href":"https:\/\/corrientesdetarde.com\/index.php\/wp-json\/wp\/v2\/posts\/222398","targetHints":{"allow":["GET"]}}],"collection":[{"href":"https:\/\/corrientesdetarde.com\/index.php\/wp-json\/wp\/v2\/posts"}],"about":[{"href":"https:\/\/corrientesdetarde.com\/index.php\/wp-json\/wp\/v2\/types\/post"}],"author":[{"embeddable":true,"href":"https:\/\/corrientesdetarde.com\/index.php\/wp-json\/wp\/v2\/users\/4"}],"replies":[{"embeddable":true,"href":"https:\/\/corrientesdetarde.com\/index.php\/wp-json\/wp\/v2\/comments?post=222398"}],"version-history":[{"count":1,"href":"https:\/\/corrientesdetarde.com\/index.php\/wp-json\/wp\/v2\/posts\/222398\/revisions"}],"predecessor-version":[{"id":222400,"href":"https:\/\/corrientesdetarde.com\/index.php\/wp-json\/wp\/v2\/posts\/222398\/revisions\/222400"}],"wp:featuredmedia":[{"embeddable":true,"href":"https:\/\/corrientesdetarde.com\/index.php\/wp-json\/wp\/v2\/media\/222399"}],"wp:attachment":[{"href":"https:\/\/corrientesdetarde.com\/index.php\/wp-json\/wp\/v2\/media?parent=222398"}],"wp:term":[{"taxonomy":"category","embeddable":true,"href":"https:\/\/corrientesdetarde.com\/index.php\/wp-json\/wp\/v2\/categories?post=222398"},{"taxonomy":"post_tag","embeddable":true,"href":"https:\/\/corrientesdetarde.com\/index.php\/wp-json\/wp\/v2\/tags?post=222398"}],"curies":[{"name":"wp","href":"https:\/\/api.w.org\/{rel}","templated":true}]}}