{"id":222401,"date":"2025-08-15T06:53:22","date_gmt":"2025-08-15T09:53:22","guid":{"rendered":"https:\/\/corrientesdetarde.com\/?p=222401"},"modified":"2025-08-15T06:53:23","modified_gmt":"2025-08-15T09:53:23","slug":"pareja-de-correntinos-fue-a-vender-oro-al-chaco-y-fueron-asaltados-a-mano-armada","status":"publish","type":"post","link":"https:\/\/corrientesdetarde.com\/index.php\/policiales\/pareja-de-correntinos-fue-a-vender-oro-al-chaco-y-fueron-asaltados-a-mano-armada\/","title":{"rendered":"Pareja de correntinos fue a vender oro al Chaco y fueron asaltados a mano armada"},"content":{"rendered":"\n<p>Seg\u00fan la investigaci\u00f3n, las v\u00edctimas, una joven de 25 a\u00f1os y un joven de 27, hab\u00edan pactado por redes sociales la compra de oro en una vivienda de calle Irup\u00e9 al 1073, de la ciudad de Resistencia. Al llegar, fueron sorprendidos por tres hombres armados que les sustrajeron $ 1.500.000, 1.500 d\u00f3lares, dos anillos de oro y dos tel\u00e9fonos iPhone 13 y 15. Durante el robo, uno de los atacantes efectu\u00f3 un disparo al suelo antes de huir a pie.<\/p>\n\n\n\n<p><a href=\"https:\/\/api.whatsapp.com\/send?text=Pareja%20de%20correntinos%20fue%20a%20vender%20oro%20al%20Chaco%20y%20fueron%20asaltados%20a%20mano%20armada%20-%20https:\/\/www.radiodos.com.ar\/195043-pareja-de-correntinos-fue-a-vender-oro-al-chaco-y-fueron-asaltados-a-mano-armada?utm_source=WhatsApp%26utm_medium=WhatsApp%26utm_campaign=WhatsApp%26utm_term=WhatsApp\" target=\"_blank\" rel=\"noreferrer noopener\"><\/a><a href=\"https:\/\/facebook.com\/\"><\/a><a href=\"https:\/\/twitter.com\/\"><\/a><br>La pesquisa, a cargo del Departamento de Investigaciones Complejas, permiti\u00f3 identificar a uno de los presuntos autores como L.O.F, residente en la misma zona.<\/p>\n\n\n\n<p>La madre del joven, al tomar conocimiento, manifest\u00f3 su intenci\u00f3n de entregarlo y revel\u00f3 que estaba acompa\u00f1ado de su primo, A.O.<\/p>\n\n\n\n<p>Durante recorridas en el barrio Los Teros, efectivos de la Divisi\u00f3n Enlace Operativo Metropolitana localizaron a un joven con las caracter\u00edsticas f\u00edsicas aportadas.<\/p>\n\n\n\n<p>Al advertir la presencia policial, intent\u00f3 escapar, pero fue r\u00e1pidamente reducido en inmediaciones de avenida Italia y calle Combate Vuelta de Obligado.<\/p>\n\n\n\n<p>Al verificar sus datos en el sistema SiGeBi, constataron que el menor ten\u00eda un pedido activo de restricci\u00f3n vigente. Fue trasladado a la Divisi\u00f3n Medicina Legal y luego remitido a la Comisar\u00eda Segunda, donde continuar\u00e1 a disposici\u00f3n de la Justicia.<\/p>\n\n\n\n<p>Las autoridades informaron que las diligencias contin\u00faan para dar con los otros implicados y recuperar los bienes sustra\u00eddos.<\/p>\n","protected":false},"excerpt":{"rendered":"<p>Seg\u00fan la investigaci\u00f3n, las v\u00edctimas, una joven de 25 a\u00f1os y un joven de 27, hab\u00edan pactado por redes sociales la compra de oro en una vivienda de calle Irup\u00e9&hellip; <\/p>\n","protected":false},"author":4,"featured_media":222402,"comment_status":"closed","ping_status":"open","sticky":false,"template":"","format":"standard","meta":{"footnotes":""},"categories":[33],"tags":[],"class_list":["post-222401","post","type-post","status-publish","format-standard","has-post-thumbnail","hentry","category-policiales"],"_links":{"self":[{"href":"https:\/\/corrientesdetarde.com\/index.php\/wp-json\/wp\/v2\/posts\/222401","targetHints":{"allow":["GET"]}}],"collection":[{"href":"https:\/\/corrientesdetarde.com\/index.php\/wp-json\/wp\/v2\/posts"}],"about":[{"href":"https:\/\/corrientesdetarde.com\/index.php\/wp-json\/wp\/v2\/types\/post"}],"author":[{"embeddable":true,"href":"https:\/\/corrientesdetarde.com\/index.php\/wp-json\/wp\/v2\/users\/4"}],"replies":[{"embeddable":true,"href":"https:\/\/corrientesdetarde.com\/index.php\/wp-json\/wp\/v2\/comments?post=222401"}],"version-history":[{"count":1,"href":"https:\/\/corrientesdetarde.com\/index.php\/wp-json\/wp\/v2\/posts\/222401\/revisions"}],"predecessor-version":[{"id":222403,"href":"https:\/\/corrientesdetarde.com\/index.php\/wp-json\/wp\/v2\/posts\/222401\/revisions\/222403"}],"wp:featuredmedia":[{"embeddable":true,"href":"https:\/\/corrientesdetarde.com\/index.php\/wp-json\/wp\/v2\/media\/222402"}],"wp:attachment":[{"href":"https:\/\/corrientesdetarde.com\/index.php\/wp-json\/wp\/v2\/media?parent=222401"}],"wp:term":[{"taxonomy":"category","embeddable":true,"href":"https:\/\/corrientesdetarde.com\/index.php\/wp-json\/wp\/v2\/categories?post=222401"},{"taxonomy":"post_tag","embeddable":true,"href":"https:\/\/corrientesdetarde.com\/index.php\/wp-json\/wp\/v2\/tags?post=222401"}],"curies":[{"name":"wp","href":"https:\/\/api.w.org\/{rel}","templated":true}]}}