{"id":222404,"date":"2025-08-15T08:00:13","date_gmt":"2025-08-15T11:00:13","guid":{"rendered":"https:\/\/corrientesdetarde.com\/?p=222404"},"modified":"2025-08-15T08:00:25","modified_gmt":"2025-08-15T11:00:25","slug":"inauguraron-la-pavimentacion-del-acceso-al-barrio-esperanza","status":"publish","type":"post","link":"https:\/\/corrientesdetarde.com\/index.php\/actualidad\/inauguraron-la-pavimentacion-del-acceso-al-barrio-esperanza\/","title":{"rendered":"Inauguraron la pavimentaci\u00f3n del acceso al barrio Esperanza"},"content":{"rendered":"\n<p>La obra tuvo una inversi\u00f3n de $2.400 millones y consiste en 1.300 metros lineales de doble calzada de siete metros de ancho cada una, con retornos y parterre, iluminaci\u00f3n LED y semaforizaci\u00f3n en su cruce con Maip\u00fa.<\/p>\n\n\n\n<p>El gobernador Gustavo Vald\u00e9s encabez\u00f3 el acto de inauguraci\u00f3n de la pavimentaci\u00f3n del acceso al barrio Esperanza, ubicado en las inmediaciones de las avenidas Maip\u00fa y Mario Payes. All\u00ed el mandatario remarc\u00f3 la importancia de invertir en la obra p\u00fablica en la capital ante el trabajo articulado de Provincia y Municipio.<\/p>\n\n\n\n<p>En la zona se realizaron tareas de 1.300 metros lineales de doble calzada de siete metros de ancho cada una, con retornos y parterre, iluminaci\u00f3n LED y semaforizaci\u00f3n en su cruce con Maip\u00fa. Se invirtieron m\u00e1s de $2.400 millones con el fin de apuntalar la interconexi\u00f3n vial de la Capital.<\/p>\n\n\n\n<p>En la oportunidad, el gobernador Vald\u00e9s calific\u00f3 la obra como &#8220;un cambio fundamental en la calidad de vida de los vecinos&#8221; ya que &#8220;era central que Corrientes comience a hacer obras en la Capital y para eso, tuvimos que empezar de muy atr\u00e1s porque ten\u00edamos muchas calles que necesitaban intervenci\u00f3n y ac\u00e1 hicimos casi 3 km de avenida&#8221;.<\/p>\n\n\n\n<p>En dicho marco, el Mandatario reafirm\u00f3 que &#8220;nosotros a los vecinos del barrio Esperanza no los olvidamos y estamos haciendo la obra m\u00e1s importante de la zona&#8221;.<\/p>\n\n\n\n<figure class=\"wp-block-image\"><img decoding=\"async\" src=\"https:\/\/www.diarioepoca.com\/content\/bucket\/0\/1443610w380h262c.jpg.webp\" alt=\"\"\/><\/figure>\n\n\n\n<p>Asimismo, resalt\u00f3 la importancia de la coordinaci\u00f3n entre el Gobierno provincial y la Municipalidad de la ciudad de Corrientes para concretar este tipo de proyectos: &#8220;Si no tenemos acuerdo entre Municipalidad y Provincia, es imposible avanzar con las obras de infraestructura que necesita la Capital. Tiene que haber inversi\u00f3n&#8221;, se\u00f1al\u00f3.<\/p>\n\n\n\n<p>De esta forma, Vald\u00e9s anunci\u00f3 que junto a la Municipalidad llevar\u00e1n adelante la concreci\u00f3n de las calles linderas de la zona y &#8220;avanzaremos en la construcci\u00f3n de una comisar\u00eda nueva en el barrio&#8221; porque &#8220;todos merecemos vivir bien y tenemos que seguir trabajando para que la provincia siga creciendo y eso implica en invertir bien en Corrientes&#8221;.<\/p>\n\n\n\n<p>Adem\u00e1s, adelant\u00f3 que &#8220;antes de fin de a\u00f1o vamos estar haciendo bici senda para mejorar la circulaci\u00f3n en la zona&#8221;. &#8220;Para ver estos resultados nos cost\u00f3 mucho tiempo organizarnos para que tener obras p\u00fablicas en cada uno de los municipios y capital no era la excepci\u00f3n y por eso avanzamos con obras&#8221;, remarc\u00f3.<\/p>\n\n\n\n<p>Finalmente, Vald\u00e9s llam\u00f3 a unirse con &#8220;los municipios de Laguna Brava y Riachuelo porque si no lo hacemos tendremos falencias y d\u00e9ficit y necesitamos seguir invirtiendo en los barrios&#8221;. Y record\u00f3 que &#8220;durante mucho tiempo la Provincia se administraba mal y no alcanzaba para obras que cambian la ciudad y los pueblos&#8221; y sostuvo que su gesti\u00f3n &#8220;deja la vara alta&#8221; en materia de infraestructura. &#8220;Tenemos que seguir creciendo y haciendo inversiones en infraestructura, industria y producci\u00f3n&#8221;, afirm\u00f3.<\/p>\n\n\n\n<p>Por su parte, el ministro de Obras P\u00fablicas, Claudio Polich resalt\u00f3 la importancia de la flamante infraestructura. &#8220;Haber concretado esta obra es una forma de invertir en Capital&#8221; donde &#8220;vemos el compromiso del Gobierno provincial que pudo culminar los trabajos solicitados&#8221;.<\/p>\n\n\n\n<figure class=\"wp-block-image\"><img decoding=\"async\" src=\"https:\/\/www.diarioepoca.com\/content\/bucket\/9\/1443609w380h264c.jpg.webp\" alt=\"\"\/><\/figure>\n\n\n\n<p>&#8220;En la zona contamos estrat\u00e9gicamente con avances donde trabajamos con m\u00e1s de 3 mil metros lineales de pavimentaci\u00f3n d\u00e1ndole as\u00ed, una din\u00e1mica al barrio para mejorar la transitabilidad&#8221;, detall\u00f3 el ministro y a la vez, dio cuenta que &#8220;est\u00e1 es la inversi\u00f3n m\u00e1s importante y para seguir en esta l\u00ednea nos queda continuar trabajando e invirtiendo juntos para construir una mejor ciudad&#8221;, cerr\u00f3.<\/p>\n\n\n\n<p>En tanto, el intendente de la ciudad, Eduardo Tassano hizo menci\u00f3n de los reiterados pedidos de los vecinos para contar con mejoras en la zona y &#8220;hoy son una realidad, gracias al trabajo mancomunado con el Gobierno provincial&#8221;.<\/p>\n\n\n\n<p>En ese sentido, destac\u00f3 que las obras brindar\u00e1n mejoras en la calidad de vida y transitabilidad y reiter\u00f3 que &#8220;apostamos a continuar con mejoras pensando con una visi\u00f3n a futuro&#8221;.<\/p>\n","protected":false},"excerpt":{"rendered":"<p>La obra tuvo una inversi\u00f3n de $2.400 millones y consiste en 1.300 metros lineales de doble calzada de siete metros de ancho cada una, con retornos y parterre, iluminaci\u00f3n LED&hellip; <\/p>\n","protected":false},"author":3,"featured_media":222415,"comment_status":"closed","ping_status":"open","sticky":false,"template":"","format":"standard","meta":{"footnotes":""},"categories":[23],"tags":[],"class_list":["post-222404","post","type-post","status-publish","format-standard","has-post-thumbnail","hentry","category-actualidad"],"_links":{"self":[{"href":"https:\/\/corrientesdetarde.com\/index.php\/wp-json\/wp\/v2\/posts\/222404","targetHints":{"allow":["GET"]}}],"collection":[{"href":"https:\/\/corrientesdetarde.com\/index.php\/wp-json\/wp\/v2\/posts"}],"about":[{"href":"https:\/\/corrientesdetarde.com\/index.php\/wp-json\/wp\/v2\/types\/post"}],"author":[{"embeddable":true,"href":"https:\/\/corrientesdetarde.com\/index.php\/wp-json\/wp\/v2\/users\/3"}],"replies":[{"embeddable":true,"href":"https:\/\/corrientesdetarde.com\/index.php\/wp-json\/wp\/v2\/comments?post=222404"}],"version-history":[{"count":1,"href":"https:\/\/corrientesdetarde.com\/index.php\/wp-json\/wp\/v2\/posts\/222404\/revisions"}],"predecessor-version":[{"id":222418,"href":"https:\/\/corrientesdetarde.com\/index.php\/wp-json\/wp\/v2\/posts\/222404\/revisions\/222418"}],"wp:featuredmedia":[{"embeddable":true,"href":"https:\/\/corrientesdetarde.com\/index.php\/wp-json\/wp\/v2\/media\/222415"}],"wp:attachment":[{"href":"https:\/\/corrientesdetarde.com\/index.php\/wp-json\/wp\/v2\/media?parent=222404"}],"wp:term":[{"taxonomy":"category","embeddable":true,"href":"https:\/\/corrientesdetarde.com\/index.php\/wp-json\/wp\/v2\/categories?post=222404"},{"taxonomy":"post_tag","embeddable":true,"href":"https:\/\/corrientesdetarde.com\/index.php\/wp-json\/wp\/v2\/tags?post=222404"}],"curies":[{"name":"wp","href":"https:\/\/api.w.org\/{rel}","templated":true}]}}