{"id":222406,"date":"2025-08-15T08:00:16","date_gmt":"2025-08-15T11:00:16","guid":{"rendered":"https:\/\/corrientesdetarde.com\/?p=222406"},"modified":"2025-08-15T08:00:23","modified_gmt":"2025-08-15T11:00:23","slug":"lapacho-festival-para-compartir-sentir-y-encontrarse-con-la-musica","status":"publish","type":"post","link":"https:\/\/corrientesdetarde.com\/index.php\/destacados\/lapacho-festival-para-compartir-sentir-y-encontrarse-con-la-musica\/","title":{"rendered":"Lapacho, festival para compartir sentir y encontrarse con la m\u00fasica"},"content":{"rendered":"\n<p>La propuesta iniciar\u00e1 el s\u00e1bado con actividades art\u00edsticas y culturales en el espacio Mari\u00f1o. Estas ser\u00e1n de entrada libre y gratuitas. En tanto, por la noche se realizar\u00e1 el concierto con la participaci\u00f3n de destacados artistas.<\/p>\n\n\n\n<p>El espacio Mari\u00f1o se llenar\u00e1 de m\u00fasica, sentimientos y emociones en la segunda edici\u00f3n del Festival Lapacho, que reunir\u00e1 este s\u00e1bado 16 de agosto a destacados artistas de la regi\u00f3n. Adem\u00e1s el predio cultural (Santa Fe 847), tendr\u00e1 una amplia agenda de actividades art\u00edsticas gratuitas desde las 17hs, mientras que el concierto que ser\u00e1 en la sala, tendr\u00e1 un valor de $10.000 las entradas anticipadas.<\/p>\n\n\n\n<p>El patio de la Mari\u00f1o se perfumar\u00e1 de m\u00fasica, con un festival que florecer\u00e1 con melod\u00edas en una propuesta art\u00edstica que busca ir m\u00e1s all\u00e1 del entretenimiento para convertirse en un verdadero espacio de encuentro.<\/p>\n\n\n\n<p>Organizado por el grupo Tajy el festival naci\u00f3 con la intenci\u00f3n de recuperar y fortalecer espacios donde la m\u00fasica pueda ser protagonista. &#8220;Es un espacio que surgi\u00f3 el a\u00f1o pasado y el \u00e9xito y el p\u00fablico nos llev\u00f3 a realizar esta segunda edici\u00f3n&#8221;, explic\u00f3 V\u00edctor Pi\u00f1eiro, que junto a Bel\u00e9n Arriola y Alejandro &#8220;Tato&#8221; Ram\u00edrez integran el grupo Tajy.<\/p>\n\n\n\n<p>En este contexto, destac\u00f3 que el verdadero concepto del Festival Lapacho es un profundo perfil art\u00edstico, donde se comparte m\u00fasica, aquella que invita a escuchar, reflexionar y sentir. &#8220;La idea es que la m\u00fasica nos conecte, que nos permita encontrarnos, que nos invite a sensibilizarnos con una canci\u00f3n, con una obra y con ese poder que tienen las obras de arte profunda que uno sale transformado&#8221;, explic\u00f3 el m\u00fasico.<\/p>\n\n\n\n<p>Por \u00faltimo, Pi\u00f1eiro destac\u00f3 que &#8220;este festival surge del deseo de reencontrarnos entre m\u00fasicos, pero tambi\u00e9n de acercar al p\u00fablico a propuestas musicales que muchas veces no encuentran lugar en los circuitos m\u00e1s tradicionales&#8221;.<\/p>\n\n\n\n<p>El concierto principal iniciar\u00e1 a las 21hs con la presentaci\u00f3n de Cecilia Pahl (Misiones) junto al guitarrista Mat\u00edas Rojas (Entre R\u00edos), Germ\u00e1n Calver, H\u00edbridus (con Osvaldo Burgos y Jorge Castro), y por supuesto Tajy, como anfitri\u00f3n estelar. Una velada pensada para el disfrute, el silencio compartido y la emoci\u00f3n que despierta la m\u00fasica hecha con el coraz\u00f3n. Para m\u00e1s informaci\u00f3n y solicitud de entradas comunicarse al 3794-734034.<\/p>\n\n\n\n<h2 class=\"wp-block-heading\">Propuestas gratuitas<\/h2>\n\n\n\n<p>La jornada del Festival Lapacho iniciar\u00e1 a las 17hs con actividades que tendr\u00e1n entrada libre y gratuitas. Iniciar\u00e1 con un conversatorio, bajo el lema &#8220;M\u00fasica del Litoral: creaci\u00f3n e innovaci\u00f3n&#8221;. Participar\u00e1n los artistas invitados quienes esperan un di\u00e1logo abierto sobre los desaf\u00edos y realidades de la producci\u00f3n musical actual. La propuesta es relajada y cercana: compartir el mate, escuchar ideas, conocer de cerca a los artistas y generar comunidad.<\/p>\n\n\n\n<p>Adem\u00e1s, habr\u00e1 una feria de artesanos locales y un espacio art\u00edstico a cargo del grupo Corrientes al Lienzo, que pintar\u00e1 en vivo una obra colectiva, integrando as\u00ed la m\u00fasica con otras expresiones del arte regional.<\/p>\n","protected":false},"excerpt":{"rendered":"<p>La propuesta iniciar\u00e1 el s\u00e1bado con actividades art\u00edsticas y culturales en el espacio Mari\u00f1o. Estas ser\u00e1n de entrada libre y gratuitas. En tanto, por la noche se realizar\u00e1 el concierto&hellip; <\/p>\n","protected":false},"author":3,"featured_media":222416,"comment_status":"closed","ping_status":"open","sticky":false,"template":"","format":"standard","meta":{"footnotes":""},"categories":[26],"tags":[],"class_list":["post-222406","post","type-post","status-publish","format-standard","has-post-thumbnail","hentry","category-destacados"],"_links":{"self":[{"href":"https:\/\/corrientesdetarde.com\/index.php\/wp-json\/wp\/v2\/posts\/222406","targetHints":{"allow":["GET"]}}],"collection":[{"href":"https:\/\/corrientesdetarde.com\/index.php\/wp-json\/wp\/v2\/posts"}],"about":[{"href":"https:\/\/corrientesdetarde.com\/index.php\/wp-json\/wp\/v2\/types\/post"}],"author":[{"embeddable":true,"href":"https:\/\/corrientesdetarde.com\/index.php\/wp-json\/wp\/v2\/users\/3"}],"replies":[{"embeddable":true,"href":"https:\/\/corrientesdetarde.com\/index.php\/wp-json\/wp\/v2\/comments?post=222406"}],"version-history":[{"count":1,"href":"https:\/\/corrientesdetarde.com\/index.php\/wp-json\/wp\/v2\/posts\/222406\/revisions"}],"predecessor-version":[{"id":222417,"href":"https:\/\/corrientesdetarde.com\/index.php\/wp-json\/wp\/v2\/posts\/222406\/revisions\/222417"}],"wp:featuredmedia":[{"embeddable":true,"href":"https:\/\/corrientesdetarde.com\/index.php\/wp-json\/wp\/v2\/media\/222416"}],"wp:attachment":[{"href":"https:\/\/corrientesdetarde.com\/index.php\/wp-json\/wp\/v2\/media?parent=222406"}],"wp:term":[{"taxonomy":"category","embeddable":true,"href":"https:\/\/corrientesdetarde.com\/index.php\/wp-json\/wp\/v2\/categories?post=222406"},{"taxonomy":"post_tag","embeddable":true,"href":"https:\/\/corrientesdetarde.com\/index.php\/wp-json\/wp\/v2\/tags?post=222406"}],"curies":[{"name":"wp","href":"https:\/\/api.w.org\/{rel}","templated":true}]}}