{"id":222408,"date":"2025-08-15T08:03:05","date_gmt":"2025-08-15T11:03:05","guid":{"rendered":"https:\/\/corrientesdetarde.com\/?p=222408"},"modified":"2025-08-15T08:13:58","modified_gmt":"2025-08-15T11:13:58","slug":"odb-arquitectos-gano-el-premio-nacional-con-guacaras-food-drinks-park","status":"publish","type":"post","link":"https:\/\/corrientesdetarde.com\/index.php\/locales\/odb-arquitectos-gano-el-premio-nacional-con-guacaras-food-drinks-park\/","title":{"rendered":"ODB Arquitectos gan\u00f3 el Premio Nacional con \u201cGu\u00e1caras Food &#038; Drinks Park\u201d"},"content":{"rendered":"\n<p>El estudio correntino ODB Arquitectos, liderado por los arquitectos <em>\u00c1lvaro Di Bernardo<\/em> y Mauricio Ortiz, fue reconocido con el <em>Primer Premio Nacional de Arquitectura<\/em> en la categor\u00eda Obra Privada \u2013 Escala menor por su proyecto <em>Gu\u00e1caras Food &amp; Drinks Park<\/em>, ubicado en el acceso a Santa Ana de los Gu\u00e1caras.<\/p>\n\n\n\n<p>El certamen, correspondiente a la convocatoria 2024-2025, valor\u00f3 especialmente c\u00f3mo la propuesta logr\u00f3 integrarse con lo urbano y convertirse en una <em>plaza abierta<\/em>, generando un espacio de encuentro para vecinos y visitantes.<\/p>\n\n\n\n<figure class=\"wp-block-image size-large\"><img loading=\"lazy\" decoding=\"async\" width=\"1024\" height=\"767\" src=\"https:\/\/corrientesdetarde.com\/wp-content\/uploads\/2025\/08\/991502ec-3410-460e-b377-566e6c0d553c-1024x767.jpg\" alt=\"\" class=\"wp-image-222420\" srcset=\"https:\/\/corrientesdetarde.com\/wp-content\/uploads\/2025\/08\/991502ec-3410-460e-b377-566e6c0d553c-1024x767.jpg 1024w, https:\/\/corrientesdetarde.com\/wp-content\/uploads\/2025\/08\/991502ec-3410-460e-b377-566e6c0d553c-300x225.jpg 300w, https:\/\/corrientesdetarde.com\/wp-content\/uploads\/2025\/08\/991502ec-3410-460e-b377-566e6c0d553c-768x575.jpg 768w, https:\/\/corrientesdetarde.com\/wp-content\/uploads\/2025\/08\/991502ec-3410-460e-b377-566e6c0d553c.jpg 1280w\" sizes=\"auto, (max-width: 1024px) 100vw, 1024px\" \/><\/figure>\n\n\n\n<p><strong>Un proyecto nacido en la postpandemia<\/strong><\/p>\n\n\n\n<p>La obra surgi\u00f3 en un contexto muy particular: el regreso paulatino de las actividades comerciales y gastron\u00f3micas tras la pandemia, con especial foco en aquellas que pod\u00edan desarrollarse al aire libre. Fue entonces cuando dos empresarios convocaron al estudio para desarrollar el <em>primer parque de foodtrucks de la regi\u00f3n<\/em>.<\/p>\n\n\n\n<p>El programa era claro: dos puestos fijos de venta gastron\u00f3mica, una barra de bebidas, la mayor cantidad posible de lotes con servicios para alquilar a foodtrucks, un \u00e1rea para 200 comensales, sector de juegos para ni\u00f1os, sanitarios y dep\u00f3sitos. Sin exigencias est\u00e9ticas, pero con dos condiciones firmes: <em>resolver el proyecto en menos de mes y medio<\/em> y con un <em>presupuesto acotado<\/em>.<\/p>\n\n\n\n<p>\u201cEn ese momento \u00e9ramos cuatro en el estudio (Emi, Sofi, Tito y yo) y organizamos un concurso interno para definir ideas. La propuesta final tuvo como premisa que el lugar funcionara como una plaza abierta al barrio y a la ciudad, siguiendo la idea de urbanizar lo privado del arquitecto Sol\u00e1 Morales\u201d, explic\u00f3 Di Bernardo.<\/p>\n\n\n\n<figure class=\"wp-block-image size-full\"><img loading=\"lazy\" decoding=\"async\" width=\"720\" height=\"480\" src=\"https:\/\/corrientesdetarde.com\/wp-content\/uploads\/2025\/08\/9fd8a8e6-1a2b-4fa2-946d-886222d1f9a5.jpg\" alt=\"\" class=\"wp-image-222421\" srcset=\"https:\/\/corrientesdetarde.com\/wp-content\/uploads\/2025\/08\/9fd8a8e6-1a2b-4fa2-946d-886222d1f9a5.jpg 720w, https:\/\/corrientesdetarde.com\/wp-content\/uploads\/2025\/08\/9fd8a8e6-1a2b-4fa2-946d-886222d1f9a5-300x200.jpg 300w\" sizes=\"auto, (max-width: 720px) 100vw, 720px\" \/><\/figure>\n\n\n\n<p><br><strong>Desaf\u00edos y soluciones creativas<\/strong><\/p>\n\n\n\n<p>Uno de los principales retos fue la <em>ubicaci\u00f3n estrat\u00e9gica<\/em> en una esquina triangular que, adem\u00e1s, funcionaba como paso peatonal hacia el centro del pueblo. Mantener esa conexi\u00f3n, integrar el espacio y atender la complejidad del tr\u00e1nsito fueron ejes centrales del dise\u00f1o.<\/p>\n\n\n\n<p>En lo constructivo, el tiempo y el presupuesto motivaron soluciones simples: tres vol\u00famenes fijos de hormig\u00f3n armado, reutilizando encofrados y aprovechando esas maderas para cerramientos internos.<\/p>\n\n\n\n<p>La gran p\u00e9rgola central, que deb\u00eda cubrir *25 metros sin apoyos intermedios, se resolvi\u00f3 con una *<em>estructura en catenaria<\/em> que trabaja a tracci\u00f3n, con apoyos laterales repetitivos, logrando as\u00ed una imagen unificada y ligera.<\/p>\n\n\n\n<h3 class=\"wp-block-heading\">Un aporte privado con valor p\u00fablico<\/h3>\n\n\n\n<p>\u201cLo que m\u00e1s nos motiv\u00f3 fue que un emprendimiento privado pudiera aportar valor a lo p\u00fablico y lo urbano. Quer\u00edamos evitar que se convirtiera en un espacio cerrado o est\u00e9ril, y lograr que fuera una pieza viva y estimulante para la ciudad\u201d, destac\u00f3 el arquitecto.<\/p>\n\n\n\n<p>La propuesta, que ya hab\u00eda sido premiada a nivel regional, sorprendi\u00f3 al estudio cuando fue seleccionada como la <em>mejor obra privada menor de 600 m\u00b2 del pa\u00eds<\/em>. \u201cNos enteramos de la convocatoria apenas 48 horas antes del cierre, presentamos dos obras con fotos tomadas por un estudiante con su celular, y aun as\u00ed obtuvimos el primer y segundo puesto en el NEA, y luego este premio nacional que nos llena de orgullo\u201d, concluy\u00f3 Di Bernardo.<\/p>\n\n\n\n<figure class=\"wp-block-image size-large\"><img loading=\"lazy\" decoding=\"async\" width=\"1024\" height=\"1024\" src=\"https:\/\/corrientesdetarde.com\/wp-content\/uploads\/2025\/08\/b4047b94-a6c7-4fba-a4b6-9834dc6c85d9-1024x1024.jpg\" alt=\"\" class=\"wp-image-222422\" srcset=\"https:\/\/corrientesdetarde.com\/wp-content\/uploads\/2025\/08\/b4047b94-a6c7-4fba-a4b6-9834dc6c85d9-1024x1024.jpg 1024w, https:\/\/corrientesdetarde.com\/wp-content\/uploads\/2025\/08\/b4047b94-a6c7-4fba-a4b6-9834dc6c85d9-300x300.jpg 300w, https:\/\/corrientesdetarde.com\/wp-content\/uploads\/2025\/08\/b4047b94-a6c7-4fba-a4b6-9834dc6c85d9-150x150.jpg 150w, https:\/\/corrientesdetarde.com\/wp-content\/uploads\/2025\/08\/b4047b94-a6c7-4fba-a4b6-9834dc6c85d9-768x768.jpg 768w, https:\/\/corrientesdetarde.com\/wp-content\/uploads\/2025\/08\/b4047b94-a6c7-4fba-a4b6-9834dc6c85d9.jpg 1080w\" sizes=\"auto, (max-width: 1024px) 100vw, 1024px\" \/><\/figure>\n","protected":false},"excerpt":{"rendered":"<p>El estudio correntino ODB Arquitectos, liderado por los arquitectos \u00c1lvaro Di Bernardo y Mauricio Ortiz, fue reconocido con el Primer Premio Nacional de Arquitectura en la categor\u00eda Obra Privada \u2013&hellip; <\/p>\n","protected":false},"author":3,"featured_media":222419,"comment_status":"closed","ping_status":"open","sticky":false,"template":"","format":"standard","meta":{"footnotes":""},"categories":[8],"tags":[],"class_list":["post-222408","post","type-post","status-publish","format-standard","has-post-thumbnail","hentry","category-locales"],"_links":{"self":[{"href":"https:\/\/corrientesdetarde.com\/index.php\/wp-json\/wp\/v2\/posts\/222408","targetHints":{"allow":["GET"]}}],"collection":[{"href":"https:\/\/corrientesdetarde.com\/index.php\/wp-json\/wp\/v2\/posts"}],"about":[{"href":"https:\/\/corrientesdetarde.com\/index.php\/wp-json\/wp\/v2\/types\/post"}],"author":[{"embeddable":true,"href":"https:\/\/corrientesdetarde.com\/index.php\/wp-json\/wp\/v2\/users\/3"}],"replies":[{"embeddable":true,"href":"https:\/\/corrientesdetarde.com\/index.php\/wp-json\/wp\/v2\/comments?post=222408"}],"version-history":[{"count":2,"href":"https:\/\/corrientesdetarde.com\/index.php\/wp-json\/wp\/v2\/posts\/222408\/revisions"}],"predecessor-version":[{"id":222431,"href":"https:\/\/corrientesdetarde.com\/index.php\/wp-json\/wp\/v2\/posts\/222408\/revisions\/222431"}],"wp:featuredmedia":[{"embeddable":true,"href":"https:\/\/corrientesdetarde.com\/index.php\/wp-json\/wp\/v2\/media\/222419"}],"wp:attachment":[{"href":"https:\/\/corrientesdetarde.com\/index.php\/wp-json\/wp\/v2\/media?parent=222408"}],"wp:term":[{"taxonomy":"category","embeddable":true,"href":"https:\/\/corrientesdetarde.com\/index.php\/wp-json\/wp\/v2\/categories?post=222408"},{"taxonomy":"post_tag","embeddable":true,"href":"https:\/\/corrientesdetarde.com\/index.php\/wp-json\/wp\/v2\/tags?post=222408"}],"curies":[{"name":"wp","href":"https:\/\/api.w.org\/{rel}","templated":true}]}}