{"id":222410,"date":"2025-08-15T08:04:11","date_gmt":"2025-08-15T11:04:11","guid":{"rendered":"https:\/\/corrientesdetarde.com\/?p=222410"},"modified":"2025-08-15T08:04:15","modified_gmt":"2025-08-15T11:04:15","slug":"servicios-municipales-para-los-feriados-del-15-y-17-de-agosto","status":"publish","type":"post","link":"https:\/\/corrientesdetarde.com\/index.php\/actualidad\/servicios-municipales-para-los-feriados-del-15-y-17-de-agosto\/","title":{"rendered":"Servicios municipales para los feriados del 15 y 17 de agosto"},"content":{"rendered":"\n<p>La recolecci\u00f3n de residuos no sufrir\u00e1 cambios para hoy viernes y tampoco el domingo. Habr\u00e1 guardias en \u00e1reas claves y operativas, en tanto que no habr\u00e1 atenci\u00f3n en el resto de las dependencias dependientes de la Municipalidad de Corrientes.<\/p>\n\n\n\n<p>La Municipalidad de Corrientes inform\u00f3 acerca del funcionamiento de los servicios a su cargo durante el viernes 15, d\u00eda no laborable con fines tur\u00edsticos, y el feriado nacional y provincial del domingo 17 de agosto por el paso a la inmortalidad del General Jos\u00e9 Francisco de San Mart\u00edn.<\/p>\n\n\n\n<p>La Secretar\u00eda de Ambiente comunic\u00f3 que la recolecci\u00f3n de residuos no se ver\u00e1 alterada pese a los feriados. Hoy viernes brindar\u00e1n el servicio tanto por la ma\u00f1ana como por la noche, mientras que el domingo lo har\u00e1n s\u00f3lo en las zonas nocturnas, como es habitual. Tambi\u00e9n ser\u00e1 normal el servicio de recolecci\u00f3n diferenciada y de retiro del material depositado en los diferentes puntos verdes de la ciudad.<\/p>\n\n\n\n<p>El Tribunal Administrativo de Faltas Municipal atender\u00e1 los d\u00edas 15, 16 y 17 de agosto, con una guardia, en horario de 8 a 16, para tr\u00e1mites abreviados de secuestros comunes: retiro de veh\u00edculos de la v\u00eda p\u00fablica. Cabe se\u00f1alar que ma\u00f1ana, el Juzgado de Faltas N\u00b06 cumplir\u00e1 funciones para tr\u00e1mites urgentes de 9 a 15.<\/p>\n\n\n\n<p>La Direcci\u00f3n de Defunciones trabajar\u00e1 con personal de guardia, que atender\u00e1 de 7 a 19, en la oficina ubicada dentro de la Municipalidad, priorizar\u00e1n inhumaciones, traslados e introducci\u00f3n de cenizas. Los cementerios San Juan Bautista y San Isidro Labrador estar\u00e1n abiertos de 7 a 17 para visitas e inhumaciones.<\/p>\n\n\n\n<p>Los mercados de Abasto (El Piso) y de Productos Frescos abrir\u00e1n hoy sus puertas normalmente, en el horario de 7 a 13 y de 17 a 21, mientras que el domingo atender\u00e1n de 7 a 13. Por su parte, los paseos de compras ubicados en El Puerto, El Piso, barrio San Ger\u00f3nimo y la Ex V\u00eda, funcionar\u00e1n ambos d\u00edas de 8 a 21.<\/p>\n\n\n\n<p>La Subsecretar\u00eda de Turismo inform\u00f3 que los centros de servicios tur\u00edsticos funcionar\u00e1n tanto hoy 15 como el 17 de agosto, en los siguientes lugares y horarios: plaza Vera, de 7 a 22; Terminal, de 8 a 20; Paseo de Compras del Puerto, de 7 a 21:30; y plaza Cabral, de 9 a 13 y 16 a 20.<\/p>\n\n\n\n<figure class=\"wp-block-image\"><img decoding=\"async\" src=\"https:\/\/www.diarioepoca.com\/content\/bucket\/0\/1443630w380h133c.jpg.webp\" alt=\"\"\/><\/figure>\n\n\n\n<p>La actividad de las Ferias de la Ciudad tambi\u00e9n ser\u00e1 normal. Hoy viernes, de 8 a 13, los puesteros se presentar\u00e1n en Larrea al 3400 del barrio Laguna Seca; la plaza Rep\u00fablica del Per\u00fa de las Mil Viviendas; la plazoleta Los Inmigrantes del barrio Ber\u00f3n de Astrada; la plaza Primera Junta del barrio Yapey\u00fa, y el Paseo Arazaty, de 10 a 22; en tanto que el domingo estar\u00e1n de 10 a 22 en el Paseo Arazaty.<\/p>\n\n\n\n<p>Como es habitual, habr\u00e1 guardias en \u00e1reas operativas como Tr\u00e1nsito, Transporte, Guardia Urbana, Ambiente (barrido de calles) y el Servicio de Ambulancias Municipal (SAMUN).<\/p>\n\n\n\n<p>Por los feriados, no habr\u00e1 atenci\u00f3n en la Agencia Correntina de Recaudaci\u00f3n (ACOR); la Caja Municipal de Pr\u00e9stamos (CMP); el Centro Emisor de Licencias (CEL); las Salas de Atenci\u00f3n Primaria de la Salud (SAPS); tampoco habr\u00e1 atenci\u00f3n en los puntos SUBE y no se cobrar\u00e1 estacionamiento medido.<\/p>\n","protected":false},"excerpt":{"rendered":"<p>La recolecci\u00f3n de residuos no sufrir\u00e1 cambios para hoy viernes y tampoco el domingo. Habr\u00e1 guardias en \u00e1reas claves y operativas, en tanto que no habr\u00e1 atenci\u00f3n en el resto&hellip; <\/p>\n","protected":false},"author":3,"featured_media":222424,"comment_status":"closed","ping_status":"open","sticky":false,"template":"","format":"standard","meta":{"footnotes":""},"categories":[23],"tags":[],"class_list":["post-222410","post","type-post","status-publish","format-standard","has-post-thumbnail","hentry","category-actualidad"],"_links":{"self":[{"href":"https:\/\/corrientesdetarde.com\/index.php\/wp-json\/wp\/v2\/posts\/222410","targetHints":{"allow":["GET"]}}],"collection":[{"href":"https:\/\/corrientesdetarde.com\/index.php\/wp-json\/wp\/v2\/posts"}],"about":[{"href":"https:\/\/corrientesdetarde.com\/index.php\/wp-json\/wp\/v2\/types\/post"}],"author":[{"embeddable":true,"href":"https:\/\/corrientesdetarde.com\/index.php\/wp-json\/wp\/v2\/users\/3"}],"replies":[{"embeddable":true,"href":"https:\/\/corrientesdetarde.com\/index.php\/wp-json\/wp\/v2\/comments?post=222410"}],"version-history":[{"count":1,"href":"https:\/\/corrientesdetarde.com\/index.php\/wp-json\/wp\/v2\/posts\/222410\/revisions"}],"predecessor-version":[{"id":222425,"href":"https:\/\/corrientesdetarde.com\/index.php\/wp-json\/wp\/v2\/posts\/222410\/revisions\/222425"}],"wp:featuredmedia":[{"embeddable":true,"href":"https:\/\/corrientesdetarde.com\/index.php\/wp-json\/wp\/v2\/media\/222424"}],"wp:attachment":[{"href":"https:\/\/corrientesdetarde.com\/index.php\/wp-json\/wp\/v2\/media?parent=222410"}],"wp:term":[{"taxonomy":"category","embeddable":true,"href":"https:\/\/corrientesdetarde.com\/index.php\/wp-json\/wp\/v2\/categories?post=222410"},{"taxonomy":"post_tag","embeddable":true,"href":"https:\/\/corrientesdetarde.com\/index.php\/wp-json\/wp\/v2\/tags?post=222410"}],"curies":[{"name":"wp","href":"https:\/\/api.w.org\/{rel}","templated":true}]}}