{"id":222412,"date":"2025-08-15T08:05:38","date_gmt":"2025-08-15T11:05:38","guid":{"rendered":"https:\/\/corrientesdetarde.com\/?p=222412"},"modified":"2025-08-15T08:05:50","modified_gmt":"2025-08-15T11:05:50","slug":"trasladan-hoy-los-restos-de-cocomarola","status":"publish","type":"post","link":"https:\/\/corrientesdetarde.com\/index.php\/cultura\/trasladan-hoy-los-restos-de-cocomarola\/","title":{"rendered":"Trasladan hoy los restos de Cocomarola"},"content":{"rendered":"\n<p>En el marco de su 107\u00b0 aniversario de natalicio rinden honores hoy a Mario del Tr\u00e1nsito Cocomarola, m\u00e1ximo referente de la m\u00fasica chamamecera, a las 10.30 hs en la ceremonia de traslado de sus restos. El evento organizado por su familia ser\u00e1 en el cementerio privado Parque del Recuerdo con la presencia de funcionarios, m\u00fasicos y referentes de la cultura.<\/p>\n\n\n\n<p>Cocomarola falleci\u00f3 el 19 de septiembre de 1974, fecha que se estableci\u00f3 por ley como el D\u00eda Nacional del Chamam\u00e9. Desde entonces, sus restos permanec\u00edan en el cementerio municipal San Juan Bautista. La decisi\u00f3n de trasladarlo al cementerio privado fue iniciativa de sus hijos con la necesidad de tenerlo en un sector parquizado, accesible y familiar.<\/p>\n\n\n\n<p>&#8220;La ceremonia reviste un profundo valor cultural y afectivo, al rendir tributo a uno de los m\u00e1ximos compositores del chamam\u00e9, cuyo legado constituye un patrimonio inmaterial de todos los correntinos&#8221;, expresaron desde su entorno familiar. La ceremonia iniciar\u00e1 con la bendici\u00f3n de los restos del reconocido m\u00fasico y compositor, conocido tambi\u00e9n como &#8220;El<\/p>\n\n\n\n<h2 class=\"wp-block-heading\">Taita del chamam\u00e9&#8221;.<\/h2>\n\n\n\n<p>En este marco se presentar\u00e1 tambi\u00e9n el libro &#8220;Sonido Chamamecero \u0096 Cocomarola desde el viol\u00edn&#8221;, a cargo de la artista Mar\u00eda Bel\u00e9n Arriola, quien adem\u00e1s brindar\u00e1 una ofrenda musical. Durante el acto se descubrir\u00e1n placas de reconocimiento a cargo de distintas instituciones. El cierre ser\u00e1 un reconocimiento musical a cargo de Coquimarola, Bruno Mendoza y Gabriel Cocomarola.<\/p>\n\n\n\n<p>Cabe destacar que estar\u00e1n presentes referentes locales y nacionales de la Sociedad Argentina de Compositores (SADAIC), entre ellos V\u00edctor Yunes y Facundo Saravia. Desde el entorno familiar expresaron que ser\u00e1 un acto muy sencillo, pero emotivo a la vez.<\/p>\n","protected":false},"excerpt":{"rendered":"<p>En el marco de su 107\u00b0 aniversario de natalicio rinden honores hoy a Mario del Tr\u00e1nsito Cocomarola, m\u00e1ximo referente de la m\u00fasica chamamecera, a las 10.30 hs en la ceremonia&hellip; <\/p>\n","protected":false},"author":3,"featured_media":222426,"comment_status":"closed","ping_status":"open","sticky":false,"template":"","format":"standard","meta":{"footnotes":""},"categories":[15],"tags":[],"class_list":["post-222412","post","type-post","status-publish","format-standard","has-post-thumbnail","hentry","category-cultura"],"_links":{"self":[{"href":"https:\/\/corrientesdetarde.com\/index.php\/wp-json\/wp\/v2\/posts\/222412","targetHints":{"allow":["GET"]}}],"collection":[{"href":"https:\/\/corrientesdetarde.com\/index.php\/wp-json\/wp\/v2\/posts"}],"about":[{"href":"https:\/\/corrientesdetarde.com\/index.php\/wp-json\/wp\/v2\/types\/post"}],"author":[{"embeddable":true,"href":"https:\/\/corrientesdetarde.com\/index.php\/wp-json\/wp\/v2\/users\/3"}],"replies":[{"embeddable":true,"href":"https:\/\/corrientesdetarde.com\/index.php\/wp-json\/wp\/v2\/comments?post=222412"}],"version-history":[{"count":1,"href":"https:\/\/corrientesdetarde.com\/index.php\/wp-json\/wp\/v2\/posts\/222412\/revisions"}],"predecessor-version":[{"id":222427,"href":"https:\/\/corrientesdetarde.com\/index.php\/wp-json\/wp\/v2\/posts\/222412\/revisions\/222427"}],"wp:featuredmedia":[{"embeddable":true,"href":"https:\/\/corrientesdetarde.com\/index.php\/wp-json\/wp\/v2\/media\/222426"}],"wp:attachment":[{"href":"https:\/\/corrientesdetarde.com\/index.php\/wp-json\/wp\/v2\/media?parent=222412"}],"wp:term":[{"taxonomy":"category","embeddable":true,"href":"https:\/\/corrientesdetarde.com\/index.php\/wp-json\/wp\/v2\/categories?post=222412"},{"taxonomy":"post_tag","embeddable":true,"href":"https:\/\/corrientesdetarde.com\/index.php\/wp-json\/wp\/v2\/tags?post=222412"}],"curies":[{"name":"wp","href":"https:\/\/api.w.org\/{rel}","templated":true}]}}