{"id":222433,"date":"2025-08-15T09:00:26","date_gmt":"2025-08-15T12:00:26","guid":{"rendered":"https:\/\/corrientesdetarde.com\/?p=222433"},"modified":"2025-08-15T09:00:35","modified_gmt":"2025-08-15T12:00:35","slug":"el-gobernador-recibio-a-trabajadores-del-aserradero-tapebicua","status":"publish","type":"post","link":"https:\/\/corrientesdetarde.com\/index.php\/informacion-general\/el-gobernador-recibio-a-trabajadores-del-aserradero-tapebicua\/","title":{"rendered":"El Gobernador recibi\u00f3 a trabajadores del aserradero Tapebicu\u00e1"},"content":{"rendered":"\n<p>El gobernador Gustavo Vald\u00e9s &#8211; junto a la ministra de Industria, Mariel Gabur y el secretario de Trabajo, Juan Rajoy &#8211; recibi\u00f3 a los trabajadores suspendidos de la empresa maderera Tapebicu\u00e1 S.A.<\/p>\n\n\n\n<p>El encuentro tuvo lugar en el Centro Administrativo y all\u00ed el Gobierno provincial les ofreci\u00f3 ayuda a los damnificados consistente en mercader\u00edas, subsidios y pr\u00f3rrogas de deudas con el Banco de Corrientes. Los empleados afectados manifestaron satisfacci\u00f3n por este acompa\u00f1amiento y se mostraron expectantes a que nuevos inversores normalicen la situaci\u00f3n de esta empresa.<\/p>\n\n\n\n<p>Ante la delicada situaci\u00f3n laboral del personal de la empresa asentada en Gobernador Virasoro, la titular de Industria se refiri\u00f3 al encuentro mantenido en Capital calific\u00e1ndolo como &#8220;fruct\u00edfero&#8221; y asegur\u00f3 que existe &#8220;un gran compromiso del gobernador&#8221; para acompa\u00f1ar a las familias afectadas.<\/p>\n\n\n\n<p>&#8220;Estamos monitoreando la situaci\u00f3n de cerca porque nos preocupa el cobro de sus sueldos y la suspensi\u00f3n de sus tareas. El gobierno provincial brindar\u00e1 herramientas a trav\u00e9s de distintos mecanismos para poder asistirlos en estos momentos de crisis&#8221;, se\u00f1al\u00f3 Gabur.<\/p>\n","protected":false},"excerpt":{"rendered":"<p>El gobernador Gustavo Vald\u00e9s &#8211; junto a la ministra de Industria, Mariel Gabur y el secretario de Trabajo, Juan Rajoy &#8211; recibi\u00f3 a los trabajadores suspendidos de la empresa maderera&hellip; <\/p>\n","protected":false},"author":3,"featured_media":222449,"comment_status":"closed","ping_status":"open","sticky":false,"template":"","format":"standard","meta":{"footnotes":""},"categories":[1],"tags":[],"class_list":["post-222433","post","type-post","status-publish","format-standard","has-post-thumbnail","hentry","category-informacion-general"],"_links":{"self":[{"href":"https:\/\/corrientesdetarde.com\/index.php\/wp-json\/wp\/v2\/posts\/222433","targetHints":{"allow":["GET"]}}],"collection":[{"href":"https:\/\/corrientesdetarde.com\/index.php\/wp-json\/wp\/v2\/posts"}],"about":[{"href":"https:\/\/corrientesdetarde.com\/index.php\/wp-json\/wp\/v2\/types\/post"}],"author":[{"embeddable":true,"href":"https:\/\/corrientesdetarde.com\/index.php\/wp-json\/wp\/v2\/users\/3"}],"replies":[{"embeddable":true,"href":"https:\/\/corrientesdetarde.com\/index.php\/wp-json\/wp\/v2\/comments?post=222433"}],"version-history":[{"count":1,"href":"https:\/\/corrientesdetarde.com\/index.php\/wp-json\/wp\/v2\/posts\/222433\/revisions"}],"predecessor-version":[{"id":222473,"href":"https:\/\/corrientesdetarde.com\/index.php\/wp-json\/wp\/v2\/posts\/222433\/revisions\/222473"}],"wp:featuredmedia":[{"embeddable":true,"href":"https:\/\/corrientesdetarde.com\/index.php\/wp-json\/wp\/v2\/media\/222449"}],"wp:attachment":[{"href":"https:\/\/corrientesdetarde.com\/index.php\/wp-json\/wp\/v2\/media?parent=222433"}],"wp:term":[{"taxonomy":"category","embeddable":true,"href":"https:\/\/corrientesdetarde.com\/index.php\/wp-json\/wp\/v2\/categories?post=222433"},{"taxonomy":"post_tag","embeddable":true,"href":"https:\/\/corrientesdetarde.com\/index.php\/wp-json\/wp\/v2\/tags?post=222433"}],"curies":[{"name":"wp","href":"https:\/\/api.w.org\/{rel}","templated":true}]}}