{"id":222439,"date":"2025-08-15T09:00:19","date_gmt":"2025-08-15T12:00:19","guid":{"rendered":"https:\/\/corrientesdetarde.com\/?p=222439"},"modified":"2025-08-15T09:00:31","modified_gmt":"2025-08-15T12:00:31","slug":"es-el-mejor-momento-en-decadas-para-la-ganaderia-afirmo-meabe","status":"publish","type":"post","link":"https:\/\/corrientesdetarde.com\/index.php\/informacion-general\/es-el-mejor-momento-en-decadas-para-la-ganaderia-afirmo-meabe\/","title":{"rendered":"&#8220;Es el mejor momento en d\u00e9cadas para la ganader\u00eda&#8221;, afirm\u00f3 Meabe"},"content":{"rendered":"\n<p>Con m\u00e1s de 30 caba\u00f1as y fuerte presencia de firmas comerciales y la novedad de llamas en medio de ejemplares bovinos, ovinos y equinos, la Sociedad Rural local inaugur\u00f3 su muestra ganadera que refleja el buen momento del sector.<\/p>\n\n\n\n<p>El presidente Mart\u00edn Meabe (quinta generaci\u00f3n de productores) destac\u00f3: &#8220;Tenemos precios r\u00e9cord, mercados favorables y tecnolog\u00eda&#8221;. La exposici\u00f3n, que continuar\u00e1 en Santo Tom\u00e9, Goya y General Paz hasta noviembre, cont\u00f3 con la presencia del presidente de la Sociedad Rural Argentina, Nicol\u00e1s Pino, y el gobernador provincial.<\/p>\n\n\n\n<p>La Sociedad Rural de Corrientes despliega su muestra ganadera con el orgullo de quien sabe que el campo vive d\u00edas de prosperidad. Mart\u00edn Meabe, presidente de la instituci\u00f3n, recorre entre animales y stands con la satisfacci\u00f3n del trabajo que rinde frutos: m\u00e1s de 30 caba\u00f1as exhiben lo mejor de su producci\u00f3n, desde los imponentes Brangus, Brahman y Braford hasta las nobles ovejas, los elegantes equinos, b\u00fafalos y la novedad cuatro llamas que trajo un productor santafesino. (Ver p\u00e1gina 7)<\/p>\n\n\n\n<p>&#8220;Esta es la muestra que nos representa como regi\u00f3n&#8221;, comenta Meabe mientras observa el movimiento de camperas y botas en el predio. El calendario ganadero no da tregua: tras la gran cita nacional de razas, ahora comienza el circuito provincial que llevar\u00e1 las exposiciones a Santo Tom\u00e9, Goya y General Paz, cerrando en noviembre con el balance de una temporada que promete.<\/p>\n\n\n\n<figure class=\"wp-block-image\"><img decoding=\"async\" src=\"https:\/\/www.diarioepoca.com\/content\/bucket\/8\/1443658w380h302c.jpg.webp\" alt=\"\"\/><\/figure>\n\n\n\n<p>Las juras del d\u00eda \u0096bovinos y ovinos- ya han dejado sus veredictos. Mientras tanto, se espera la llegada de Nicol\u00e1s Pino, presidente de la Sociedad Rural Argentina, junto al gobernador y su comitiva. &#8220;Son tiempos hist\u00f3ricos para la ganader\u00eda&#8221;, reflexiona Meabe. &#8220;En mi familia llevamos cinco generaciones esperando este momento donde los precios, el contexto internacional y nuestra capacidad productiva se alinean&#8221;.<\/p>\n\n\n\n<p>Pero no todo es celebraci\u00f3n. El mandatario rural habla con franqueza sobre los desaf\u00edos que vienen: la trazabilidad se erige como el pr\u00f3ximo gran objetivo. &#8220;Desde enero vendr\u00e1n cambios profundos: primero las caravanas, luego el chipado individual. Son exigencias de mercados sofisticados que debemos cumplir&#8221;, explica mientras se\u00f1ala un ejemplar premiado.<\/p>\n\n\n\n<figure class=\"wp-block-image\"><img decoding=\"async\" src=\"https:\/\/www.diarioepoca.com\/content\/bucket\/5\/1443655w380h217c.jpg.webp\" alt=\"\"\/><\/figure>\n\n\n\n<p>&nbsp;<br>Reconoce, sin embargo, que estas mejoras tendr\u00e1n costos significativos. &#8220;Nuestro compromiso es acompa\u00f1ar especialmente a los peque\u00f1os productores en esta transici\u00f3n. Pero tambi\u00e9n necesitamos que el Estado haga su parte: menos aranceles, mejores caminos, log\u00edstica eficiente&#8221;.<\/p>\n\n\n\n<p>Meabe se mostr\u00f3 optimista: &#8220;Tenemos todo para salir adelante: precios r\u00e9cord, tecnolog\u00eda y sobre todo, la voluntad de los productores. Este no es el final del camino, sino el comienzo de una nueva era para la ganader\u00eda&#8221;. Recorre con su vista los animales en los corrales, su mirada revela la certeza de que Corrientes escribe una p\u00e1gina importante en la historia agropecuaria del pa\u00eds.<\/p>\n\n\n\n<p>Lo expresado por Meabe fue ratificado por Juan Carlos S\u00e1nchez, productor de la caba\u00f1a El Refugio de Urdanarrain Entre R\u00edos, con m\u00e1s de 25 a\u00f1os de experiencia en la cr\u00eda de ovinos. Est\u00e1 orgulloso de haber coronado campeones en las razas Hampshire Down y Texel y declara que este a\u00f1o no trajo ejemplares de la raza Ramey.<\/p>\n\n\n\n<p>Explic\u00f3 que trabaja en la cr\u00eda de reproductores selectos y venta de majadas comerciales y resalt\u00f3 que hay Buena demanda en remates de Entre R\u00edos, Corrientes y Misiones<\/p>\n\n\n\n<p>&#8220;Desde 1997 participamos en exposiciones y hemos obtenido varios premios, especialmente con nuestros Hampshire y Texel&#8221;, destac\u00f3 S\u00e1nchez. El productor se\u00f1al\u00f3 que &#8220;el mercado ovino est\u00e1 en un buen momento, con movimiento sostenido en los remates de la regi\u00f3n&#8221;.<\/p>\n\n\n\n<p>Respecto a su esquema productivo, explic\u00f3: &#8220;En el Hampshire buscamos excelencia carnicera, el Texel nos da un balance entre carne y lana, mientras que el Ramey es nuestro comod\u00edn para diversos sistemas&#8221;.<\/p>\n\n\n\n<p>S\u00e1nchez remarc\u00f3 la importancia de invertir en gen\u00e9tica y adaptarse a las demandas del mercado. &#8220;Hoy el productor debe ser buen criador, pero tambi\u00e9n conocer las necesidades de los compradores&#8221;, afirm\u00f3.<\/p>\n\n\n\n<h2 class=\"wp-block-heading\">Corrientes cuenta con un centro de gen\u00e9tica bubalina \u00fanico en el pa\u00eds<\/h2>\n\n\n\n<figure class=\"wp-block-image\"><img decoding=\"async\" src=\"https:\/\/www.diarioepoca.com\/content\/bucket\/7\/1443657w380h216c.jpg.webp\" alt=\"\"\/><\/figure>\n\n\n\n<p>Desde Ca\u00e1 Cat\u00ed en el coraz\u00f3n de la provincia, donde cada a\u00f1o se celebra la Fiesta Provincial del B\u00fafalo, Nilda Silva se presenta como pionera en mejoramiento gen\u00e9tico, dirige el \u00fanico Centro Integral de Inseminaci\u00f3n Artificial Bubalino de Corrientes, un establecimiento modelo que atrae a productores de todo el pa\u00eds.<\/p>\n\n\n\n<p>Hace diez a\u00f1os, cuando pocos cre\u00edan en el potencial de la b\u00fafalocultura, Silva comenz\u00f3 su camino de la mano de destacados profesionales. &#8220;Aprend\u00ed sobre pasturas con el ingeniero G\u00e1ndara, sobre manejo sanitario con el doctor Jos\u00e9 Luis Conde, y sobre calidad de leche con la doctora Rebek&#8221;, recuerda. Esta formaci\u00f3n multidisciplinaria le permiti\u00f3 desarrollar un enfoque integral en la cr\u00eda.<\/p>\n\n\n\n<p>En su caba\u00f1a, todos los ejemplares llevan chip de identificaci\u00f3n desde hace ocho a\u00f1os. &#8220;No somos los m\u00e1s grandes, pero s\u00ed los m\u00e1s tecnificados&#8221;, asegura Silva. El centro que dirige produce reproductores de elite y pajuelas de semen que se comercializan incluso antes del nacimiento de los animales.<\/p>\n\n\n\n<p>&#8220;Lo nuestro no es una simple caba\u00f1a&#8221;, explica. &#8220;Somos un centro de mejora gen\u00e9tica donde cada cruza est\u00e1 planificada&#8221;. Su m\u00e9todo combina: la selecci\u00f3n estricta de reproductores y madres; inseminaci\u00f3n artificial con tecnolog\u00eda de punta; control sanitario y nutricional exhaustivo<\/p>\n\n\n\n<p>Para Silva, la clave est\u00e1 en las madres: &#8220;Un buen toro nace de una gran b\u00fafala. Nosotros no vendemos carne, vendemos gen\u00e9tica&#8221;. Su trabajo ha permitido introducir vigor h\u00edbrido en rodeos de todo el pa\u00eds, mejorando significativamente la productividad.<\/p>\n\n\n\n<p>Con proyectos para expandir su laboratorio y capacitaciones para productores, Silva sue\u00f1a con posicionar a Corrientes como referente continental en b\u00fafalos. &#8220;Esto reci\u00e9n comienza&#8221;, afirma mientras observa a sus animales pastar en los esteros. &#8220;El b\u00fafalo es el futuro de la ganader\u00eda sustentable&#8221;.<\/p>\n\n\n\n<p>Silva tambi\u00e9n destac\u00f3 que el CIIAB es el \u00fanico centro de inseminaci\u00f3n artificial bubalino de Corrientes y del pa\u00eds con el ciento por ciento de de animales identificados con chip, con gen\u00e9tica certificada que se exporta a otras provincias y especializaci\u00f3n mejora de leche y carne.<\/p>\n\n\n\n<h2 class=\"wp-block-heading\">Riachuelo present\u00f3 como novedad a las llamas<\/h2>\n\n\n\n<figure class=\"wp-block-image\"><img decoding=\"async\" src=\"https:\/\/www.diarioepoca.com\/content\/bucket\/6\/1443656w380h217c.jpg.webp\" alt=\"\"\/><\/figure>\n\n\n\n<p>Carlos Camuzzi, reconocido criador de ovejas de Santa Fe, sorprendi\u00f3 en la exposici\u00f3n de Riachuelo al presentar ejemplares de llamas junto a sus tradicionales reproductores ovinos. El criador, due\u00f1o de la caba\u00f1a El Destino en Vera y Pintado, combin\u00f3 en su stand la exhibici\u00f3n de ovejas Hampshire Down con estos ex\u00f3ticos cam\u00e9lidos, generando gran inter\u00e9s entre los visitantes.<\/p>\n\n\n\n<p>&#8220;Las llamas fueron la verdadera novedad en el predio&#8221;, admiti\u00f3 Camuzzi, quien explic\u00f3 que mientras en el Noroeste argentino se las utiliza para producci\u00f3n de fibra y carne, en su regi\u00f3n cumplen otro rol: &#8220;En nuestra zona funcionan como mascotas y guardianas de majadas. Son animales territoriales que protegen naturalmente a ovejas y cabras&#8221;.<\/p>\n\n\n\n<p>El productor detall\u00f3 las ventajas de estos cam\u00e9lidos: Manejo sencillo: &#8220;Requieren menos cuidados que las ovejas&#8221;, mas un doble prop\u00f3sito: Actualmente se enfoca en reproductores y mascotas, aunque destaca el potencial de su fibra, &#8220;de calidad espectacular&#8221; y tienen mucha adaptabilidad: conviven sin problemas con ganado ovino y funcionan como protecci\u00f3n.<\/p>\n\n\n\n<p>Respecto a su producci\u00f3n principal, Camuzzi sigue especializado en reproductores ovinos de elite, que presenta en ferias de todo el pa\u00eds. &#8220;Las exposiciones son nuestro mejor escaparate&#8221;, afirm\u00f3 mientras mostraba sus ejemplares Hampshire Down, conocidos por su calidad carnicera.<\/p>\n\n\n\n<p>Para conocer m\u00e1s sobre sus llamas mascotas o reproductores ovinos, los interesados pueden contactarlo a trav\u00e9s de sus redes sociales (@CarlosCamuzziCaba\u00f1aElDestino).<\/p>\n\n\n\n<p>Asimismo destac\u00f3 que las llamas ganan espacio como alternativa productiva en regiones no tradicionales y Santa Fe consolida su diversificaci\u00f3n ganadera, as\u00ed como Riachuelo se posiciona como vidriera de nuevas experiencias agropecuarias<\/p>\n","protected":false},"excerpt":{"rendered":"<p>Con m\u00e1s de 30 caba\u00f1as y fuerte presencia de firmas comerciales y la novedad de llamas en medio de ejemplares bovinos, ovinos y equinos, la Sociedad Rural local inaugur\u00f3 su&hellip; <\/p>\n","protected":false},"author":3,"featured_media":222445,"comment_status":"closed","ping_status":"open","sticky":false,"template":"","format":"standard","meta":{"footnotes":""},"categories":[1],"tags":[],"class_list":["post-222439","post","type-post","status-publish","format-standard","has-post-thumbnail","hentry","category-informacion-general"],"_links":{"self":[{"href":"https:\/\/corrientesdetarde.com\/index.php\/wp-json\/wp\/v2\/posts\/222439","targetHints":{"allow":["GET"]}}],"collection":[{"href":"https:\/\/corrientesdetarde.com\/index.php\/wp-json\/wp\/v2\/posts"}],"about":[{"href":"https:\/\/corrientesdetarde.com\/index.php\/wp-json\/wp\/v2\/types\/post"}],"author":[{"embeddable":true,"href":"https:\/\/corrientesdetarde.com\/index.php\/wp-json\/wp\/v2\/users\/3"}],"replies":[{"embeddable":true,"href":"https:\/\/corrientesdetarde.com\/index.php\/wp-json\/wp\/v2\/comments?post=222439"}],"version-history":[{"count":1,"href":"https:\/\/corrientesdetarde.com\/index.php\/wp-json\/wp\/v2\/posts\/222439\/revisions"}],"predecessor-version":[{"id":222471,"href":"https:\/\/corrientesdetarde.com\/index.php\/wp-json\/wp\/v2\/posts\/222439\/revisions\/222471"}],"wp:featuredmedia":[{"embeddable":true,"href":"https:\/\/corrientesdetarde.com\/index.php\/wp-json\/wp\/v2\/media\/222445"}],"wp:attachment":[{"href":"https:\/\/corrientesdetarde.com\/index.php\/wp-json\/wp\/v2\/media?parent=222439"}],"wp:term":[{"taxonomy":"category","embeddable":true,"href":"https:\/\/corrientesdetarde.com\/index.php\/wp-json\/wp\/v2\/categories?post=222439"},{"taxonomy":"post_tag","embeddable":true,"href":"https:\/\/corrientesdetarde.com\/index.php\/wp-json\/wp\/v2\/tags?post=222439"}],"curies":[{"name":"wp","href":"https:\/\/api.w.org\/{rel}","templated":true}]}}