{"id":222443,"date":"2025-08-15T09:00:24","date_gmt":"2025-08-15T12:00:24","guid":{"rendered":"https:\/\/corrientesdetarde.com\/?p=222443"},"modified":"2025-08-15T09:00:25","modified_gmt":"2025-08-15T12:00:25","slug":"facundo-coronel-queremos-recuperar-el-arte-del-buen-circo","status":"publish","type":"post","link":"https:\/\/corrientesdetarde.com\/index.php\/cultura\/facundo-coronel-queremos-recuperar-el-arte-del-buen-circo\/","title":{"rendered":"Facundo Coronel: &#8220;Queremos\u00a0recuperar el arte del buen circo&#8221;"},"content":{"rendered":"\n<p>Este fin de semana se levanta el tel\u00f3n circense con dos nuevas funciones. Esta tarde, adem\u00e1s ser\u00e1 solidario con entrada gratuita para ni\u00f1os de merenderos. &#8220;No hay nada m\u00e1s maravilloso que ver a los peques sonre\u00edr&#8221;, dijo el artista.<\/p>\n\n\n\n<p>Risas, m\u00fasica, malabares y mucha alegr\u00eda, todo esto es, como dicen un &#8220;planazo&#8221; para disfrutar hoy del feriado puente y ma\u00f1ana al brillo del &#8220;Circo de la Porota&#8221;, dos funciones familiares desde las 16hs en pase Windwood (San Juan 455). Adem\u00e1s, la funci\u00f3n de hoy tendr\u00e1 un costado solidario ya que Facundo Coronel, artista y productor del evento, ofrece entrada gratuita para los ni\u00f1os de merenderos de la ciudad. &nbsp;<\/p>\n\n\n\n<p>&#8220;El circo tiene una magia especia, no hay nada m\u00e1s maravilloso que ver a los peques sonre\u00edr&#8221;, refiri\u00f3 La Porota (Coronel), personaje central de este espect\u00e1culo circense que ya fue montado durante las vacaciones de invierno en las instalaciones del Club de Regatas con exitosas funciones. &#8220;Volvemos a subir al escenario, esta vez en un nuevo espacio, m\u00e1s chico pero muy lindo como es el paseo Windwood. Muchos nos pidieron volver con el circo, algunos que no lo pudieron disfrutar y otros que lo quieren volver a ver&#8221;, coment\u00f3 a \u00e9poca el artista y productor.<\/p>\n\n\n\n<p>La iniciativa surge adem\u00e1s con la intenci\u00f3n de mantener una funci\u00f3n de circo, un arte sano y familiar que pocas veces se puede disfrutar en la ciudad, ofreciendo a los chicos un entretenimiento sano. El espect\u00e1culo tiene todo eso lindo que ofrecen los circos, malabaristas, trapecistas, magia, personajes infantiles, m\u00fasica y humor. &#8220;Es un show que dura alrededor de una hora y media con 6 artistas en escena y un ambiente de alegr\u00eda para disfrutar con toda la familia&#8221;, adelant\u00f3 Coronel.<\/p>\n\n\n\n<p>Pero, adem\u00e1s, refiri\u00f3 que la producci\u00f3n es un trabajo independiente y familiar, hecho como se dice &#8220;a pulm\u00f3n&#8221; y con la intensi\u00f3n de proponer espacios de entretenimiento donde grandes y chicos puedan compartir el mismo show. &#8220;Para m\u00ed es una bendici\u00f3n poder montar este show, porque adem\u00e1s de hacer re\u00edr y divertir al p\u00fablico, trabajamos en familia en toda la producci\u00f3n&#8221;, coment\u00f3 Coronel y agreg\u00f3: &#8220;En el escenario me acompa\u00f1a mi hijo, conocido como &#8220;Chispita&#8221;, que hace acrobacias y otros trucos, me acompa\u00f1a mi mujer, mi hijo m\u00e1s peque\u00f1o, mi cu\u00f1ada, estamos todos, toda la familia trabajando para poder salir adelante y brindar un espect\u00e1culo muy lindo para el p\u00fablico de la regi\u00f3n&#8221;. &nbsp;&nbsp;<\/p>\n\n\n\n<p>El valor de las entradas es accesible de $5000 el acceso general y $8.000 para el sector VIP. Para m\u00e1s informaci\u00f3n o adquirir las entradas comunicarse al 3794 320612 o a las redes sociales @laporota_ oficial.<\/p>\n","protected":false},"excerpt":{"rendered":"<p>Este fin de semana se levanta el tel\u00f3n circense con dos nuevas funciones. Esta tarde, adem\u00e1s ser\u00e1 solidario con entrada gratuita para ni\u00f1os de merenderos. &#8220;No hay nada m\u00e1s maravilloso&hellip; <\/p>\n","protected":false},"author":3,"featured_media":222448,"comment_status":"closed","ping_status":"open","sticky":false,"template":"","format":"standard","meta":{"footnotes":""},"categories":[15],"tags":[],"class_list":["post-222443","post","type-post","status-publish","format-standard","has-post-thumbnail","hentry","category-cultura"],"_links":{"self":[{"href":"https:\/\/corrientesdetarde.com\/index.php\/wp-json\/wp\/v2\/posts\/222443","targetHints":{"allow":["GET"]}}],"collection":[{"href":"https:\/\/corrientesdetarde.com\/index.php\/wp-json\/wp\/v2\/posts"}],"about":[{"href":"https:\/\/corrientesdetarde.com\/index.php\/wp-json\/wp\/v2\/types\/post"}],"author":[{"embeddable":true,"href":"https:\/\/corrientesdetarde.com\/index.php\/wp-json\/wp\/v2\/users\/3"}],"replies":[{"embeddable":true,"href":"https:\/\/corrientesdetarde.com\/index.php\/wp-json\/wp\/v2\/comments?post=222443"}],"version-history":[{"count":1,"href":"https:\/\/corrientesdetarde.com\/index.php\/wp-json\/wp\/v2\/posts\/222443\/revisions"}],"predecessor-version":[{"id":222469,"href":"https:\/\/corrientesdetarde.com\/index.php\/wp-json\/wp\/v2\/posts\/222443\/revisions\/222469"}],"wp:featuredmedia":[{"embeddable":true,"href":"https:\/\/corrientesdetarde.com\/index.php\/wp-json\/wp\/v2\/media\/222448"}],"wp:attachment":[{"href":"https:\/\/corrientesdetarde.com\/index.php\/wp-json\/wp\/v2\/media?parent=222443"}],"wp:term":[{"taxonomy":"category","embeddable":true,"href":"https:\/\/corrientesdetarde.com\/index.php\/wp-json\/wp\/v2\/categories?post=222443"},{"taxonomy":"post_tag","embeddable":true,"href":"https:\/\/corrientesdetarde.com\/index.php\/wp-json\/wp\/v2\/tags?post=222443"}],"curies":[{"name":"wp","href":"https:\/\/api.w.org\/{rel}","templated":true}]}}