{"id":222457,"date":"2025-08-15T10:00:13","date_gmt":"2025-08-15T13:00:13","guid":{"rendered":"https:\/\/corrientesdetarde.com\/?p=222457"},"modified":"2025-08-15T10:00:20","modified_gmt":"2025-08-15T13:00:20","slug":"espana-quieren-levantar-una-escultura-de-un-toro-del-tamano-de-la-torre-eiffel","status":"publish","type":"post","link":"https:\/\/corrientesdetarde.com\/index.php\/internacionales\/espana-quieren-levantar-una-escultura-de-un-toro-del-tamano-de-la-torre-eiffel\/","title":{"rendered":"Espa\u00f1a: quieren levantar una escultura de un toro del tama\u00f1o de la torre Eiffel"},"content":{"rendered":"\n<p>El Molar, un pueblo cercano a Madrid, tiene la intenci\u00f3n de tener como atractivo tur\u00edstico una pieza de 300 metros de altura, que tendr\u00eda una gran vista panor\u00e1mica.<\/p>\n\n\n\n<p>El Molar, un pueblo que se ubica en la Comunidad de Madrid, en Espa\u00f1a, tiene la intenci\u00f3n de levantar una escultura con forma de toro bravo de 300 metros de altura, el mismo tama\u00f1o de la torre Eiffel, seg\u00fan informaron medios locales durante esta semana.<\/p>\n\n\n\n<p>Hasta el momento, m\u00e1s de treinta localidades y provincias, como Burgos o Guadalajara, se postularon para tener la gigantesca estatua, pero El Molar pic\u00f3 en punta.<\/p>\n\n\n\n<p><strong>\u00bfUn nuevo atractivo tur\u00edstico?<\/strong><\/p>\n\n\n\n<p>El particular monumento, que busca convertirse en el nuevo icono tur\u00edstico del pa\u00eds ib\u00e9rico, albergar\u00eda en sus pitones un mirador panor\u00e1mico con vistas a buena parte del centro peninsular, desde donde se podr\u00eda ver la Sierra de Guadarrama e incluso Guadalajara.<\/p>\n\n\n\n<p>La gigantesca escultura ocupar\u00eda diez hect\u00e1reas e ir\u00eda acompa\u00f1ada de una zona comercial con tem\u00e1tica taurina, incluyendo restaurantes y tiendas especializadas. En este contexto, el Ayuntamiento de la localidad expres\u00f3 su voluntad de ceder los terrenos necesarios para dicha iniciativa.<\/p>\n\n\n\n<p><strong>El &#8220;toro de Espa\u00f1a&#8221;<\/strong><\/p>\n\n\n\n<p>La propuesta, bautizada como &#8220;el toro de Espa\u00f1a&#8221;, fue impulsada por la Academia Espa\u00f1ola de Tauromaquia. &#8220;El toro ser\u00eda un punto de atracci\u00f3n que nadie olvidar\u00eda. Aporta identidad, cultura, originalidad y una oportunidad de posicionar a Espa\u00f1a en el mapa tur\u00edstico mundial con una imagen \u00fanica&#8221;, dijo Jorge \u00c1lvarez, presidente y fundador de la Academia Espa\u00f1ola de la Radio y director de Radio Espa\u00f1a.&nbsp;<\/p>\n\n\n\n<p>&#8220;Ni contra San Sebasti\u00e1n de los Reyes, al que le llaman la Pamplona chica, ni contra Colmenar Viejo, que tiene otra plaza muy importante. El Molar tiene potencial y el pueblo lo quiere, aunque hay gente que no, como los antitaurinos o animalistas&#8221;, ha explicado. Por ello, el responsable tur\u00edstico, y portavoz local de Vox, lamenta el clima de polarizaci\u00f3n: &#8220;Todo lo que venga de Vox se rechaza directamente, sin escucharlo. Est\u00e1 todo muy radicalizado. Por ejemplo, los parisinos no quer\u00edan la Torre Eiffel cuando se empez\u00f3 a construir, y mira ahora. Nos meter\u00eda un chute de turismo tremendo&#8221;.<\/p>\n","protected":false},"excerpt":{"rendered":"<p>El Molar, un pueblo cercano a Madrid, tiene la intenci\u00f3n de tener como atractivo tur\u00edstico una pieza de 300 metros de altura, que tendr\u00eda una gran vista panor\u00e1mica. El Molar,&hellip; <\/p>\n","protected":false},"author":3,"featured_media":222464,"comment_status":"closed","ping_status":"open","sticky":false,"template":"","format":"standard","meta":{"footnotes":""},"categories":[11],"tags":[],"class_list":["post-222457","post","type-post","status-publish","format-standard","has-post-thumbnail","hentry","category-internacionales"],"_links":{"self":[{"href":"https:\/\/corrientesdetarde.com\/index.php\/wp-json\/wp\/v2\/posts\/222457","targetHints":{"allow":["GET"]}}],"collection":[{"href":"https:\/\/corrientesdetarde.com\/index.php\/wp-json\/wp\/v2\/posts"}],"about":[{"href":"https:\/\/corrientesdetarde.com\/index.php\/wp-json\/wp\/v2\/types\/post"}],"author":[{"embeddable":true,"href":"https:\/\/corrientesdetarde.com\/index.php\/wp-json\/wp\/v2\/users\/3"}],"replies":[{"embeddable":true,"href":"https:\/\/corrientesdetarde.com\/index.php\/wp-json\/wp\/v2\/comments?post=222457"}],"version-history":[{"count":1,"href":"https:\/\/corrientesdetarde.com\/index.php\/wp-json\/wp\/v2\/posts\/222457\/revisions"}],"predecessor-version":[{"id":222497,"href":"https:\/\/corrientesdetarde.com\/index.php\/wp-json\/wp\/v2\/posts\/222457\/revisions\/222497"}],"wp:featuredmedia":[{"embeddable":true,"href":"https:\/\/corrientesdetarde.com\/index.php\/wp-json\/wp\/v2\/media\/222464"}],"wp:attachment":[{"href":"https:\/\/corrientesdetarde.com\/index.php\/wp-json\/wp\/v2\/media?parent=222457"}],"wp:term":[{"taxonomy":"category","embeddable":true,"href":"https:\/\/corrientesdetarde.com\/index.php\/wp-json\/wp\/v2\/categories?post=222457"},{"taxonomy":"post_tag","embeddable":true,"href":"https:\/\/corrientesdetarde.com\/index.php\/wp-json\/wp\/v2\/tags?post=222457"}],"curies":[{"name":"wp","href":"https:\/\/api.w.org\/{rel}","templated":true}]}}