{"id":222515,"date":"2025-08-15T16:30:00","date_gmt":"2025-08-15T19:30:00","guid":{"rendered":"https:\/\/corrientesdetarde.com\/?p=222515"},"modified":"2025-08-15T16:37:52","modified_gmt":"2025-08-15T19:37:52","slug":"wanda-nara-regreso-al-pais-y-un-detalle-llamo-la-atencion","status":"publish","type":"post","link":"https:\/\/corrientesdetarde.com\/index.php\/espectaculos\/wanda-nara-regreso-al-pais-y-un-detalle-llamo-la-atencion\/","title":{"rendered":"Wanda Nara regres\u00f3 al pa\u00eds y un detalle llam\u00f3 la atenci\u00f3n."},"content":{"rendered":"\n<h2 class=\"wp-block-heading\">La empresaria fue captada durante el regreso de su viaje a M\u00e9xico y un accesorio de su equipaje gener\u00f3 curiosidad entre los presentes.<\/h2>\n\n\n\n<p>Cada vez que <strong>Wanda Nara\u00a0pisa un aeropuerto<\/strong>, las c\u00e1maras la siguen. Esta vez, la medi\u00e1tica fue retratada en Ezeiza despu\u00e9s de cumplir con varios compromisos laborales en M\u00e9xico, pero un peque\u00f1o detalle en su equipaje no pas\u00f3 desapercibido.<\/p>\n\n\n\n<p>Entre sus valijas de lujo, una en particular llevaba una llamativa etiqueta roja con la palabra\u00a0<strong>\u201cPesado\u201d<\/strong>, colocada por la aerol\u00ednea debido a que superaba el peso permitido.<\/p>\n\n\n\n<p>El r\u00f3tulo, que<strong>&nbsp;suele usarse para bultos que exceden los l\u00edmites establecidos<\/strong>, gener\u00f3 comentarios en redes, donde muchos usuarios bromearon con&nbsp;<strong>la cantidad de outfits y accesorios que la empresaria podr\u00eda haber guardado en su interior<\/strong>.<\/p>\n\n\n\n<figure class=\"wp-block-image\"><img decoding=\"async\" src=\"https:\/\/tn.com.ar\/resizer\/v2\/wanda-nara-fue-fotografiada-en-el-aeropuerto-y-un-detalle-en-sus-valijas-llamo-la-atencion-foto-movilpress-IHNBM66FZJH4LI64YW67NIKCLE.JPG?auth=6ab5563259fa7e17fb002d5f934dd600627f9e46116ec6471e4775b01b8f01ea&amp;width=767\" alt=\"Wanda Nara fue fotografiada en el aeropuerto y un detalle en sus valijas llam\u00f3 la atenci\u00f3n (Foto: Movilpress)\"\/><figcaption class=\"wp-element-caption\">Wanda Nara fue fotografiada en el aeropuerto y un detalle en sus valijas llam\u00f3 la atenci\u00f3n (Foto: Movilpress)<\/figcaption><\/figure>\n\n\n\n<p>Despu\u00e9s de grabar la segunda temporada de&nbsp;<em>Love is blind<\/em>, la diva volvi\u00f3 al pa\u00eds y&nbsp;<strong>se mostr\u00f3 muy sonriente al responder todas las preguntas<\/strong>&nbsp;que le hicieron los cronistas que estaban esper\u00e1ndola.<\/p>\n\n\n\n<p>Sin pelos en la lengua, volvi\u00f3 a apuntar contra Mauro Icardi porque no pag\u00f3 la cobertura m\u00e9dica de sus hijas. Adem\u00e1s<strong>, asegur\u00f3 que las nenas todav\u00eda no van a viajar a Turqu\u00eda<\/strong>, ya que no estar\u00edan dadas las condiciones.<\/p>\n\n\n\n<figure class=\"wp-block-image\"><img decoding=\"async\" src=\"https:\/\/tn.com.ar\/resizer\/v2\/wanda-nara-con-sus-valijas-foto-movilpress-72JUHXCIRBAEHDRB44U32EY5F4.JPG?auth=5150b85886663d81f2ffdb7fe2a43715645b1786640e11d73e8deb8715ab21a9&amp;width=767\" alt=\"Wanda Nara con sus valijas (Foto: Movilpress)\"\/><figcaption class=\"wp-element-caption\">Wanda Nara con sus valijas (Foto: Movilpress)<\/figcaption><\/figure>\n\n\n\n<p>Por otra parte, dijo desconocer la versi\u00f3n de que\u00a0su mam\u00e1 le habr\u00eda robado el novio a la madre de Lola Bezerra.\u00a0En el plano amoroso,\u00a0<strong>desliz\u00f3 que un jugador de Boca -seg\u00fan los rumores, Ayrton Costa- todav\u00eda le manda mensajes<\/strong>\u00a0y volvi\u00f3 a decir que su v\u00ednculo con L-Gante se transform\u00f3 en una amistad. En ese sentido, remarc\u00f3 que no le interesa lo que puede decir Tamara B\u00e1ez sobre ella.<\/p>\n","protected":false},"excerpt":{"rendered":"<p>La empresaria fue captada durante el regreso de su viaje a M\u00e9xico y un accesorio de su equipaje gener\u00f3 curiosidad entre los presentes. Cada vez que Wanda Nara\u00a0pisa un aeropuerto,&hellip; <\/p>\n","protected":false},"author":6,"featured_media":222520,"comment_status":"closed","ping_status":"open","sticky":false,"template":"","format":"standard","meta":{"footnotes":""},"categories":[19],"tags":[],"class_list":["post-222515","post","type-post","status-publish","format-standard","has-post-thumbnail","hentry","category-espectaculos"],"_links":{"self":[{"href":"https:\/\/corrientesdetarde.com\/index.php\/wp-json\/wp\/v2\/posts\/222515","targetHints":{"allow":["GET"]}}],"collection":[{"href":"https:\/\/corrientesdetarde.com\/index.php\/wp-json\/wp\/v2\/posts"}],"about":[{"href":"https:\/\/corrientesdetarde.com\/index.php\/wp-json\/wp\/v2\/types\/post"}],"author":[{"embeddable":true,"href":"https:\/\/corrientesdetarde.com\/index.php\/wp-json\/wp\/v2\/users\/6"}],"replies":[{"embeddable":true,"href":"https:\/\/corrientesdetarde.com\/index.php\/wp-json\/wp\/v2\/comments?post=222515"}],"version-history":[{"count":1,"href":"https:\/\/corrientesdetarde.com\/index.php\/wp-json\/wp\/v2\/posts\/222515\/revisions"}],"predecessor-version":[{"id":222521,"href":"https:\/\/corrientesdetarde.com\/index.php\/wp-json\/wp\/v2\/posts\/222515\/revisions\/222521"}],"wp:featuredmedia":[{"embeddable":true,"href":"https:\/\/corrientesdetarde.com\/index.php\/wp-json\/wp\/v2\/media\/222520"}],"wp:attachment":[{"href":"https:\/\/corrientesdetarde.com\/index.php\/wp-json\/wp\/v2\/media?parent=222515"}],"wp:term":[{"taxonomy":"category","embeddable":true,"href":"https:\/\/corrientesdetarde.com\/index.php\/wp-json\/wp\/v2\/categories?post=222515"},{"taxonomy":"post_tag","embeddable":true,"href":"https:\/\/corrientesdetarde.com\/index.php\/wp-json\/wp\/v2\/tags?post=222515"}],"curies":[{"name":"wp","href":"https:\/\/api.w.org\/{rel}","templated":true}]}}