{"id":222534,"date":"2025-08-15T17:30:00","date_gmt":"2025-08-15T20:30:00","guid":{"rendered":"https:\/\/corrientesdetarde.com\/?p=222534"},"modified":"2025-08-15T17:38:04","modified_gmt":"2025-08-15T20:38:04","slug":"zaira-nara-cumplio-37-anos-con-una-sorpresa-en-bariloche","status":"publish","type":"post","link":"https:\/\/corrientesdetarde.com\/index.php\/espectaculos\/zaira-nara-cumplio-37-anos-con-una-sorpresa-en-bariloche\/","title":{"rendered":"Zaira Nara cumpli\u00f3 37 a\u00f1os con una sorpresa en Bariloche."},"content":{"rendered":"\n<h2 class=\"wp-block-heading\">La modelo celebr\u00f3 su d\u00eda especial en medio de la escapada de finde largo que hizo a la monta\u00f1a.<\/h2>\n\n\n\n<p><strong>Zaira Nara\u00a0celebr\u00f3 su cumplea\u00f1os n\u00famero 37<\/strong>\u00a0de una manera muy especial. Durante su estad\u00eda en Bariloche, una reconocida marca de cerveza con la que colabora decidi\u00f3 agasajarla con un detalle muy emotivo.<\/p>\n\n\n\n<p>Al llegar a su habitaci\u00f3n, la modelo se encontr\u00f3 con una ambientaci\u00f3n pensada hasta en el m\u00e1s m\u00ednimo detalle:\u00a0<strong>globos blancos y dorados<\/strong>, algunos flotando en el techo gracias al helio y sostenidos por cintas doradas de las que colgaban peque\u00f1as fotos tipo polaroid con distintos momentos de su carrera.<strong>\u00a0Entre la decoraci\u00f3n tambi\u00e9n hab\u00eda un ramo de flores amarillas<\/strong>\u00a0que aportaban un toque de calidez al lugar.<\/p>\n\n\n\n<figure class=\"wp-block-image size-large\"><img loading=\"lazy\" decoding=\"async\" width=\"767\" height=\"1024\" src=\"https:\/\/corrientesdetarde.com\/wp-content\/uploads\/2025\/08\/image-619-767x1024.png\" alt=\"\" class=\"wp-image-222540\" srcset=\"https:\/\/corrientesdetarde.com\/wp-content\/uploads\/2025\/08\/image-619-767x1024.png 767w, https:\/\/corrientesdetarde.com\/wp-content\/uploads\/2025\/08\/image-619-225x300.png 225w, https:\/\/corrientesdetarde.com\/wp-content\/uploads\/2025\/08\/image-619-768x1026.png 768w, https:\/\/corrientesdetarde.com\/wp-content\/uploads\/2025\/08\/image-619-1150x1536.png 1150w, https:\/\/corrientesdetarde.com\/wp-content\/uploads\/2025\/08\/image-619.png 1440w\" sizes=\"auto, (max-width: 767px) 100vw, 767px\" \/><\/figure>\n\n\n\n<p>La sorpresa incluy\u00f3 una torta blanca en forma de coraz\u00f3n con la inscripci\u00f3n&nbsp;<strong>\u201cLa reina lleva corona\u201d<\/strong>&nbsp;en letras negras, y como obsequio extra, la marca le dio una&nbsp;<strong>frapera llena de cervezas<\/strong>.<\/p>\n\n\n\n<figure class=\"wp-block-image\"><img decoding=\"async\" src=\"https:\/\/tn.com.ar\/resizer\/v2\/zaira-nara-festejo-sus-37-anos-en-bariloche-foto-prensa-LQ5P2IZ5ZFBFRCL5OYJYON45FQ.JPG?auth=81dbaae69b20e097a640f3ad9417c00f8455d246220a5b4e46b335c954966355&amp;width=767\" alt=\"Zaira Nara festej\u00f3 sus 37 a\u00f1os en Bariloche (Foto: Prensa)\"\/><figcaption class=\"wp-element-caption\">Zaira Nara festej\u00f3 sus 37 a\u00f1os en Bariloche (Foto: Prensa)<\/figcaption><\/figure>\n\n\n\n<p>Un momento gracioso de la velada fue que, al abrir la puerta y ver a varias personas esper\u00e1ndola,&nbsp;<strong>Zaira lanz\u00f3 un grito de susto antes de comenzar a re\u00edr<\/strong>&nbsp;y agradecer el tierno gesto a todos los que estaban con ella.<\/p>\n\n\n\n<figure class=\"wp-block-image\"><img decoding=\"async\" src=\"https:\/\/tn.com.ar\/resizer\/v2\/el-regalo-que-recibio-zaira-nara-en-bariloche-foto-prensa-CZXOL4WI7ZDA3EPK3MKCV4ZMIE.JPG?auth=8cfb29074796bbac3b7a67b9e5f28f9c0857efaf984c69d287bec7c497491330&amp;width=767\" alt=\"El regalo que recibi\u00f3 Zaira Nara en Bariloche (Foto: Prensa)\"\/><figcaption class=\"wp-element-caption\">El regalo que recibi\u00f3 Zaira Nara en Bariloche (Foto: Prensa)<\/figcaption><\/figure>\n\n\n\n<p>Adem\u00e1s, sobre la cama se exhib\u00edan m\u00e1s fotograf\u00edas instant\u00e1neas y un incre\u00edble collage de Zaira que recordaba distintas campa\u00f1as en las que fue protagonista a lo largo de los a\u00f1os. El gesto no solo sorprendi\u00f3 a la modelo, sino que<strong>&nbsp;tambi\u00e9n emocion\u00f3 a sus seguidores<\/strong>, quienes pudieron ver parte de la celebraci\u00f3n a trav\u00e9s de sus redes sociales.<\/p>\n","protected":false},"excerpt":{"rendered":"<p>La modelo celebr\u00f3 su d\u00eda especial en medio de la escapada de finde largo que hizo a la monta\u00f1a. Zaira Nara\u00a0celebr\u00f3 su cumplea\u00f1os n\u00famero 37\u00a0de una manera muy especial. Durante&hellip; <\/p>\n","protected":false},"author":6,"featured_media":222539,"comment_status":"closed","ping_status":"open","sticky":false,"template":"","format":"standard","meta":{"footnotes":""},"categories":[19],"tags":[],"class_list":["post-222534","post","type-post","status-publish","format-standard","has-post-thumbnail","hentry","category-espectaculos"],"_links":{"self":[{"href":"https:\/\/corrientesdetarde.com\/index.php\/wp-json\/wp\/v2\/posts\/222534","targetHints":{"allow":["GET"]}}],"collection":[{"href":"https:\/\/corrientesdetarde.com\/index.php\/wp-json\/wp\/v2\/posts"}],"about":[{"href":"https:\/\/corrientesdetarde.com\/index.php\/wp-json\/wp\/v2\/types\/post"}],"author":[{"embeddable":true,"href":"https:\/\/corrientesdetarde.com\/index.php\/wp-json\/wp\/v2\/users\/6"}],"replies":[{"embeddable":true,"href":"https:\/\/corrientesdetarde.com\/index.php\/wp-json\/wp\/v2\/comments?post=222534"}],"version-history":[{"count":1,"href":"https:\/\/corrientesdetarde.com\/index.php\/wp-json\/wp\/v2\/posts\/222534\/revisions"}],"predecessor-version":[{"id":222541,"href":"https:\/\/corrientesdetarde.com\/index.php\/wp-json\/wp\/v2\/posts\/222534\/revisions\/222541"}],"wp:featuredmedia":[{"embeddable":true,"href":"https:\/\/corrientesdetarde.com\/index.php\/wp-json\/wp\/v2\/media\/222539"}],"wp:attachment":[{"href":"https:\/\/corrientesdetarde.com\/index.php\/wp-json\/wp\/v2\/media?parent=222534"}],"wp:term":[{"taxonomy":"category","embeddable":true,"href":"https:\/\/corrientesdetarde.com\/index.php\/wp-json\/wp\/v2\/categories?post=222534"},{"taxonomy":"post_tag","embeddable":true,"href":"https:\/\/corrientesdetarde.com\/index.php\/wp-json\/wp\/v2\/tags?post=222534"}],"curies":[{"name":"wp","href":"https:\/\/api.w.org\/{rel}","templated":true}]}}