{"id":222536,"date":"2025-08-15T17:20:00","date_gmt":"2025-08-15T20:20:00","guid":{"rendered":"https:\/\/corrientesdetarde.com\/?p=222536"},"modified":"2025-08-15T17:35:49","modified_gmt":"2025-08-15T20:35:49","slug":"un-pais-europeo-se-postulo-para-volver-a-recibir-a-la-formula-1-a-partir-del-2027","status":"publish","type":"post","link":"https:\/\/corrientesdetarde.com\/index.php\/deportes\/un-pais-europeo-se-postulo-para-volver-a-recibir-a-la-formula-1-a-partir-del-2027\/","title":{"rendered":"Un pa\u00eds europeo se postul\u00f3 para volver a recibir a la F\u00f3rmula 1 a partir del 2027."},"content":{"rendered":"\n<h2 class=\"wp-block-heading\">El Primer Ministro de Portugal, Lu\u00eds Montenegro, revel\u00f3 el circuito de Portim\u00e3o podr\u00eda volver al campeonato de la m\u00e1xima categor\u00eda del automovilismo tras seis a\u00f1os de ausencia.<\/h2>\n\n\n\n<p>Portugal sue\u00f1a con volver a recibir la F\u00f3rmula 1, y todo apunta a que el regreso podr\u00eda concretarse en 2027. El Primer Ministro, Lu\u00eds Montenegro, expres\u00f3 su confianza en que el\u00a0<em><strong>Aut\u00f3dromo Internacional del Algarve<\/strong><\/em>, en Portim\u00e3o, vuelva a\u00a0formar parte del calendario de la m\u00e1xima\u00a0categor\u00eda del automovilismo.<\/p>\n\n\n\n<p>En un discurso durante la<em><strong>\u00a0Festa do Pontal<\/strong><\/em>\u2014acto pol\u00edtico de relanzamiento de su partido PSD\u2014, Montenegro prometi\u00f3 que el Gobierno har\u00e1<strong>\u00a0\u201ctodo lo posible\u201d\u00a0<\/strong>para que la carrera regrese:\u00a0<strong>\u201cSeguiremos haciendo nuestra contribuci\u00f3n gubernamental para estimular la actividad econ\u00f3mica en el Algarve, incluso en el sector tur\u00edstico\u201d<\/strong>, afirm\u00f3.<\/p>\n\n\n\n<p>El mandatario destac\u00f3 la importancia de los grandes eventos como motor de promoci\u00f3n nacional e internacional:\u00a0<strong>\u201cEstamos organizando MotoGP para 2025 y 2026, y puedo decir que tenemos todo listo para formalizar el regreso de la F\u00f3rmula 1 al Algarve en 2027\u201d<\/strong>, anunci\u00f3.<\/p>\n\n\n\n<p>\u201cEstos eventos implican un cierto esfuerzo financiero, pero el retorno que ofrecen, ya sea en promoci\u00f3n o en ingresos, merece la pena\u201d, remarc\u00f3 Montenegro. Si se concreta, el&nbsp;<em>Gran Premio de Portugal<\/em>&nbsp;<strong>marcar\u00eda el regreso de<\/strong><em><strong>&nbsp;Portim\u00e3o<\/strong><\/em><strong>&nbsp;al paddock seis a\u00f1os despu\u00e9s de su \u00faltima carrera.<\/strong><\/p>\n\n\n\n<p>El circuito de&nbsp;<em>Portim\u00e3o<\/em>, inaugurado en 2008,&nbsp;<strong>debut\u00f3 en la F\u00f3rmula 1 en plena pandemia, recibiendo dos ediciones consecutivas: en 2020 y 2021<\/strong>, ambas ganadas por Lewis Hamilton con Mercedes.<\/p>\n\n\n\n<p>Pese al entusiasmo del Gobierno, la&nbsp;<em>F\u00f3rmula 1&nbsp;<\/em>no ha confirmado todav\u00eda ning\u00fan acuerdo. De hecho, el calendario de 2026 fue cerrado en junio, sin la presencia de Portugal. No obstante,&nbsp;<strong>las autoridades lusas conf\u00edan en que las negociaciones avancen en los pr\u00f3ximos meses<\/strong>.<\/p>\n\n\n\n<h2 class=\"wp-block-heading\"><strong>Ediciones anteriores<\/strong><\/h2>\n\n\n\n<p><strong>Hasta ahora, Portugal ha sido sede en 18 ediciones de la F\u00f3rmula 1<\/strong>:<\/p>\n\n\n\n<p>La primera se disput\u00f3 en&nbsp;<strong>1958<\/strong>, con victoria de Stirling Moss en Oporto. Un a\u00f1o m\u00e1s tarde, la carrera se mud\u00f3 a Lisboa y en&nbsp;<strong>1960<\/strong>&nbsp;volvi\u00f3 a Oporto antes de desaparecer del calendario por m\u00e1s de dos d\u00e9cadas.<\/p>\n\n\n\n<p>El regreso m\u00e1s largo fue entre&nbsp;<strong>1984 y 1996<\/strong>, con el circuito de Estoril como sede fija.<\/p>\n\n\n\n<p>Tras otra ausencia de casi 25 a\u00f1os, el Gran Premio volvi\u00f3 a escena en&nbsp;<strong>2020 y 2021<\/strong>, esta vez en Portimao, con Lewis Hamilton como ganador.<\/p>\n","protected":false},"excerpt":{"rendered":"<p>El Primer Ministro de Portugal, Lu\u00eds Montenegro, revel\u00f3 el circuito de Portim\u00e3o podr\u00eda volver al campeonato de la m\u00e1xima categor\u00eda del automovilismo tras seis a\u00f1os de ausencia. Portugal sue\u00f1a con&hellip; <\/p>\n","protected":false},"author":6,"featured_media":222537,"comment_status":"closed","ping_status":"open","sticky":false,"template":"","format":"standard","meta":{"footnotes":""},"categories":[4],"tags":[],"class_list":["post-222536","post","type-post","status-publish","format-standard","has-post-thumbnail","hentry","category-deportes"],"_links":{"self":[{"href":"https:\/\/corrientesdetarde.com\/index.php\/wp-json\/wp\/v2\/posts\/222536","targetHints":{"allow":["GET"]}}],"collection":[{"href":"https:\/\/corrientesdetarde.com\/index.php\/wp-json\/wp\/v2\/posts"}],"about":[{"href":"https:\/\/corrientesdetarde.com\/index.php\/wp-json\/wp\/v2\/types\/post"}],"author":[{"embeddable":true,"href":"https:\/\/corrientesdetarde.com\/index.php\/wp-json\/wp\/v2\/users\/6"}],"replies":[{"embeddable":true,"href":"https:\/\/corrientesdetarde.com\/index.php\/wp-json\/wp\/v2\/comments?post=222536"}],"version-history":[{"count":1,"href":"https:\/\/corrientesdetarde.com\/index.php\/wp-json\/wp\/v2\/posts\/222536\/revisions"}],"predecessor-version":[{"id":222538,"href":"https:\/\/corrientesdetarde.com\/index.php\/wp-json\/wp\/v2\/posts\/222536\/revisions\/222538"}],"wp:featuredmedia":[{"embeddable":true,"href":"https:\/\/corrientesdetarde.com\/index.php\/wp-json\/wp\/v2\/media\/222537"}],"wp:attachment":[{"href":"https:\/\/corrientesdetarde.com\/index.php\/wp-json\/wp\/v2\/media?parent=222536"}],"wp:term":[{"taxonomy":"category","embeddable":true,"href":"https:\/\/corrientesdetarde.com\/index.php\/wp-json\/wp\/v2\/categories?post=222536"},{"taxonomy":"post_tag","embeddable":true,"href":"https:\/\/corrientesdetarde.com\/index.php\/wp-json\/wp\/v2\/tags?post=222536"}],"curies":[{"name":"wp","href":"https:\/\/api.w.org\/{rel}","templated":true}]}}